{"id":6664,"date":"2023-06-29T10:33:15","date_gmt":"2023-06-29T08:33:15","guid":{"rendered":"https:\/\/newweb.hospitalsagratcormartorell.org\/entre-tots\/?p=6664"},"modified":"2023-06-30T08:15:32","modified_gmt":"2023-06-30T06:15:32","slug":"setmana-cultural-2023-de-lsrc-de-berga","status":"publish","type":"post","link":"https:\/\/fundaciohospitalariesmartorell.org\/entre-tots\/2023\/06\/setmana-cultural-2023-de-lsrc-de-berga\/","title":{"rendered":"Clou amb \u00e8xit la Setmana Cultural 2023 de l\u2019SRC de Berga"},"content":{"rendered":"<figure class=\"wp-block-post-featured-image\"><img loading=\"lazy\" decoding=\"async\" width=\"826\" height=\"346\" src=\"https:\/\/fundaciohospitalariesmartorell.org\/entre-tots\/wp-content\/uploads\/2023\/06\/les-pors.jpg\" class=\"attachment-post-thumbnail size-post-thumbnail wp-post-image\" alt=\"\" style=\"object-fit:cover;\" \/><\/figure>\n\n\n<div class=\"wp-block-stackable-heading stk-block-heading stk-block-heading--v2 stk-block stk-ac8bb98\" id=\"montse-mas\" data-block-id=\"ac8bb98\"><style>.stk-ac8bb98{margin-bottom:0px !important}<\/style><h5 class=\"stk-block-heading__text\">Montse Mas<\/h5><\/div>\n\n\n\n<div class=\"wp-block-stackable-heading stk-block-heading stk-block-heading--v2 stk-block stk-29dfff5\" id=\"educadora-social-a-l-src-berga\" data-block-id=\"29dfff5\"><style>.stk-29dfff5 .stk-block-heading__text{color:var(--theme-palette-color-1,#8c124e) !important}<\/style><h6 class=\"stk-block-heading__text has-text-color\">Educadora Social a l\u2019SRC Berga<\/h6><\/div>\n\n\n\n<p>Ja fa m\u00e9s de 25 anys, nom\u00e9s interromputs pels dos anys de restriccions per la pand\u00e8mia, que des del Servei de Rehabilitaci\u00f3 Comunit\u00e0ria (SRC) de Berga organitzem la Setmana Cultural. Normalment la preparem pels voltant de la Patum, que ja es comen\u00e7a a gaudir del bon temps i hi ha ganes de fer altres activitats i canviar de les que hem estat fent tot l\u2019hivern.<\/p>\n\n\n\n<p>Com no podia ser d\u2019una altra manera, aquest any encara ens hi hem agafat amb m\u00e9s ganes, despr\u00e9s de dos anys de no fer-la, i hem allargat els actes a una setmana i mitja.<\/p>\n\n\n\n<p>Vam comen\u00e7ar el <strong>dilluns 22 de maig<\/strong>&nbsp; fent una visita guiada al local del Grup Horitz\u00f3 del Bergued\u00e0. All\u00ed ens van ensenyar els taller que tenen, les feines que s\u2019hi poden fer i la botiga de roba i objectes de segona m\u00e0. Vam visitar-lo, entre altres coses, perqu\u00e8 \u00e9s un centre on derivem moltes persones usu\u00e0ries que han estat a l\u2019SRC per fer un treball de voluntariat, i d\u2019aquesta manera ens donem a con\u00e8ixer com a grup i ells tamb\u00e9 ens coneixen una mica m\u00e9s a nosaltres. No cal dir que aquest dies tenien molta feina amb tot el que s\u00f3n objectes de Patum.<\/p>\n\n\n\n<figure class=\"wp-block-image size-full\"><img loading=\"lazy\" decoding=\"async\" width=\"661\" height=\"401\" src=\"https:\/\/hospitalsagratcormartorell.org\/entre-tots\/wp-content\/uploads\/2023\/06\/Grup-Horitzo_recortada.jpg\" alt=\"\" class=\"wp-image-6846\"\/><\/figure>\n\n\n\n<p><strong>Dimarts 23 de maig<\/strong>&nbsp; a la sala del Hospital de Dia (HD) vam fer una sessi\u00f3 molt animada de Musicoter\u00e0pia a c\u00e0rrec de Mariona Sagarra, cantant, compositora, comunicadora, mestra de cant i creadora del m\u00e8tode \u201cExpressi\u00f3 vocal terap\u00e8utica\u201d. Va ser un mat\u00ed molt profit\u00f3s i tots vam poder comprovar com la m\u00fasica, el cant i el moviment poden modificar, en aquest cas per millorar, el nostre estat d\u2019\u00e0nim. La Mariona ens va fer identificar amb uns <em>emojis<\/em> abans i despr\u00e9s de l\u2019activitat i podem dir que els resultats van parlar per si sols. Va ser un taller molt am\u00e8, on tothom va participar en la mesura que va poder, i ens agradaria que activitats com aquesta fossin m\u00e9s habituals en el nostre dia a dia.<\/p>\n\n\n\n<figure class=\"wp-block-image size-full\"><img loading=\"lazy\" decoding=\"async\" width=\"650\" height=\"322\" src=\"https:\/\/hospitalsagratcormartorell.org\/entre-tots\/wp-content\/uploads\/2023\/06\/musicoterpia1.jpg\" alt=\"\" class=\"wp-image-6674\"\/><\/figure>\n\n\n\n<p><strong>Dilluns 29 de maig<\/strong> a la sala de l\u2019HD, l\u2019activista cultural i poeta bergued\u00e0 Toni Gol i Roca ens va oferir la xerrada \u201cDescobrint la idiosincr\u00e0sia berguedana\u201d. Va ser interessant descobrir el que ens fa ser com som, com a col\u00b7lectiu d\u2019una zona determinada com \u00e9s el Bergued\u00e0, com ens emmotllem al clima, a la geografia, al territori, a la cultura, etc\u00e8tera. Tamb\u00e9 ens va parlar del nostre passat i de com hem arribat fins aqu\u00ed. \u00c9s interessant saber que com a poble tamb\u00e9 podem tenir una autoestima baixa que hem de treballar.<\/p>\n\n\n\n<figure class=\"wp-block-image size-full\"><img loading=\"lazy\" decoding=\"async\" width=\"718\" height=\"404\" src=\"https:\/\/hospitalsagratcormartorell.org\/entre-tots\/wp-content\/uploads\/2023\/06\/musicoterapia2.jpg\" alt=\"\" class=\"wp-image-6673\"\/><\/figure>\n\n\n\n<p><strong>Dimarts 30 de maig<\/strong> a la sala de l\u2019HD vam fer la xerrada sobre les pors a c\u00e0rrec d\u2019Isaac Cort\u00e8s, psic\u00f2leg i psicoterapeuta d\u2019infants, joves i adults i responsable del centre l\u2019Esfera Berga. Va ser una exposici\u00f3 que va interessar molt i que l\u2019Isaac va fer molt entenedora. Tamb\u00e9 va donar orientacions i idees de com es poden superar les pors posant-hi una mica de treball. Ens va explicar com s\u2019originaven en el nostre cervell, per qu\u00e8 ten\u00edem por, quins tipus de por pod\u00edem experimentar, com superar-les, etc.<\/p>\n\n\n\n<figure class=\"wp-block-image size-full\"><img loading=\"lazy\" decoding=\"async\" width=\"826\" height=\"346\" src=\"https:\/\/hospitalsagratcormartorell.org\/entre-tots\/wp-content\/uploads\/2023\/06\/les-pors.jpg\" alt=\"\" class=\"wp-image-6672\"\/><\/figure>\n\n\n\n<figure class=\"wp-block-image alignleft size-full is-resized\"><img loading=\"lazy\" decoding=\"async\" src=\"https:\/\/hospitalsagratcormartorell.org\/entre-tots\/wp-content\/uploads\/2023\/06\/Josep-Tristany.jpg\" alt=\"\" class=\"wp-image-6671\" width=\"356\" height=\"405\"\/><\/figure>\n\n\n\n<p><strong>Dimecres 31 de maig<\/strong>&nbsp;a la sala de l\u2019HD, com ja \u00e9s tradici\u00f3 convidem un professional de la casa per fer-li preguntes. Ho titulem \u201cPreguntes al professional\u201d i enguany li va tocar el torn a Josep Tristany, psic\u00f2leg cl\u00ednic i coordinador de l\u2019\u00c0rea de Rehabilitaci\u00f3 en Salut Mental a l\u2019Hospital Sagrat Cor. Les preguntes les preparem amb anterioritat en alguna assemblea i aquest any van ser del tipus: <em>Com veus el futur dels hospitals psiqui\u00e0trics? I dels recursos externs? Com seran? Com es gestionen les llistes d\u2019espera per entrar en una resid\u00e8ncia? Quines actituds o quins indicis us fan pensar que una persona est\u00e0 b\u00e9 o malament, als professionals? Ara es parla molt del su\u00efcidi, per qu\u00e8? Com has vist que canviava el perfil d\u2019usuari des que vas comen\u00e7ar a treballar fins a l\u2019actualitat? <\/em> El Josep va ser molt entenedor i proper.<\/p>\n\n\n\n<p><strong>Dijous 1 de juny<\/strong> vam fer el ja tradicional dinar de germanor al restaurant Tutxi de Berga.<\/p>\n\n\n\n<p><strong>Divendres 2 de juny<\/strong> al gimn\u00e0s del Casal C\u00edvic, \u201cEls beneficis del ioga per a la ment i les emocions\u201d, a c\u00e0rrec d\u2019Izel, professor de ioga a la casa La Resclosa de Gironella, que ja havia estat col\u00b7laborador amb l\u2019SRC, durant molt temps havia vingut a fer-nos classes de ioga desinteressadament un cop al mes. Hem gaudit d\u2019una activitat molt intensa, on ha cantat mantres i ha tocat diferents instruments que ajuden la meditaci\u00f3 i la concentraci\u00f3. Ens ha guiat amb diferents postures de ioga per alliberar tensions i ens ha explicat un conte hind\u00fa.<\/p>\n\n\n\n<figure class=\"wp-block-image size-full\"><img loading=\"lazy\" decoding=\"async\" width=\"850\" height=\"300\" src=\"https:\/\/hospitalsagratcormartorell.org\/entre-tots\/wp-content\/uploads\/2023\/06\/yoga.jpg\" alt=\"\" class=\"wp-image-6675\"\/><\/figure>\n\n\n\n<p>La valoraci\u00f3 de la setmana ha estat molt positiva i interessant, l\u2019any vinent esperem poder tornar a gaudir de noves activitats i xerrades que ens aportin coneixement, cultura i ganes d\u2019obrir-nos a coses noves.<\/p>\n","protected":false},"excerpt":{"rendered":"<p>Montse Mas Educadora Social a l\u2019SRC Berga Ja fa m\u00e9s de 25 anys, nom\u00e9s interromputs pels dos anys de restriccions per la pand\u00e8mia, que des del Servei de Rehabilitaci\u00f3 Comunit\u00e0ria (SRC) de Berga organitzem la Setmana Cultural. Normalment la preparem pels voltant de la Patum, que ja es comen\u00e7a a gaudir del bon temps i [&hellip;]<\/p>\n","protected":false},"author":2,"featured_media":6672,"comment_status":"closed","ping_status":"closed","sticky":false,"template":"","format":"standard","meta":{"footnotes":""},"categories":[27],"tags":[],"class_list":["post-6664","post","type-post","status-publish","format-standard","has-post-thumbnail","hentry","category-actualitat"],"blocksy_meta":{"styles_descriptor":{"styles":{"desktop":"","tablet":"","mobile":""},"google_fonts":[],"version":6}},"featured_image_urls_v2":{"full":["https:\/\/fundaciohospitalariesmartorell.org\/entre-tots\/wp-content\/uploads\/2023\/06\/les-pors.jpg",826,346,false],"thumbnail":["https:\/\/fundaciohospitalariesmartorell.org\/entre-tots\/wp-content\/uploads\/2023\/06\/les-pors.jpg",150,63,false],"medium":["https:\/\/fundaciohospitalariesmartorell.org\/entre-tots\/wp-content\/uploads\/2023\/06\/les-pors.jpg",300,126,false],"medium_large":["https:\/\/fundaciohospitalariesmartorell.org\/entre-tots\/wp-content\/uploads\/2023\/06\/les-pors.jpg",768,322,false],"large":["https:\/\/fundaciohospitalariesmartorell.org\/entre-tots\/wp-content\/uploads\/2023\/06\/les-pors.jpg",826,346,false],"1536x1536":["https:\/\/fundaciohospitalariesmartorell.org\/entre-tots\/wp-content\/uploads\/2023\/06\/les-pors.jpg",826,346,false],"2048x2048":["https:\/\/fundaciohospitalariesmartorell.org\/entre-tots\/wp-content\/uploads\/2023\/06\/les-pors.jpg",826,346,false],"mailpoet_newsletter_max":["https:\/\/fundaciohospitalariesmartorell.org\/entre-tots\/wp-content\/uploads\/2023\/06\/les-pors.jpg",826,346,false]},"post_excerpt_stackable_v2":"<p>Montse Mas Educadora Social a l\u2019SRC Berga Ja fa m\u00e9s de 25 anys, nom\u00e9s interromputs pels dos anys de restriccions per la pand\u00e8mia, que des del Servei de Rehabilitaci\u00f3 Comunit\u00e0ria (SRC) de Berga organitzem la Setmana Cultural. Normalment la preparem pels voltant de la Patum, que ja es comen\u00e7a a gaudir del bon temps i hi ha ganes de fer altres activitats i canviar de les que hem estat fent tot l\u2019hivern. Com no podia ser d\u2019una altra manera, aquest any encara ens hi hem agafat amb m\u00e9s ganes, despr\u00e9s de dos anys de no fer-la, i hem allargat els&hellip;<\/p>\n","category_list_v2":"<a href=\"https:\/\/fundaciohospitalariesmartorell.org\/entre-tots\/category\/actualitat\/\" rel=\"category tag\">ACTUALITAT<\/a>","author_info_v2":{"name":"Sagrat Cor","url":"https:\/\/fundaciohospitalariesmartorell.org\/entre-tots\/author\/daniel\/"},"comments_num_v2":"0 comments","_links":{"self":[{"href":"https:\/\/fundaciohospitalariesmartorell.org\/entre-tots\/wp-json\/wp\/v2\/posts\/6664","targetHints":{"allow":["GET"]}}],"collection":[{"href":"https:\/\/fundaciohospitalariesmartorell.org\/entre-tots\/wp-json\/wp\/v2\/posts"}],"about":[{"href":"https:\/\/fundaciohospitalariesmartorell.org\/entre-tots\/wp-json\/wp\/v2\/types\/post"}],"author":[{"embeddable":true,"href":"https:\/\/fundaciohospitalariesmartorell.org\/entre-tots\/wp-json\/wp\/v2\/users\/2"}],"replies":[{"embeddable":true,"href":"https:\/\/fundaciohospitalariesmartorell.org\/entre-tots\/wp-json\/wp\/v2\/comments?post=6664"}],"version-history":[{"count":8,"href":"https:\/\/fundaciohospitalariesmartorell.org\/entre-tots\/wp-json\/wp\/v2\/posts\/6664\/revisions"}],"predecessor-version":[{"id":6848,"href":"https:\/\/fundaciohospitalariesmartorell.org\/entre-tots\/wp-json\/wp\/v2\/posts\/6664\/revisions\/6848"}],"wp:featuredmedia":[{"embeddable":true,"href":"https:\/\/fundaciohospitalariesmartorell.org\/entre-tots\/wp-json\/wp\/v2\/media\/6672"}],"wp:attachment":[{"href":"https:\/\/fundaciohospitalariesmartorell.org\/entre-tots\/wp-json\/wp\/v2\/media?parent=6664"}],"wp:term":[{"taxonomy":"category","embeddable":true,"href":"https:\/\/fundaciohospitalariesmartorell.org\/entre-tots\/wp-json\/wp\/v2\/categories?post=6664"},{"taxonomy":"post_tag","embeddable":true,"href":"https:\/\/fundaciohospitalariesmartorell.org\/entre-tots\/wp-json\/wp\/v2\/tags?post=6664"}],"curies":[{"name":"wp","href":"https:\/\/api.w.org\/{rel}","templated":true}]}}