{"id":6681,"date":"2023-06-29T10:50:44","date_gmt":"2023-06-29T08:50:44","guid":{"rendered":"https:\/\/newweb.hospitalsagratcormartorell.org\/entre-tots\/?p=6681"},"modified":"2023-06-29T22:52:09","modified_gmt":"2023-06-29T20:52:09","slug":"els-serveis-datencio-pal-liativa-de-lhospital-sagrat-cor-compten-amb-la-figura-dun-psicooncoleg","status":"publish","type":"post","link":"https:\/\/fundaciohospitalariesmartorell.org\/entre-tots\/2023\/06\/els-serveis-datencio-pal-liativa-de-lhospital-sagrat-cor-compten-amb-la-figura-dun-psicooncoleg\/","title":{"rendered":"Els serveis d\u2019atenci\u00f3 pal.liativa de l\u2019Hospital Sagrat Cor compten amb la figura d\u2019un psicoonc\u00f2leg"},"content":{"rendered":"<figure class=\"wp-block-post-featured-image\"><img loading=\"lazy\" decoding=\"async\" width=\"3472\" height=\"3472\" src=\"https:\/\/fundaciohospitalariesmartorell.org\/entre-tots\/wp-content\/uploads\/2023\/06\/Dario-Gomez.jpg\" class=\"attachment-post-thumbnail size-post-thumbnail wp-post-image\" alt=\"\" style=\"object-fit:cover;\" \/><\/figure>\n\n\n<p>Els serveis d\u2019atenci\u00f3 pal\u00b7liativa de l\u2019Hospital Sagrat Cor, que comprenen la Unitat de Cures Pal\u00b7liatives, el PADES i l\u2019EAIA, compten, des de mitjan abril, amb la incorporaci\u00f3 a l\u2019equip assistencial de Dar\u00edo G\u00f3mez, psicoonc\u00f2leg i psic\u00f2leg expert en cures pal\u00b7liatives.&nbsp;<\/p>\n\n\n\n<p>\u201cEra una necessitat i suposa un valor afegit molt important a l\u2019atenci\u00f3 pal\u00b7liativa que s\u2019ofereix a persones amb malalties avan\u00e7ades del territori i les seves fam\u00edlies\u201d, afirma el doctor Santi Bernades, coordinador de l&#8217;\u00c0rea Sociosanit\u00e0ria del Centre. En aquest sentit, a la tasca que fins llavors desenvolupava un equip de professionals de medicina, infermeria i treball social s\u2019hi suma una figura que aporta un suport psicoemocional als i les pacients que t\u00e9 en compte els seus valors i prefer\u00e8ncies.&nbsp;<\/p>\n\n\n\n<p>A m\u00e9s, segons reconeix el mateix Dar\u00edo G\u00f3mez, el fet de comptar amb l&#8217;especialitzaci\u00f3 en psicooncologia i cures pal\u00b7liatives ens permet avan\u00e7ar-nos en un context on el temps \u00e9s fonamental.<\/p>\n\n\n\n<p>El psicoonc\u00f2leg que forma part de l\u2019equip d\u2019atenci\u00f3 pal\u00b7liativa de l\u2019Hospital Sagrat Cor \u00e9s un enamorat de la seva feina i afirma que se sent un privilegiat per poder estar present en un dels moments m\u00e9s importants en la vida de les persones, un moment de molta transcend\u00e8ncia. \u00a0<\/p>\n","protected":false},"excerpt":{"rendered":"<p>Els serveis d\u2019atenci\u00f3 pal\u00b7liativa de l\u2019Hospital Sagrat Cor, que comprenen la Unitat de Cures Pal\u00b7liatives, el PADES i l\u2019EAIA, compten, des de mitjan abril, amb la incorporaci\u00f3 a l\u2019equip assistencial de Dar\u00edo G\u00f3mez, psicoonc\u00f2leg i psic\u00f2leg expert en cures pal\u00b7liatives.&nbsp; \u201cEra una necessitat i suposa un valor afegit molt important a l\u2019atenci\u00f3 pal\u00b7liativa que s\u2019ofereix [&hellip;]<\/p>\n","protected":false},"author":2,"featured_media":6683,"comment_status":"closed","ping_status":"closed","sticky":false,"template":"","format":"standard","meta":{"footnotes":""},"categories":[27],"tags":[],"class_list":["post-6681","post","type-post","status-publish","format-standard","has-post-thumbnail","hentry","category-actualitat"],"blocksy_meta":{"styles_descriptor":{"styles":{"desktop":"","tablet":"","mobile":""},"google_fonts":[],"version":6}},"featured_image_urls_v2":{"full":["https:\/\/fundaciohospitalariesmartorell.org\/entre-tots\/wp-content\/uploads\/2023\/06\/Dario-Gomez.jpg",3472,3472,false],"thumbnail":["https:\/\/fundaciohospitalariesmartorell.org\/entre-tots\/wp-content\/uploads\/2023\/06\/Dario-Gomez.jpg",150,150,false],"medium":["https:\/\/fundaciohospitalariesmartorell.org\/entre-tots\/wp-content\/uploads\/2023\/06\/Dario-Gomez.jpg",300,300,false],"medium_large":["https:\/\/fundaciohospitalariesmartorell.org\/entre-tots\/wp-content\/uploads\/2023\/06\/Dario-Gomez.jpg",768,768,false],"large":["https:\/\/fundaciohospitalariesmartorell.org\/entre-tots\/wp-content\/uploads\/2023\/06\/Dario-Gomez.jpg",1024,1024,false],"1536x1536":["https:\/\/fundaciohospitalariesmartorell.org\/entre-tots\/wp-content\/uploads\/2023\/06\/Dario-Gomez.jpg",1536,1536,false],"2048x2048":["https:\/\/fundaciohospitalariesmartorell.org\/entre-tots\/wp-content\/uploads\/2023\/06\/Dario-Gomez.jpg",2048,2048,false],"mailpoet_newsletter_max":["https:\/\/fundaciohospitalariesmartorell.org\/entre-tots\/wp-content\/uploads\/2023\/06\/Dario-Gomez.jpg",1320,1320,false]},"post_excerpt_stackable_v2":"<p>Els serveis d\u2019atenci\u00f3 pal\u00b7liativa de l\u2019Hospital Sagrat Cor, que comprenen la Unitat de Cures Pal\u00b7liatives, el PADES i l\u2019EAIA, compten, des de mitjan abril, amb la incorporaci\u00f3 a l\u2019equip assistencial de Dar\u00edo G\u00f3mez, psicoonc\u00f2leg i psic\u00f2leg expert en cures pal\u00b7liatives.&nbsp; \u201cEra una necessitat i suposa un valor afegit molt important a l\u2019atenci\u00f3 pal\u00b7liativa que s\u2019ofereix a persones amb malalties avan\u00e7ades del territori i les seves fam\u00edlies\u201d, afirma el doctor Santi Bernades, coordinador de l&#8217;\u00c0rea Sociosanit\u00e0ria del Centre. En aquest sentit, a la tasca que fins llavors desenvolupava un equip de professionals de medicina, infermeria i treball social s\u2019hi suma una&hellip;<\/p>\n","category_list_v2":"<a href=\"https:\/\/fundaciohospitalariesmartorell.org\/entre-tots\/category\/actualitat\/\" rel=\"category tag\">ACTUALITAT<\/a>","author_info_v2":{"name":"Sagrat Cor","url":"https:\/\/fundaciohospitalariesmartorell.org\/entre-tots\/author\/daniel\/"},"comments_num_v2":"0 comments","_links":{"self":[{"href":"https:\/\/fundaciohospitalariesmartorell.org\/entre-tots\/wp-json\/wp\/v2\/posts\/6681","targetHints":{"allow":["GET"]}}],"collection":[{"href":"https:\/\/fundaciohospitalariesmartorell.org\/entre-tots\/wp-json\/wp\/v2\/posts"}],"about":[{"href":"https:\/\/fundaciohospitalariesmartorell.org\/entre-tots\/wp-json\/wp\/v2\/types\/post"}],"author":[{"embeddable":true,"href":"https:\/\/fundaciohospitalariesmartorell.org\/entre-tots\/wp-json\/wp\/v2\/users\/2"}],"replies":[{"embeddable":true,"href":"https:\/\/fundaciohospitalariesmartorell.org\/entre-tots\/wp-json\/wp\/v2\/comments?post=6681"}],"version-history":[{"count":2,"href":"https:\/\/fundaciohospitalariesmartorell.org\/entre-tots\/wp-json\/wp\/v2\/posts\/6681\/revisions"}],"predecessor-version":[{"id":6684,"href":"https:\/\/fundaciohospitalariesmartorell.org\/entre-tots\/wp-json\/wp\/v2\/posts\/6681\/revisions\/6684"}],"wp:featuredmedia":[{"embeddable":true,"href":"https:\/\/fundaciohospitalariesmartorell.org\/entre-tots\/wp-json\/wp\/v2\/media\/6683"}],"wp:attachment":[{"href":"https:\/\/fundaciohospitalariesmartorell.org\/entre-tots\/wp-json\/wp\/v2\/media?parent=6681"}],"wp:term":[{"taxonomy":"category","embeddable":true,"href":"https:\/\/fundaciohospitalariesmartorell.org\/entre-tots\/wp-json\/wp\/v2\/categories?post=6681"},{"taxonomy":"post_tag","embeddable":true,"href":"https:\/\/fundaciohospitalariesmartorell.org\/entre-tots\/wp-json\/wp\/v2\/tags?post=6681"}],"curies":[{"name":"wp","href":"https:\/\/api.w.org\/{rel}","templated":true}]}}