{"id":6685,"date":"2023-06-29T10:53:00","date_gmt":"2023-06-29T08:53:00","guid":{"rendered":"https:\/\/newweb.hospitalsagratcormartorell.org\/entre-tots\/?p=6685"},"modified":"2023-06-29T22:50:26","modified_gmt":"2023-06-29T20:50:26","slug":"jornada-dacollida-per-al-nou-personal-collaborador","status":"publish","type":"post","link":"https:\/\/fundaciohospitalariesmartorell.org\/entre-tots\/2023\/06\/jornada-dacollida-per-al-nou-personal-collaborador\/","title":{"rendered":"Jornada d\u2019acollida per al nou personal col.laborador"},"content":{"rendered":"<figure class=\"wp-block-post-featured-image\"><img loading=\"lazy\" decoding=\"async\" width=\"1378\" height=\"1033\" src=\"https:\/\/fundaciohospitalariesmartorell.org\/entre-tots\/wp-content\/uploads\/2023\/06\/JORNADA-ACOGIDA-2023_REDUCIDA.jpg\" class=\"attachment-post-thumbnail size-post-thumbnail wp-post-image\" alt=\"\" style=\"object-fit:cover;\" \/><\/figure>\n\n\n<p>Com \u00e9s habitual en aquestes dates, l\u2019Hospital Sagrat Cor va organitzar una jornada d\u2019acollida per al nou personal col\u00b7laborador. L\u2019acte, que va tenir lloc el dimarts 20 de juny, va servir per donar la benvinguda a 28 persones, tant noves incorporacions per donar cobertura durant el per\u00edode de vacances com d\u2019incorporaci\u00f3 recent durant el primer semestre del 2023, entre personal de les \u00c0rees d\u2019Infermeria i Psicologia i t\u00e8cnics especialistes.<\/p>\n\n\n\n<p>En aquesta ocasi\u00f3, l\u2019encarregada d\u2019obrir la jornada va ser la superiora del Centre, sor Isabel Bl\u00e1zquez, que va voler remarcar la necessitat de continuar aprenent. \u201cUs volem donar aquesta benvinguda plena d\u2019entusiasme perqu\u00e8 som en una escola i no hem d\u2019abandonar mai l\u2019actitud d\u2019aprenentatge\u201d. Sor Isabel Bl\u00e1zquez tamb\u00e9 va voler ressaltar la import\u00e0ncia de tots els llocs de treball, sense tenir en compte la categoria, i com n\u2019\u00e9s de b\u00e0sic fomentar les relacions entre totes les persones que formen part de l\u2019Hospital, tant si s\u00f3n personal m\u00e8dic, d\u2019infermeria o de neteja, entre d\u2019altres.<\/p>\n\n\n\n<figure class=\"wp-block-image size-full\"><img loading=\"lazy\" decoding=\"async\" width=\"1600\" height=\"1200\" src=\"https:\/\/hospitalsagratcormartorell.org\/entre-tots\/wp-content\/uploads\/2023\/06\/57fee353-4ae3-4c5f-85bb-6ad6ba81d09f.jpeg\" alt=\"\" class=\"wp-image-6692\"\/><\/figure>\n\n\n\n<p>\u201cLes germanes que formem aquesta comunitat tenim una regla, la regla del treball, i volem fer el b\u00e9 ben fet, quelcom en qu\u00e8 tothom pot participar\u201d, va insistir la superiora. Tamb\u00e9 va recordar com el papa Francesc, el passat 1 de maig, Dia Internacional del Treball, incidia en la import\u00e0ncia d\u2019un treball just i estable, per\u00f2 sobretot just. \u201cAqu\u00ed veniu a treballar, a donar tot el que teniu i a aprendre\u201d, va afegir sor Isabel Bl\u00e1zquez, que tamb\u00e9 va recon\u00e8ixer que, malgrat la duresa de la feina, espera i desitja que tots els nous professionals, quan acabin la jornada, puguin tornar a casa satisfets.<\/p>\n\n\n\n<p>La jornada tamb\u00e9 va comptar amb la participaci\u00f3 del Servei de Pastoral Espiritual i Religiosa\u00a0(PAER), l&#8217;\u00c0rea de Persones i la Coordinaci\u00f3 d&#8217;Infermeria i Bugaderia. Aix\u00ed, els assistents van poder con\u00e8ixer la hist\u00f2ria,\u00a0missi\u00f3 i valors de la Congregaci\u00f3, la seva pres\u00e8ncia als diferents pa\u00efsos, aix\u00ed com altres aspectes identitaris i organitzatius de\u00a0Germanes Hospital\u00e0ries i del Centre.<\/p>\n\n\n\n<figure class=\"wp-block-image size-full\"><img loading=\"lazy\" decoding=\"async\" width=\"1600\" height=\"1200\" src=\"https:\/\/hospitalsagratcormartorell.org\/entre-tots\/wp-content\/uploads\/2023\/06\/eb97d5dc-144a-4964-a690-24fb5c692c5b.jpeg\" alt=\"\" class=\"wp-image-6696\"\/><\/figure>\n","protected":false},"excerpt":{"rendered":"<p>Com \u00e9s habitual en aquestes dates, l\u2019Hospital Sagrat Cor va organitzar una jornada d\u2019acollida per al nou personal col\u00b7laborador. L\u2019acte, que va tenir lloc el dimarts 20 de juny, va servir per donar la benvinguda a 28 persones, tant noves incorporacions per donar cobertura durant el per\u00edode de vacances com d\u2019incorporaci\u00f3 recent durant el primer [&hellip;]<\/p>\n","protected":false},"author":2,"featured_media":6699,"comment_status":"closed","ping_status":"closed","sticky":false,"template":"","format":"standard","meta":{"footnotes":""},"categories":[27],"tags":[],"class_list":["post-6685","post","type-post","status-publish","format-standard","has-post-thumbnail","hentry","category-actualitat"],"blocksy_meta":{"styles_descriptor":{"styles":{"desktop":"","tablet":"","mobile":""},"google_fonts":[],"version":6}},"featured_image_urls_v2":{"full":["https:\/\/fundaciohospitalariesmartorell.org\/entre-tots\/wp-content\/uploads\/2023\/06\/JORNADA-ACOGIDA-2023_REDUCIDA.jpg",1378,1033,false],"thumbnail":["https:\/\/fundaciohospitalariesmartorell.org\/entre-tots\/wp-content\/uploads\/2023\/06\/JORNADA-ACOGIDA-2023_REDUCIDA.jpg",150,112,false],"medium":["https:\/\/fundaciohospitalariesmartorell.org\/entre-tots\/wp-content\/uploads\/2023\/06\/JORNADA-ACOGIDA-2023_REDUCIDA.jpg",300,225,false],"medium_large":["https:\/\/fundaciohospitalariesmartorell.org\/entre-tots\/wp-content\/uploads\/2023\/06\/JORNADA-ACOGIDA-2023_REDUCIDA.jpg",768,576,false],"large":["https:\/\/fundaciohospitalariesmartorell.org\/entre-tots\/wp-content\/uploads\/2023\/06\/JORNADA-ACOGIDA-2023_REDUCIDA.jpg",1024,768,false],"1536x1536":["https:\/\/fundaciohospitalariesmartorell.org\/entre-tots\/wp-content\/uploads\/2023\/06\/JORNADA-ACOGIDA-2023_REDUCIDA.jpg",1378,1033,false],"2048x2048":["https:\/\/fundaciohospitalariesmartorell.org\/entre-tots\/wp-content\/uploads\/2023\/06\/JORNADA-ACOGIDA-2023_REDUCIDA.jpg",1378,1033,false],"mailpoet_newsletter_max":["https:\/\/fundaciohospitalariesmartorell.org\/entre-tots\/wp-content\/uploads\/2023\/06\/JORNADA-ACOGIDA-2023_REDUCIDA.jpg",1320,990,false]},"post_excerpt_stackable_v2":"<p>Com \u00e9s habitual en aquestes dates, l\u2019Hospital Sagrat Cor va organitzar una jornada d\u2019acollida per al nou personal col\u00b7laborador. L\u2019acte, que va tenir lloc el dimarts 20 de juny, va servir per donar la benvinguda a 28 persones, tant noves incorporacions per donar cobertura durant el per\u00edode de vacances com d\u2019incorporaci\u00f3 recent durant el primer semestre del 2023, entre personal de les \u00c0rees d\u2019Infermeria i Psicologia i t\u00e8cnics especialistes. En aquesta ocasi\u00f3, l\u2019encarregada d\u2019obrir la jornada va ser la superiora del Centre, sor Isabel Bl\u00e1zquez, que va voler remarcar la necessitat de continuar aprenent. \u201cUs volem donar aquesta benvinguda plena&hellip;<\/p>\n","category_list_v2":"<a href=\"https:\/\/fundaciohospitalariesmartorell.org\/entre-tots\/category\/actualitat\/\" rel=\"category tag\">ACTUALITAT<\/a>","author_info_v2":{"name":"Sagrat Cor","url":"https:\/\/fundaciohospitalariesmartorell.org\/entre-tots\/author\/daniel\/"},"comments_num_v2":"0 comments","_links":{"self":[{"href":"https:\/\/fundaciohospitalariesmartorell.org\/entre-tots\/wp-json\/wp\/v2\/posts\/6685","targetHints":{"allow":["GET"]}}],"collection":[{"href":"https:\/\/fundaciohospitalariesmartorell.org\/entre-tots\/wp-json\/wp\/v2\/posts"}],"about":[{"href":"https:\/\/fundaciohospitalariesmartorell.org\/entre-tots\/wp-json\/wp\/v2\/types\/post"}],"author":[{"embeddable":true,"href":"https:\/\/fundaciohospitalariesmartorell.org\/entre-tots\/wp-json\/wp\/v2\/users\/2"}],"replies":[{"embeddable":true,"href":"https:\/\/fundaciohospitalariesmartorell.org\/entre-tots\/wp-json\/wp\/v2\/comments?post=6685"}],"version-history":[{"count":5,"href":"https:\/\/fundaciohospitalariesmartorell.org\/entre-tots\/wp-json\/wp\/v2\/posts\/6685\/revisions"}],"predecessor-version":[{"id":6827,"href":"https:\/\/fundaciohospitalariesmartorell.org\/entre-tots\/wp-json\/wp\/v2\/posts\/6685\/revisions\/6827"}],"wp:featuredmedia":[{"embeddable":true,"href":"https:\/\/fundaciohospitalariesmartorell.org\/entre-tots\/wp-json\/wp\/v2\/media\/6699"}],"wp:attachment":[{"href":"https:\/\/fundaciohospitalariesmartorell.org\/entre-tots\/wp-json\/wp\/v2\/media?parent=6685"}],"wp:term":[{"taxonomy":"category","embeddable":true,"href":"https:\/\/fundaciohospitalariesmartorell.org\/entre-tots\/wp-json\/wp\/v2\/categories?post=6685"},{"taxonomy":"post_tag","embeddable":true,"href":"https:\/\/fundaciohospitalariesmartorell.org\/entre-tots\/wp-json\/wp\/v2\/tags?post=6685"}],"curies":[{"name":"wp","href":"https:\/\/api.w.org\/{rel}","templated":true}]}}