{"id":6701,"date":"2023-06-29T11:06:18","date_gmt":"2023-06-29T09:06:18","guid":{"rendered":"https:\/\/newweb.hospitalsagratcormartorell.org\/entre-tots\/?p=6701"},"modified":"2023-06-29T22:50:04","modified_gmt":"2023-06-29T20:50:04","slug":"formem-en-cures-palliatives-una-metgessa-dequador","status":"publish","type":"post","link":"https:\/\/fundaciohospitalariesmartorell.org\/entre-tots\/2023\/06\/formem-en-cures-palliatives-una-metgessa-dequador\/","title":{"rendered":"Formem en cures pal.liatives una metgessa d\u2019Equador"},"content":{"rendered":"<figure class=\"wp-block-post-featured-image\"><img loading=\"lazy\" decoding=\"async\" width=\"1574\" height=\"1600\" src=\"https:\/\/fundaciohospitalariesmartorell.org\/entre-tots\/wp-content\/uploads\/2023\/06\/Cristina-Galiano_2.jpg\" class=\"attachment-post-thumbnail size-post-thumbnail wp-post-image\" alt=\"\" style=\"object-fit:cover;\" \/><\/figure>\n\n\n<p>Arran del conveni de col\u00b7laboraci\u00f3 per a la formaci\u00f3 de personal m\u00e8dic i d\u2019infermeria al nostre Centre en cures pal\u00b7liatives i oncologia, signat el juny de 2022, entre l\u2019Hospital Sagrat Cor i <a href=\"mailto:https:\/\/paliativossinfronteras.org\/\">Paliativos Sin Fronteras<\/a>, una ONG sanit\u00e0ria que treballa per ajudar a millorar la formaci\u00f3 a professionals de pa\u00efsos del tercer m\u00f3n, hem format, des de principis del mes de maig i fins a finals de juny, la doctora Cristina Galiano, origin\u00e0ria de l\u2019Equador.<\/p>\n\n\n\n<p>Els mesos que la Dra. Galiano ha estat fent pr\u00e0ctiques a l\u2019Hospital Sagrat Cor ha rotat pels diferents serveis: la Unitat de Cures Pal\u00b7liatives, el PADES i l\u2019EAIA. \u201cSom referents al territori en atenci\u00f3 pal\u00b7liativa i el fet de poder disposar de tots aquests recursos afavoreix el cont\u00ednuum assistencial, un gran valor afegit per a pacients i fam\u00edlies\u201d, destaca el doctor Santi Bernades, coordinador de l\u2019\u00c0rea Sociosanit\u00e0ria de l\u2019Hospital Sagrat Cor.<\/p>\n\n\n\n<p>La Dra. Cristina Galiano, que ja est\u00e0 cursant el 2n any de l\u2019especialitat en cures pal\u00b7liatives a l\u2019Equador, es mostra encantada del temps que ha estat treballant al nostre Centre, del bon tracte rebut i de tots els coneixements apresos. Explica que a l\u2019Equador hi ha un grau de coneixement insuficient en cures pal\u00b7liatives i tractament del dolor. \u201cCrec que \u00e9s essencial aprendre qu\u00e8 m\u00e9s podem fer per als i les pacients en fase avan\u00e7ada i les seves fam\u00edlies perqu\u00e8 el temps que els queda de vida sigui de qualitat\u201d, assenyala.<\/p>\n\n\n\n<p>Aix\u00ed mateix, posa en valor el fet de poder comptar amb un equip multidisciplinari que permeti oferir una atenci\u00f3 integral als i les pacients. \u201c\u00c9s clau la col\u00b7laboraci\u00f3 de diversos professionals si es vol oferir aquest plus de qualitat a la persona atesa, \u00e9s a dir, que tot el pes de l\u2019atenci\u00f3 no recaigui en el metge o metgessa, sin\u00f3, tamb\u00e9, en el personal d\u2019infermeria, de treball social, psicooncologia&#8230;\u201d, afirma.<\/p>\n\n\n\n<p>Durant el temps que ha estat a l\u2019Hospital Sagrat Cor, la Dra. Galiano ha viscut a la comunitat de Germanes i s\u2019ha sentit, en tot moment, part de l\u2019equip de cures pal\u00b7liatives del Centre.<\/p>\n\n\n\n<p><strong>Ajudar al bon morir<\/strong><\/p>\n\n\n\n<p>Una vegada va acabar la carrera de medicina l\u2019any 2014, la doctora Cristina Galiano va treballar a un lloc semblant a una UCI. Volia ser traumat\u00f2loga. Tanmateix, durant la pand\u00e8mia, va presenciar la mort de molts pacients en solitud i amb patiment i llavors va decidir que volia ajudar la gent al bon morir. Just llavors es va crear el postgrau en cures pal\u00b7liatives a Quito i ella forma part de la primera promoci\u00f3 de metges formats en aquesta especialitat.<\/p>\n","protected":false},"excerpt":{"rendered":"<p>Arran del conveni de col\u00b7laboraci\u00f3 per a la formaci\u00f3 de personal m\u00e8dic i d\u2019infermeria al nostre Centre en cures pal\u00b7liatives i oncologia, signat el juny de 2022, entre l\u2019Hospital Sagrat Cor i Paliativos Sin Fronteras, una ONG sanit\u00e0ria que treballa per ajudar a millorar la formaci\u00f3 a professionals de pa\u00efsos del tercer m\u00f3n, hem format, [&hellip;]<\/p>\n","protected":false},"author":2,"featured_media":6703,"comment_status":"closed","ping_status":"closed","sticky":false,"template":"","format":"standard","meta":{"footnotes":""},"categories":[27],"tags":[],"class_list":["post-6701","post","type-post","status-publish","format-standard","has-post-thumbnail","hentry","category-actualitat"],"blocksy_meta":{"styles_descriptor":{"styles":{"desktop":"","tablet":"","mobile":""},"google_fonts":[],"version":6}},"featured_image_urls_v2":{"full":["https:\/\/fundaciohospitalariesmartorell.org\/entre-tots\/wp-content\/uploads\/2023\/06\/Cristina-Galiano_2.jpg",1574,1600,false],"thumbnail":["https:\/\/fundaciohospitalariesmartorell.org\/entre-tots\/wp-content\/uploads\/2023\/06\/Cristina-Galiano_2.jpg",148,150,false],"medium":["https:\/\/fundaciohospitalariesmartorell.org\/entre-tots\/wp-content\/uploads\/2023\/06\/Cristina-Galiano_2.jpg",295,300,false],"medium_large":["https:\/\/fundaciohospitalariesmartorell.org\/entre-tots\/wp-content\/uploads\/2023\/06\/Cristina-Galiano_2.jpg",768,781,false],"large":["https:\/\/fundaciohospitalariesmartorell.org\/entre-tots\/wp-content\/uploads\/2023\/06\/Cristina-Galiano_2.jpg",1007,1024,false],"1536x1536":["https:\/\/fundaciohospitalariesmartorell.org\/entre-tots\/wp-content\/uploads\/2023\/06\/Cristina-Galiano_2.jpg",1511,1536,false],"2048x2048":["https:\/\/fundaciohospitalariesmartorell.org\/entre-tots\/wp-content\/uploads\/2023\/06\/Cristina-Galiano_2.jpg",1574,1600,false],"mailpoet_newsletter_max":["https:\/\/fundaciohospitalariesmartorell.org\/entre-tots\/wp-content\/uploads\/2023\/06\/Cristina-Galiano_2.jpg",1320,1342,false]},"post_excerpt_stackable_v2":"<p>Arran del conveni de col\u00b7laboraci\u00f3 per a la formaci\u00f3 de personal m\u00e8dic i d\u2019infermeria al nostre Centre en cures pal\u00b7liatives i oncologia, signat el juny de 2022, entre l\u2019Hospital Sagrat Cor i Paliativos Sin Fronteras, una ONG sanit\u00e0ria que treballa per ajudar a millorar la formaci\u00f3 a professionals de pa\u00efsos del tercer m\u00f3n, hem format, des de principis del mes de maig i fins a finals de juny, la doctora Cristina Galiano, origin\u00e0ria de l\u2019Equador. Els mesos que la Dra. Galiano ha estat fent pr\u00e0ctiques a l\u2019Hospital Sagrat Cor ha rotat pels diferents serveis: la Unitat de Cures Pal\u00b7liatives, el&hellip;<\/p>\n","category_list_v2":"<a href=\"https:\/\/fundaciohospitalariesmartorell.org\/entre-tots\/category\/actualitat\/\" rel=\"category tag\">ACTUALITAT<\/a>","author_info_v2":{"name":"Sagrat Cor","url":"https:\/\/fundaciohospitalariesmartorell.org\/entre-tots\/author\/daniel\/"},"comments_num_v2":"0 comments","_links":{"self":[{"href":"https:\/\/fundaciohospitalariesmartorell.org\/entre-tots\/wp-json\/wp\/v2\/posts\/6701","targetHints":{"allow":["GET"]}}],"collection":[{"href":"https:\/\/fundaciohospitalariesmartorell.org\/entre-tots\/wp-json\/wp\/v2\/posts"}],"about":[{"href":"https:\/\/fundaciohospitalariesmartorell.org\/entre-tots\/wp-json\/wp\/v2\/types\/post"}],"author":[{"embeddable":true,"href":"https:\/\/fundaciohospitalariesmartorell.org\/entre-tots\/wp-json\/wp\/v2\/users\/2"}],"replies":[{"embeddable":true,"href":"https:\/\/fundaciohospitalariesmartorell.org\/entre-tots\/wp-json\/wp\/v2\/comments?post=6701"}],"version-history":[{"count":3,"href":"https:\/\/fundaciohospitalariesmartorell.org\/entre-tots\/wp-json\/wp\/v2\/posts\/6701\/revisions"}],"predecessor-version":[{"id":6826,"href":"https:\/\/fundaciohospitalariesmartorell.org\/entre-tots\/wp-json\/wp\/v2\/posts\/6701\/revisions\/6826"}],"wp:featuredmedia":[{"embeddable":true,"href":"https:\/\/fundaciohospitalariesmartorell.org\/entre-tots\/wp-json\/wp\/v2\/media\/6703"}],"wp:attachment":[{"href":"https:\/\/fundaciohospitalariesmartorell.org\/entre-tots\/wp-json\/wp\/v2\/media?parent=6701"}],"wp:term":[{"taxonomy":"category","embeddable":true,"href":"https:\/\/fundaciohospitalariesmartorell.org\/entre-tots\/wp-json\/wp\/v2\/categories?post=6701"},{"taxonomy":"post_tag","embeddable":true,"href":"https:\/\/fundaciohospitalariesmartorell.org\/entre-tots\/wp-json\/wp\/v2\/tags?post=6701"}],"curies":[{"name":"wp","href":"https:\/\/api.w.org\/{rel}","templated":true}]}}