{"id":6705,"date":"2023-06-29T11:09:36","date_gmt":"2023-06-29T09:09:36","guid":{"rendered":"https:\/\/newweb.hospitalsagratcormartorell.org\/entre-tots\/?p=6705"},"modified":"2023-06-30T08:03:36","modified_gmt":"2023-06-30T06:03:36","slug":"gran-exit-de-la-celebracio-de-la-festivitat-del-sagrat-cor-de-jesus","status":"publish","type":"post","link":"https:\/\/fundaciohospitalariesmartorell.org\/entre-tots\/2023\/06\/gran-exit-de-la-celebracio-de-la-festivitat-del-sagrat-cor-de-jesus\/","title":{"rendered":"Gran \u00e8xit de la celebraci\u00f3 de la Festivitat del Sagrat Cor de Jes\u00fas"},"content":{"rendered":"<figure class=\"wp-block-post-featured-image\"><img loading=\"lazy\" decoding=\"async\" width=\"1080\" height=\"596\" src=\"https:\/\/fundaciohospitalariesmartorell.org\/entre-tots\/wp-content\/uploads\/2023\/06\/DSC7341_2.jpg\" class=\"attachment-post-thumbnail size-post-thumbnail wp-post-image\" alt=\"\" style=\"object-fit:cover;\" \/><\/figure>\n\n\n<figure class=\"wp-block-image size-full\"><img loading=\"lazy\" decoding=\"async\" width=\"2048\" height=\"1152\" src=\"https:\/\/hospitalsagratcormartorell.org\/entre-tots\/wp-content\/uploads\/2023\/06\/OFRENDA-FLORAL_04.jpeg\" alt=\"\" class=\"wp-image-6718\"\/><\/figure>\n\n\n\n<figure class=\"wp-block-gallery has-nested-images columns-default is-cropped wp-block-gallery-1 is-layout-flex wp-block-gallery-is-layout-flex\">\n<figure class=\"wp-block-image size-large\"><img loading=\"lazy\" decoding=\"async\" width=\"2048\" height=\"1536\" data-id=\"6712\" src=\"https:\/\/hospitalsagratcormartorell.org\/entre-tots\/wp-content\/uploads\/2023\/06\/CORAL-MASQUEFA.jpeg\" alt=\"\" class=\"wp-image-6712\"\/><\/figure>\n\n\n\n<figure class=\"wp-block-image size-large\"><img loading=\"lazy\" decoding=\"async\" width=\"1920\" height=\"1080\" data-id=\"6713\" src=\"https:\/\/hospitalsagratcormartorell.org\/entre-tots\/wp-content\/uploads\/2023\/06\/EUCARISTIA_01.jpeg\" alt=\"\" class=\"wp-image-6713\"\/><\/figure>\n<\/figure>\n\n\n\n<p>El 16 de juny va tenir lloc la Festivitat del Sagrat Cor de Jes\u00fas, patr\u00f3 de l&#8217;Hospital. \u00c9s una celebraci\u00f3 molt important per al Centre, en qu\u00e8 els pacients, el personal col\u00b7laborador de tots els dispositius assistencials i les germanes participen amb il\u00b7lusi\u00f3. Aquest any, a m\u00e9s, a banda dels diferents actes del mat\u00ed, en qu\u00e8 van participar un centenar de persones, es va organitzar per primera vegada una Vesprada Solid\u00e0ria que va congregar m\u00e9s de 200 assistents i amb la qual es va aconseguir recaptar 4.189 euros per al projecte solidari de la Fundaci\u00f3 Benito Menni dirigit a <a href=\"mailto:https:\/\/www.fbmenni.org\/8-camerun-yaunde\">ajudar persones amb malaltia mental i sense sostre a Yauond\u00e9, al Camerun<\/a>. Tot plegat suposa un aut\u00e8ntic \u00e8xit que ha estat possible gr\u00e0cies a la implicaci\u00f3 de la plantilla del personal col\u00b7laborador de l&#8217;Hospital Sagrat Cor.<\/p>\n\n\n\n<p>La festivitat va arrencar amb la celebraci\u00f3 d\u2019una eucaristia a la sala d\u2019actes de l\u2019Hospital, concelebrada per Ramon Mart\u00edn, germ\u00e0 de Sant Joan de D\u00e9u, i Mn. Esteve, i amenitzada per la Coral de Masquefa. Durant l\u2019eucaristia, la superiora del Centre, sor Isabel Bl\u00e1zquez, va voler traslladar un desig a les persones assistents: \u201cQue el cor de Jes\u00fas continu\u00ef sent un s\u00edmbol d&#8217;hospitalitat, de solidaritat i de cura des de la tendresa\u201d. Tamb\u00e9 hi va tenir lloc l&#8217;emblem\u00e0tica ofrena de catifes elaborades amb flors i llavors, entre d&#8217;altres materials, que van ser realitzades per les persones usu\u00e0ries de diverses unitats i serveis de l&#8217;Hospital.<\/p>\n\n\n\n<p>A continuaci\u00f3 va tenir lloc l&#8217;acte institucional on es va realitzar un emotiu homenatge als set jubilats de l&#8217;any 2022: Paquita L\u00f3pez, Blanca Nieves, Pere Juli\u00e0, Miguel \u00c1ngel Maestro, Natividad de la Fuente, Mari Cruz Fern\u00e1ndez i Carlos Yag\u00fce, que va morir el passat 28 de maig passat i al qual es va dedicar un record especial.<\/p>\n\n\n\n<figure class=\"wp-block-gallery has-nested-images columns-default is-cropped wp-block-gallery-2 is-layout-flex wp-block-gallery-is-layout-flex\">\n<figure class=\"wp-block-image size-full\"><img loading=\"lazy\" decoding=\"async\" width=\"2048\" height=\"1536\" data-id=\"6714\" src=\"https:\/\/hospitalsagratcormartorell.org\/entre-tots\/wp-content\/uploads\/2023\/06\/JUBILADOS.jpeg\" alt=\"\" class=\"wp-image-6714\"\/><\/figure>\n\n\n\n<figure class=\"wp-block-image size-full\"><img loading=\"lazy\" decoding=\"async\" width=\"2048\" height=\"1536\" data-id=\"6719\" src=\"https:\/\/hospitalsagratcormartorell.org\/entre-tots\/wp-content\/uploads\/2023\/06\/ON-LINE.jpeg\" alt=\"\" class=\"wp-image-6719\"\/><\/figure>\n<\/figure>\n\n\n\n<p>Quatre d\u2019aquests jubilats \u2013Paquita L\u00f3pez, Blanca Nieves, Pere Juli\u00e0 i Miguel \u00c1ngel Maestro\u2013 van poder ser-hi presents, mentre que una \u2013Mari Cruz Fern\u00e1ndez\u2013 ho va fer de manera virtual. Els diferents responsables de les \u00e0rees on van desenvolupar la seva tasca es van encarregar de recon\u00e8ixer la seva tasca i la seva dedicaci\u00f3, i a tots ells se&#8217;ls va lliurar un obsequi commemoratiu i una <em>smartbox<\/em>. &#8220;Amb aquest doble regal volem recordar-los que continuen formant part de la fam\u00edlia hospital\u00e0ria i mantenir viu el valor de l\u00b4Hospitalitat, per\u00f2 tamb\u00e9 fer-los present que \u00e9s el moment de gaudir del seu temps lliure&#8221;, va explicar el director gerent de l\u00b4Hospital, el doctor Jes\u00fas Ezquerra, que juntament amb sor Isabel Bl\u00e1zquez tamb\u00e9 va lliurar un reconeixement posteriorment a la Coral de Masquefa.<\/p>\n\n\n\n<p>Despr\u00e9s de l&#8217;acte institucional es va procedir a fer la tradicional ofrena floral al Sagrat Cor al jard\u00ed de l&#8217;Hospital, on es troba el monument del Sagrat Cor per, posteriorment, acudir a un aperitiu commemoratiu a la cafeteria del Centre. Ja a la tarda, a partir de les 16 hores, es va organitzar per a les persones usu\u00e0ries una festa musical amb berenar a la cafeteria.<\/p>\n\n\n\n<p>A les 19 hores va arrencar l\u2019esperada I Vesprada Solid\u00e0ria. Sor Isabel Bl\u00e1zquez, el doctor Jes\u00fas Ezquerra i Anna Casanovas, responsable de comunicaci\u00f3, van ser els encarregats de donar el tret de sortida a un esdeveniment que va resultar tot un \u00e8xit de participaci\u00f3. La primera actuaci\u00f3 va anar de la m\u00e0 de la banda de m\u00fasica TOI &amp; MOI, de la qual el director gerent \u00e9s el bateria, amb un concert de m\u00fasica en directe.<\/p>\n\n\n\n<figure class=\"wp-block-gallery has-nested-images columns-default is-cropped wp-block-gallery-3 is-layout-flex wp-block-gallery-is-layout-flex\">\n<figure class=\"wp-block-image size-full\"><img loading=\"lazy\" decoding=\"async\" width=\"3848\" height=\"2562\" data-id=\"6727\" src=\"https:\/\/hospitalsagratcormartorell.org\/entre-tots\/wp-content\/uploads\/2023\/06\/Captura-de-pantalla-2023-06-29-a-les-11.49.14.jpg\" alt=\"\" class=\"wp-image-6727\"\/><\/figure>\n\n\n\n<figure class=\"wp-block-image size-full\"><img loading=\"lazy\" decoding=\"async\" width=\"3870\" height=\"2578\" data-id=\"6728\" src=\"https:\/\/hospitalsagratcormartorell.org\/entre-tots\/wp-content\/uploads\/2023\/06\/Captura-de-pantalla-2023-06-29-a-les-11.49.05.jpg\" alt=\"\" class=\"wp-image-6728\"\/><\/figure>\n<\/figure>\n\n\n\n<p>A continuaci\u00f3, es va celebrar el Cor Talent, un concurs musical en qu\u00e8 van participar set grups formats per personal col\u00b7laborador de l&#8217;Hospital que van pujar a l&#8217;escenari per demostrar el seu talent: &#8216;Four old boys&#8217;, &#8216;La Carr\u00e1&#8217;, &#8216;Georgy&#8217; , &#8216;Judith i Oriol&#8217;, &#8216;Queralt Cisterere&#8217;, &#8216;Luci\u00e9rnaga&#8217; i &#8216;Els cohospi per cohospi&#8217;. En el marc del Cor Talent, que va presentar per Iv\u00e1n Y\u00e1\u00f1ez, infermer del torn de nit, els grups van ballar, van cantar, hi va haver un mon\u00f2leg\u2026 van ser actuacions de nivell i algunes de molt divertides. Quan van acabar, el p\u00fablic va poder votar la millor actuaci\u00f3 i la millor posada en escena. El grup guanyador de tots dos reconeixements va ser &#8216;La Carr\u00e1&#8217;, per la qual cosa es va atorgar el premi a la millor actuaci\u00f3 al segon grup amb m\u00e9s punts, que va ser &#8216;Four old boys&#8217;.<\/p>\n\n\n\n<figure class=\"wp-block-gallery has-nested-images columns-default is-cropped wp-block-gallery-4 is-layout-flex wp-block-gallery-is-layout-flex\">\n<figure class=\"wp-block-image size-full\"><img loading=\"lazy\" decoding=\"async\" width=\"3862\" height=\"2578\" data-id=\"6722\" src=\"https:\/\/hospitalsagratcormartorell.org\/entre-tots\/wp-content\/uploads\/2023\/06\/Captura-de-pantalla-2023-06-29-a-les-11.48.44.jpg\" alt=\"\" class=\"wp-image-6722\"\/><\/figure>\n\n\n\n<figure class=\"wp-block-image size-full\"><img loading=\"lazy\" decoding=\"async\" width=\"5367\" height=\"3703\" data-id=\"6721\" src=\"https:\/\/hospitalsagratcormartorell.org\/entre-tots\/wp-content\/uploads\/2023\/06\/DSC7728.jpg\" alt=\"\" class=\"wp-image-6721\"\/><\/figure>\n\n\n\n<figure class=\"wp-block-image size-full\"><img loading=\"lazy\" decoding=\"async\" width=\"3096\" height=\"2056\" data-id=\"6723\" src=\"https:\/\/hospitalsagratcormartorell.org\/entre-tots\/wp-content\/uploads\/2023\/06\/Captura-de-pantalla-2023-06-29-a-les-11.48.33.jpg\" alt=\"\" class=\"wp-image-6723\"\/><\/figure>\n\n\n\n<figure class=\"wp-block-image size-large\"><img loading=\"lazy\" decoding=\"async\" width=\"3848\" height=\"2550\" data-id=\"6726\" src=\"https:\/\/hospitalsagratcormartorell.org\/entre-tots\/wp-content\/uploads\/2023\/06\/Captura-de-pantalla-2023-06-29-a-les-11.49.24.jpg\" alt=\"\" class=\"wp-image-6726\"\/><\/figure>\n<\/figure>\n\n\n\n<p>A banda de la solidaritat dels i les assistents a la vesprada -l&#8217;entrada tenia un cost de 10 euros-, alguns dels prove\u00efdors de l&#8217;Hospital van fer donacions, tant econ\u00f2miques com a trav\u00e9s de regals, els quals es van sortejar entre les persones que van adquirir tiquets. Entre aquests obsequis hi havia un microones, una caixa amb vins i una tablet.<\/p>\n\n\n\n<figure class=\"wp-block-gallery has-nested-images columns-default is-cropped wp-block-gallery-5 is-layout-flex wp-block-gallery-is-layout-flex\">\n<figure class=\"wp-block-image size-full\"><img loading=\"lazy\" decoding=\"async\" width=\"3860\" height=\"2578\" data-id=\"6729\" src=\"https:\/\/hospitalsagratcormartorell.org\/entre-tots\/wp-content\/uploads\/2023\/06\/Captura-de-pantalla-2023-06-29-a-les-11.48.54.jpg\" alt=\"\" class=\"wp-image-6729\"\/><\/figure>\n\n\n\n<figure class=\"wp-block-image size-full\"><img loading=\"lazy\" decoding=\"async\" width=\"3858\" height=\"2546\" data-id=\"6725\" src=\"https:\/\/hospitalsagratcormartorell.org\/entre-tots\/wp-content\/uploads\/2023\/06\/Captura-de-pantalla-2023-06-29-a-les-11.49.36.jpg\" alt=\"\" class=\"wp-image-6725\"\/><\/figure>\n\n\n\n<figure class=\"wp-block-image size-full\"><img loading=\"lazy\" decoding=\"async\" width=\"3832\" height=\"2540\" data-id=\"6724\" src=\"https:\/\/hospitalsagratcormartorell.org\/entre-tots\/wp-content\/uploads\/2023\/06\/Captura-de-pantalla-2023-06-29-a-les-11.49.45.jpg\" alt=\"\" class=\"wp-image-6724\"\/><\/figure>\n<\/figure>\n\n\n\n<p>La vesprada solid\u00e0ria va acabar amb la segona part del concert de TOI &amp; MOI, amb el lliurament de premis del Cor Talent i d&#8217;un petit obsequi a tots els participants per part de la superiora i del director gerent de l&#8217;Hospital.<\/p>\n\n\n\n<p>En definitiva, aquest esdeveniment va superar totes les expectatives i va demostrar la gran implicaci\u00f3 i dedicaci\u00f3 del personal col\u00b7laborador de l&#8217;Hospital Sagrat Cor. L\u2019\u00e8xit aconseguit fa pensar que molt possiblement l\u2019any que ve es repetir\u00e0 aquesta experi\u00e8ncia, de la qual podeu trobar m\u00e9s fotografies a la intranet.<\/p>\n\n\n\n<p>Tamb\u00e9 podeu ampliar la informaci\u00f3 dels actes del mat\u00ed al seg\u00fcent enlla\u00e7: <a href=\"http:\/\/www.hospitalsagratcormartorell.org\/sala-de-premsa\/noticies\/celebracio-de-la-festivitat-del-sagrat-cor-de-jesus.html\">http:\/\/www.hospitalsagratcormartorell.org\/sala-de-premsa\/noticies\/celebracio-de-la-festivitat-del-sagrat-cor-de-jesus.html<\/a><\/p>\n\n\n\n<p>I una cr\u00f2nica m\u00e9s extensa de la Vesprada Solid\u00e0ria a: <a href=\"http:\/\/www.hospitalsagratcormartorell.org\/sala-de-premsa\/noticies\/la-vesprada-solidaria-congrega-unes-200-persones-assistents-i-recapta-mes-de-4-000-euros-per-al-camerun.html\">http:\/\/www.hospitalsagratcormartorell.org\/sala-de-premsa\/noticies\/la-vesprada-solidaria-congrega-unes-200-persones-assistents-i-recapta-mes-de-4-000-euros-per-al-camerun.html<\/a><\/p>\n\n\n\n\n","protected":false},"excerpt":{"rendered":"<p>El 16 de juny va tenir lloc la Festivitat del Sagrat Cor de Jes\u00fas, patr\u00f3 de l&#8217;Hospital. \u00c9s una celebraci\u00f3 molt important per al Centre, en qu\u00e8 els pacients, el personal col\u00b7laborador de tots els dispositius assistencials i les germanes participen amb il\u00b7lusi\u00f3. Aquest any, a m\u00e9s, a banda dels diferents actes del mat\u00ed, en [&hellip;]<\/p>\n","protected":false},"author":2,"featured_media":6841,"comment_status":"closed","ping_status":"closed","sticky":false,"template":"","format":"standard","meta":{"footnotes":""},"categories":[27],"tags":[],"class_list":["post-6705","post","type-post","status-publish","format-standard","has-post-thumbnail","hentry","category-actualitat"],"blocksy_meta":{"styles_descriptor":{"styles":{"desktop":"","tablet":"","mobile":""},"google_fonts":[],"version":6}},"featured_image_urls_v2":{"full":["https:\/\/fundaciohospitalariesmartorell.org\/entre-tots\/wp-content\/uploads\/2023\/06\/DSC7341_2.jpg",1080,596,false],"thumbnail":["https:\/\/fundaciohospitalariesmartorell.org\/entre-tots\/wp-content\/uploads\/2023\/06\/DSC7341_2.jpg",150,83,false],"medium":["https:\/\/fundaciohospitalariesmartorell.org\/entre-tots\/wp-content\/uploads\/2023\/06\/DSC7341_2.jpg",300,166,false],"medium_large":["https:\/\/fundaciohospitalariesmartorell.org\/entre-tots\/wp-content\/uploads\/2023\/06\/DSC7341_2.jpg",768,424,false],"large":["https:\/\/fundaciohospitalariesmartorell.org\/entre-tots\/wp-content\/uploads\/2023\/06\/DSC7341_2.jpg",1024,565,false],"1536x1536":["https:\/\/fundaciohospitalariesmartorell.org\/entre-tots\/wp-content\/uploads\/2023\/06\/DSC7341_2.jpg",1080,596,false],"2048x2048":["https:\/\/fundaciohospitalariesmartorell.org\/entre-tots\/wp-content\/uploads\/2023\/06\/DSC7341_2.jpg",1080,596,false],"mailpoet_newsletter_max":["https:\/\/fundaciohospitalariesmartorell.org\/entre-tots\/wp-content\/uploads\/2023\/06\/DSC7341_2.jpg",1080,596,false]},"post_excerpt_stackable_v2":"<p>El 16 de juny va tenir lloc la Festivitat del Sagrat Cor de Jes\u00fas, patr\u00f3 de l&#8217;Hospital. \u00c9s una celebraci\u00f3 molt important per al Centre, en qu\u00e8 els pacients, el personal col\u00b7laborador de tots els dispositius assistencials i les germanes participen amb il\u00b7lusi\u00f3. Aquest any, a m\u00e9s, a banda dels diferents actes del mat\u00ed, en qu\u00e8 van participar un centenar de persones, es va organitzar per primera vegada una Vesprada Solid\u00e0ria que va congregar m\u00e9s de 200 assistents i amb la qual es va aconseguir recaptar 4.189 euros per al projecte solidari de la Fundaci\u00f3 Benito Menni dirigit a ajudar&hellip;<\/p>\n","category_list_v2":"<a href=\"https:\/\/fundaciohospitalariesmartorell.org\/entre-tots\/category\/actualitat\/\" rel=\"category tag\">ACTUALITAT<\/a>","author_info_v2":{"name":"Sagrat Cor","url":"https:\/\/fundaciohospitalariesmartorell.org\/entre-tots\/author\/daniel\/"},"comments_num_v2":"0 comments","_links":{"self":[{"href":"https:\/\/fundaciohospitalariesmartorell.org\/entre-tots\/wp-json\/wp\/v2\/posts\/6705","targetHints":{"allow":["GET"]}}],"collection":[{"href":"https:\/\/fundaciohospitalariesmartorell.org\/entre-tots\/wp-json\/wp\/v2\/posts"}],"about":[{"href":"https:\/\/fundaciohospitalariesmartorell.org\/entre-tots\/wp-json\/wp\/v2\/types\/post"}],"author":[{"embeddable":true,"href":"https:\/\/fundaciohospitalariesmartorell.org\/entre-tots\/wp-json\/wp\/v2\/users\/2"}],"replies":[{"embeddable":true,"href":"https:\/\/fundaciohospitalariesmartorell.org\/entre-tots\/wp-json\/wp\/v2\/comments?post=6705"}],"version-history":[{"count":4,"href":"https:\/\/fundaciohospitalariesmartorell.org\/entre-tots\/wp-json\/wp\/v2\/posts\/6705\/revisions"}],"predecessor-version":[{"id":6842,"href":"https:\/\/fundaciohospitalariesmartorell.org\/entre-tots\/wp-json\/wp\/v2\/posts\/6705\/revisions\/6842"}],"wp:featuredmedia":[{"embeddable":true,"href":"https:\/\/fundaciohospitalariesmartorell.org\/entre-tots\/wp-json\/wp\/v2\/media\/6841"}],"wp:attachment":[{"href":"https:\/\/fundaciohospitalariesmartorell.org\/entre-tots\/wp-json\/wp\/v2\/media?parent=6705"}],"wp:term":[{"taxonomy":"category","embeddable":true,"href":"https:\/\/fundaciohospitalariesmartorell.org\/entre-tots\/wp-json\/wp\/v2\/categories?post=6705"},{"taxonomy":"post_tag","embeddable":true,"href":"https:\/\/fundaciohospitalariesmartorell.org\/entre-tots\/wp-json\/wp\/v2\/tags?post=6705"}],"curies":[{"name":"wp","href":"https:\/\/api.w.org\/{rel}","templated":true}]}}