{"id":6738,"date":"2023-06-29T12:11:35","date_gmt":"2023-06-29T10:11:35","guid":{"rendered":"https:\/\/newweb.hospitalsagratcormartorell.org\/entre-tots\/?p=6738"},"modified":"2023-06-29T22:53:12","modified_gmt":"2023-06-29T20:53:12","slug":"lart-com-a-element-transformador-de-la-salut-mental","status":"publish","type":"post","link":"https:\/\/fundaciohospitalariesmartorell.org\/entre-tots\/2023\/06\/lart-com-a-element-transformador-de-la-salut-mental\/","title":{"rendered":"L\u2019art com a element transformador de la salut mental"},"content":{"rendered":"<figure class=\"wp-block-post-featured-image\"><img loading=\"lazy\" decoding=\"async\" width=\"2132\" height=\"1174\" src=\"https:\/\/fundaciohospitalariesmartorell.org\/entre-tots\/wp-content\/uploads\/2023\/06\/Captura-de-pantalla-2023-06-29-a-les-12.15.47.jpg\" class=\"attachment-post-thumbnail size-post-thumbnail wp-post-image\" alt=\"\" style=\"object-fit:cover;\" \/><\/figure>\n\n\n<p>En un m\u00f3n cada vegada m\u00e9s agitat i desafiador, les malalties mentals han esdevingut un repte urgent per a la salut p\u00fablica. A mesura que m\u00e9s persones lluiten contra l&#8217;ansietat, la depressi\u00f3 i d&#8217;altres afeccions que hi estan relacionades, s&#8217;han explorat diversos enfocaments terap\u00e8utics per complementar els tractaments tradicionals. Entre aquests enfocaments, l&#8217;art ha emergit com una eina poderosa capa\u00e7 d&#8217;alleujar el patiment i oferir esperan\u00e7a a aquells que lluiten amb la seva salut mental.<\/p>\n\n\n\n<p>L&#8217;art, en les diverses formes expressives, t\u00e9 la capacitat \u00fanica de transcendir les barreres del llenguatge i arribar directament al cor i a la ment de les persones. Quan es fa servir com a ter\u00e0pia, pot obrir un cam\u00ed cap a l&#8217;autenticitat, permetent als individus explorar i comunicar les seves emocions m\u00e9s profundes d&#8217;una manera segura i no verbal. Pintura, escultura, m\u00fasica, dansa, teatre i escriptura creativa nom\u00e9s s\u00f3n algunes de les disciplines que s&#8217;han utilitzat amb \u00e8xit en l\u2019abordatge de la salut mental. A trav\u00e9s d&#8217;aquestes expressions art\u00edstiques, els individus troben un espai per curar-se, per cr\u00e9ixer i per descobrir noves maneres de relacionar-se amb ells mateixos i amb el m\u00f3n que els envolta.<\/p>\n\n\n\n<div class=\"wp-block-stackable-heading stk-block-heading stk-block-heading--v2 stk-block stk-95a866b\" id=\"strong-aleix-mila-i-el-descobriment-de-la-fotografia-pintada-arran-duna-crisi-existencial-strong\" data-block-id=\"95a866b\"><h5 class=\"stk-block-heading__text\"><strong>Aleix Mil\u00e0 i el descobriment de la fotografia pintada arran d\u2019una crisi existencial<\/strong><\/h5><\/div>\n\n\n\n<figure class=\"wp-block-gallery has-nested-images columns-2 is-cropped wp-block-gallery-1 is-layout-flex wp-block-gallery-is-layout-flex\">\n<figure class=\"wp-block-image size-large\"><img loading=\"lazy\" decoding=\"async\" width=\"7360\" height=\"4912\" data-id=\"6743\" src=\"https:\/\/hospitalsagratcormartorell.org\/entre-tots\/wp-content\/uploads\/2023\/06\/1.jpg\" alt=\"\" class=\"wp-image-6743\"\/><\/figure>\n\n\n\n<figure class=\"wp-block-image size-large\"><img loading=\"lazy\" decoding=\"async\" width=\"7360\" height=\"4912\" data-id=\"6744\" src=\"https:\/\/hospitalsagratcormartorell.org\/entre-tots\/wp-content\/uploads\/2023\/06\/3.jpg\" alt=\"\" class=\"wp-image-6744\"\/><\/figure>\n\n\n\n<figure class=\"wp-block-image size-large\"><img loading=\"lazy\" decoding=\"async\" width=\"7360\" height=\"4912\" data-id=\"6745\" src=\"https:\/\/hospitalsagratcormartorell.org\/entre-tots\/wp-content\/uploads\/2023\/06\/4.jpg\" alt=\"\" class=\"wp-image-6745\"\/><\/figure>\n\n\n\n<figure class=\"wp-block-image size-large\"><img loading=\"lazy\" decoding=\"async\" width=\"1338\" height=\"912\" data-id=\"6746\" src=\"https:\/\/hospitalsagratcormartorell.org\/entre-tots\/wp-content\/uploads\/2023\/06\/5.jpg\" alt=\"\" class=\"wp-image-6746\"\/><\/figure>\n\n\n\n<figure class=\"wp-block-image size-large\"><img loading=\"lazy\" decoding=\"async\" width=\"7360\" height=\"4912\" data-id=\"6747\" src=\"https:\/\/hospitalsagratcormartorell.org\/entre-tots\/wp-content\/uploads\/2023\/06\/6.jpg\" alt=\"\" class=\"wp-image-6747\"\/><\/figure>\n<\/figure>\n\n\n\n<p>Aleix Mil\u00e0 \u00e9s un usuari de l&#8217;Hospital Sagrat Cor, que va ser at\u00e8s per la Dra. Nuria Camps des del Centre de Salut Mental d\u2019Adults (CSMA) de Vilafranca del Pened\u00e8s. T\u00e9 un diagn\u00f2stic de trastorn bipolar i a m\u00e9s tamb\u00e9 va tenir altres problemes afegits fa anys, com el consum de drogues, quelcom relativament com\u00fa, que es coneix com a patologia dual. Segons els estudis i les estad\u00edstiques, s&#8217;estima que entre el 40 i el 60 % de les persones amb trastorns per consum de subst\u00e0ncies tamb\u00e9 tenen un trastorn mental coexistent, i l&#8217;Hospital compta amb una unitat especialitzada en aquest tipus de patologies<\/p>\n\n\n\n<p>Fa vuit anys va patir, dit amb les seves paraules, una crisi existencial important, que ha estat el millor que li ha passat. \u201cVaig tocar fons i va ser quan vaig descobrir una nova personalitat a trav\u00e9s de l&#8217;art de pintar fotografies, que despr\u00e9s he anat desenvolupant jo mateix\u201d. Tot i que l&#8217;Aleix assegura que abans ja li agradava la fotografia, va ser aquesta crisi la que va provocar que desenvolup\u00e9s aquest nou talent i l&#8217;inter\u00e8s per aquesta t\u00e8cnica personal que ha anat perfeccionant amb el temps, la qual ara utilitza per crear c\u00f2mics fotografiats.<\/p>\n\n\n\n<p>\u201c\u00c9s una cosa nova que no t\u00e9 res a veure ni amb la fotografia ni amb el c\u00f2mic, \u00e9s una creaci\u00f3 molt complexa. N&#8217;hi ha algunes que puc trigar una setmana o uns dies a acabar-les, per\u00f2 en altres hi puc estar&nbsp;un&nbsp;o&nbsp;dos&nbsp;mesos\u201d, comenta. Tot aix\u00f2 l&#8217;ha portat a un canvi dr\u00e0stic de la seva vida. Ara es dedica a aquesta faceta art\u00edstica que ja li ha perm\u00e8s fer alguna exposici\u00f3 i publicar diversos c\u00f2mics, en els quals pret\u00e9n desenvolupar una figura que serveixi de fil conductor: l&#8217;Aleix personatge.<\/p>\n\n\n\n<p>\u201cHe millorat molt i he professionalitzat la meva feina, avan\u00e7ant a poc a poc, aprenent a utilitzar eines de programari que m&#8217;han perm\u00e8s aconseguir finalment una t\u00e8cnica molt personal\u201d, continua explicant, i afegeix com vol mostrar tot all\u00f2 que est\u00e0 vivint perqu\u00e8 a trav\u00e9s de la seva experi\u00e8ncia altres tamb\u00e9 puguin aprendre, i aquest projecte \u00e9s ara la seva nova professi\u00f3. \u201cEl trastorn bipolar t\u00e9 coses bones i dolentes. Et fa sentir molt malament, per\u00f2 tamb\u00e9 em dona molta ambici\u00f3 per continuar endavant i poder mostrar com es pateix\u201d. Aix\u00ed, l\u2019Aleix combina la creaci\u00f3 art\u00edstica amb projectes en qu\u00e8 col\u00b7labora amb institucions com l&#8217;Hospital Cl\u00ednic o l&#8217;Hospital de la Santa Creu i Sant Pau.<\/p>\n\n\n\n<p>L&#8217;\u00faltim projecte \u00e9s una revista dedicada precisament al trastorn bipolar, despr\u00e9s d&#8217;altres on s\u2019aborden temes diversos com la mort del seu pare o la lluita per la igualtat de g\u00e8nere. El seu objectiu \u00e9s aconseguir arribar a fer una tirada de 1.000 exemplars d&#8217;aquesta nova revista que vol distribuir entre centres d&#8217;educaci\u00f3 i per aix\u00f2 cerca patrocinadors que puguin ajudar-lo en el finan\u00e7ament. Per a qui vulgui posar-s&#8217;hi en contacte, ens ha facilitat una adre\u00e7a de correu electr\u00f2nic: <a href=\"mailto:aleixmila@hotmail.com\">aleixmila@hotmail.com<\/a>.<\/p>\n\n\n\n<div class=\"wp-block-stackable-heading stk-block-heading stk-block-heading--v2 stk-block stk-1a16e69\" id=\"ramon-baleta-i-la-pintura\" data-block-id=\"1a16e69\"><h5 class=\"stk-block-heading__text\">Ramon Baleta i la pintura<\/h5><\/div>\n\n\n\n<figure class=\"wp-block-gallery has-nested-images columns-1 is-cropped wp-block-gallery-2 is-layout-flex wp-block-gallery-is-layout-flex\">\n<figure class=\"wp-block-image size-large\"><img loading=\"lazy\" decoding=\"async\" width=\"948\" height=\"576\" data-id=\"6751\" src=\"https:\/\/hospitalsagratcormartorell.org\/entre-tots\/wp-content\/uploads\/2023\/06\/IMG-20230620-WA0053-1.jpg\" alt=\"\" class=\"wp-image-6751\"\/><\/figure>\n\n\n\n<figure class=\"wp-block-image size-large\"><img loading=\"lazy\" decoding=\"async\" width=\"1024\" height=\"576\" data-id=\"6750\" src=\"https:\/\/hospitalsagratcormartorell.org\/entre-tots\/wp-content\/uploads\/2023\/06\/IMG-20230620-WA0047-1.jpg\" alt=\"\" class=\"wp-image-6750\"\/><\/figure>\n\n\n\n<figure class=\"wp-block-image size-large\"><img loading=\"lazy\" decoding=\"async\" width=\"1024\" height=\"576\" data-id=\"6749\" src=\"https:\/\/hospitalsagratcormartorell.org\/entre-tots\/wp-content\/uploads\/2023\/06\/IMG-20230620-WA0045.jpg\" alt=\"\" class=\"wp-image-6749\"\/><\/figure>\n<\/figure>\n\n\n\n<p>Un altre usuari de l&#8217;Hospital Sagrat Cor que va trobar en l&#8217;art una manera d&#8217;abordar el seu proc\u00e9s de rehabilitaci\u00f3 ha estat Ramon Baleta. Amb formaci\u00f3 en belles arts, ja fa molts anys que pinta, per\u00f2 la seva estada a l&#8217;Hospital li ha servit com un element catalitzador: \u201cL&#8217;Hospital m&#8217;ha inspirat. Els espais, la gent\u2026 i he intentat plasmar les idees fent servir colors vius, ja que la vida \u00e9s bella!\u201d.<\/p>\n\n\n\n<p>Silvia Guti\u00e9rrez, DUI d\u2019RH4, el servei on est\u00e0 ingressat en Ramon, recorda que sempre l\u2019ha vist amb els seus quadres. \u201cM\u00e9s que crear-ne de nous, el m\u00e9s habitual \u00e9s que retoqui aquells que ja ha fet una vegada i una altra. Ara hi afegeix una l\u00ednia de color, ara una ombra\u2026 els mira durant hores\u201d, explica. La professional afirma que, per a en Ramon, els quadres s\u00f3n la seva seguretat, all\u00f2 que el fa sentir com a casa, i han estat una eina de gran utilitat en el proc\u00e9s de recuperaci\u00f3. \u201cLes seves creacions l&#8217;han ajudat a mantenir la calma i li han servit de via terap\u00e8utica per continuar expressant la seva creativitat i les seves emocions\u201d, destaca.<\/p>\n\n\n\n<p>Fruit de tot plegat \u00e9s una col\u00b7lecci\u00f3 de divuit quadres que ha elaborat durant el temps que ha estat ingressat al nostre Centre i que s&#8217;estan exposant a la cafeteria de l&#8217;Hospital. En concret, la inauguraci\u00f3 de l&#8217;exposici\u00f3, amb el nom \u201cNatura i Realisme\u201d, va tenir lloc el passat 20 de juny i el mateix artista i alguns dels professionals que l&#8217;han acompanyat aquests anys van donar testimoni de com l&#8217;art li ha fet servit per tirar endavant.<\/p>\n\n\n\n<div class=\"wp-block-stackable-heading stk-block-heading stk-block-heading--v2 stk-block stk-8a2e152\" id=\"nomes-dos-exemples\" data-block-id=\"8a2e152\"><h4 class=\"stk-block-heading__text\">Nom\u00e9s dos exemples<\/h4><\/div>\n\n\n\n<p>El testimoni de l&#8217;Aleix Mil\u00e0 i d\u2019en Ramon Baleta ens mostra l&#8217;impacte transformador que t\u00e9 l&#8217;art en la salut mental. A trav\u00e9s de les seves experi\u00e8ncies personals, hem presenciat com l&#8217;art ha estat un salvavides en moments de crisi i de desafiaments emocionals. La fotografia pintada de l&#8217;Aleix i les pintures vibrants d\u2019en Ramon s\u00f3n exemples vius de com es pot convertir l&#8217;art en una forma d&#8217;expressi\u00f3 poderosa i terap\u00e8utica.<\/p>\n\n\n\n<p>Aquests relats ens conviden a reflexionar sobre el potencial guaridor de l&#8217;art i com pot ajudar les persones a trobar la veu, descobrir noves facetes d\u2019un mateix i enfortir el benestar emocional. A trav\u00e9s de la creaci\u00f3 art\u00edstica, tant l&#8217;Aleix com en Ramon han trobat un espai segur per explorar les seves emocions, superar obstacles i compartir la seva experi\u00e8ncia amb el m\u00f3n.<\/p>\n\n\n\n<p>En definitiva, aquestes hist\u00f2ries ens recorden que l&#8217;art pot ser un aliat de valor incalculable en el cam\u00ed cap a la recuperaci\u00f3 i el benestar mental. Encoratjar l&#8217;acc\u00e9s i la participaci\u00f3 en activitats art\u00edstiques com a part dels tractaments de salut mental pot obrir portes a la curaci\u00f3, a l\u2019autoexpressi\u00f3 i a la construcci\u00f3 d&#8217;una comunitat solid\u00e0ria. Que la hist\u00f2ria de l&#8217;Aleix Mila i d\u2019en Ramon Baleta inspiri altres persones a explorar l&#8217;art com una eina transformadora en el seu viatge per la salut mental.<\/p>\n","protected":false},"excerpt":{"rendered":"<p>En un m\u00f3n cada vegada m\u00e9s agitat i desafiador, les malalties mentals han esdevingut un repte urgent per a la salut p\u00fablica. A mesura que m\u00e9s persones lluiten contra l&#8217;ansietat, la depressi\u00f3 i d&#8217;altres afeccions que hi estan relacionades, s&#8217;han explorat diversos enfocaments terap\u00e8utics per complementar els tractaments tradicionals. Entre aquests enfocaments, l&#8217;art ha emergit [&hellip;]<\/p>\n","protected":false},"author":2,"featured_media":6740,"comment_status":"closed","ping_status":"closed","sticky":false,"template":"","format":"standard","meta":{"footnotes":""},"categories":[28],"tags":[],"class_list":["post-6738","post","type-post","status-publish","format-standard","has-post-thumbnail","hentry","category-tot-aixo-es-nostre"],"blocksy_meta":{"styles_descriptor":{"styles":{"desktop":"","tablet":"","mobile":""},"google_fonts":[],"version":6}},"featured_image_urls_v2":{"full":["https:\/\/fundaciohospitalariesmartorell.org\/entre-tots\/wp-content\/uploads\/2023\/06\/Captura-de-pantalla-2023-06-29-a-les-12.15.47.jpg",2132,1174,false],"thumbnail":["https:\/\/fundaciohospitalariesmartorell.org\/entre-tots\/wp-content\/uploads\/2023\/06\/Captura-de-pantalla-2023-06-29-a-les-12.15.47.jpg",150,83,false],"medium":["https:\/\/fundaciohospitalariesmartorell.org\/entre-tots\/wp-content\/uploads\/2023\/06\/Captura-de-pantalla-2023-06-29-a-les-12.15.47.jpg",300,165,false],"medium_large":["https:\/\/fundaciohospitalariesmartorell.org\/entre-tots\/wp-content\/uploads\/2023\/06\/Captura-de-pantalla-2023-06-29-a-les-12.15.47.jpg",768,423,false],"large":["https:\/\/fundaciohospitalariesmartorell.org\/entre-tots\/wp-content\/uploads\/2023\/06\/Captura-de-pantalla-2023-06-29-a-les-12.15.47.jpg",1024,564,false],"1536x1536":["https:\/\/fundaciohospitalariesmartorell.org\/entre-tots\/wp-content\/uploads\/2023\/06\/Captura-de-pantalla-2023-06-29-a-les-12.15.47.jpg",1536,846,false],"2048x2048":["https:\/\/fundaciohospitalariesmartorell.org\/entre-tots\/wp-content\/uploads\/2023\/06\/Captura-de-pantalla-2023-06-29-a-les-12.15.47.jpg",2048,1128,false],"mailpoet_newsletter_max":["https:\/\/fundaciohospitalariesmartorell.org\/entre-tots\/wp-content\/uploads\/2023\/06\/Captura-de-pantalla-2023-06-29-a-les-12.15.47.jpg",1320,727,false]},"post_excerpt_stackable_v2":"<p>En un m\u00f3n cada vegada m\u00e9s agitat i desafiador, les malalties mentals han esdevingut un repte urgent per a la salut p\u00fablica. A mesura que m\u00e9s persones lluiten contra l&#8217;ansietat, la depressi\u00f3 i d&#8217;altres afeccions que hi estan relacionades, s&#8217;han explorat diversos enfocaments terap\u00e8utics per complementar els tractaments tradicionals. Entre aquests enfocaments, l&#8217;art ha emergit com una eina poderosa capa\u00e7 d&#8217;alleujar el patiment i oferir esperan\u00e7a a aquells que lluiten amb la seva salut mental. L&#8217;art, en les diverses formes expressives, t\u00e9 la capacitat \u00fanica de transcendir les barreres del llenguatge i arribar directament al cor i a la ment&hellip;<\/p>\n","category_list_v2":"<a href=\"https:\/\/fundaciohospitalariesmartorell.org\/entre-tots\/category\/tot-aixo-es-nostre\/\" rel=\"category tag\">TOT AIX\u00d2 \u00c9S NOSTRE<\/a>","author_info_v2":{"name":"Sagrat Cor","url":"https:\/\/fundaciohospitalariesmartorell.org\/entre-tots\/author\/daniel\/"},"comments_num_v2":"0 comments","_links":{"self":[{"href":"https:\/\/fundaciohospitalariesmartorell.org\/entre-tots\/wp-json\/wp\/v2\/posts\/6738","targetHints":{"allow":["GET"]}}],"collection":[{"href":"https:\/\/fundaciohospitalariesmartorell.org\/entre-tots\/wp-json\/wp\/v2\/posts"}],"about":[{"href":"https:\/\/fundaciohospitalariesmartorell.org\/entre-tots\/wp-json\/wp\/v2\/types\/post"}],"author":[{"embeddable":true,"href":"https:\/\/fundaciohospitalariesmartorell.org\/entre-tots\/wp-json\/wp\/v2\/users\/2"}],"replies":[{"embeddable":true,"href":"https:\/\/fundaciohospitalariesmartorell.org\/entre-tots\/wp-json\/wp\/v2\/comments?post=6738"}],"version-history":[{"count":4,"href":"https:\/\/fundaciohospitalariesmartorell.org\/entre-tots\/wp-json\/wp\/v2\/posts\/6738\/revisions"}],"predecessor-version":[{"id":6754,"href":"https:\/\/fundaciohospitalariesmartorell.org\/entre-tots\/wp-json\/wp\/v2\/posts\/6738\/revisions\/6754"}],"wp:featuredmedia":[{"embeddable":true,"href":"https:\/\/fundaciohospitalariesmartorell.org\/entre-tots\/wp-json\/wp\/v2\/media\/6740"}],"wp:attachment":[{"href":"https:\/\/fundaciohospitalariesmartorell.org\/entre-tots\/wp-json\/wp\/v2\/media?parent=6738"}],"wp:term":[{"taxonomy":"category","embeddable":true,"href":"https:\/\/fundaciohospitalariesmartorell.org\/entre-tots\/wp-json\/wp\/v2\/categories?post=6738"},{"taxonomy":"post_tag","embeddable":true,"href":"https:\/\/fundaciohospitalariesmartorell.org\/entre-tots\/wp-json\/wp\/v2\/tags?post=6738"}],"curies":[{"name":"wp","href":"https:\/\/api.w.org\/{rel}","templated":true}]}}