{"id":6766,"date":"2023-06-29T12:37:13","date_gmt":"2023-06-29T10:37:13","guid":{"rendered":"https:\/\/newweb.hospitalsagratcormartorell.org\/entre-tots\/?p=6766"},"modified":"2023-06-29T13:07:54","modified_gmt":"2023-06-29T11:07:54","slug":"roger-ballesca-cal-regular-pero-no-prohibir-lus-de-pantalles","status":"publish","type":"post","link":"https:\/\/fundaciohospitalariesmartorell.org\/entre-tots\/2023\/06\/roger-ballesca-cal-regular-pero-no-prohibir-lus-de-pantalles\/","title":{"rendered":"Roger Ballesc\u00e0: &#8220;Cal regular, per\u00f2 no prohibir, l&#8217;\u00fas de pantalles&#8221;"},"content":{"rendered":"<figure class=\"wp-block-post-featured-image\"><img loading=\"lazy\" decoding=\"async\" width=\"3678\" height=\"988\" src=\"https:\/\/fundaciohospitalariesmartorell.org\/entre-tots\/wp-content\/uploads\/2023\/06\/Captura-de-pantalla-2023-06-27-a-las-12.18.10.png\" class=\"attachment-post-thumbnail size-post-thumbnail wp-post-image\" alt=\"\" style=\"object-fit:cover;\" \/><\/figure>\n\n\n<p>El dissabte 24 de juny, els serveis informatius de R\u00e0dio 4 van parlar amb Roger Ballesc\u00e0, coordinador de l\u2019\u00c0rea de Salut Mental Infantojuvenil de l\u2019Hospital Sagrat Cor, sobre els riscos d\u2019abusar de les pantalles i com fer-ne un \u00fas racional\u00a0 en la poblaci\u00f3 infantil.<\/p>\n\n\n\n<p><a href=\"https:\/\/www.rtve.es\/play\/audios\/serveis-informatius-radio-4\/entrevista-roger-ballesca-us-pantalles\/6920919\/\">https:\/\/www.rtve.es\/play\/audios\/serveis-informatius-radio-4\/entrevista-roger-ballesca-us-pantalles\/6920919\/<\/a><\/p>\n","protected":false},"excerpt":{"rendered":"<p>El dissabte 24 de juny, els serveis informatius de R\u00e0dio 4 van parlar amb Roger Ballesc\u00e0, coordinador de l\u2019\u00c0rea de Salut Mental Infantojuvenil de l\u2019Hospital Sagrat Cor, sobre els riscos d\u2019abusar de les pantalles i com fer-ne un \u00fas racional\u00a0 en la poblaci\u00f3 infantil. https:\/\/www.rtve.es\/play\/audios\/serveis-informatius-radio-4\/entrevista-roger-ballesca-us-pantalles\/6920919\/<\/p>\n","protected":false},"author":2,"featured_media":6768,"comment_status":"closed","ping_status":"closed","sticky":false,"template":"","format":"standard","meta":{"footnotes":""},"categories":[44],"tags":[],"class_list":["post-6766","post","type-post","status-publish","format-standard","has-post-thumbnail","hentry","category-entre-noticies"],"blocksy_meta":{"styles_descriptor":{"styles":{"desktop":"","tablet":"","mobile":""},"google_fonts":[],"version":6}},"featured_image_urls_v2":{"full":["https:\/\/fundaciohospitalariesmartorell.org\/entre-tots\/wp-content\/uploads\/2023\/06\/Captura-de-pantalla-2023-06-27-a-las-12.18.10.png",3678,988,false],"thumbnail":["https:\/\/fundaciohospitalariesmartorell.org\/entre-tots\/wp-content\/uploads\/2023\/06\/Captura-de-pantalla-2023-06-27-a-las-12.18.10.png",150,40,false],"medium":["https:\/\/fundaciohospitalariesmartorell.org\/entre-tots\/wp-content\/uploads\/2023\/06\/Captura-de-pantalla-2023-06-27-a-las-12.18.10.png",300,81,false],"medium_large":["https:\/\/fundaciohospitalariesmartorell.org\/entre-tots\/wp-content\/uploads\/2023\/06\/Captura-de-pantalla-2023-06-27-a-las-12.18.10.png",768,206,false],"large":["https:\/\/fundaciohospitalariesmartorell.org\/entre-tots\/wp-content\/uploads\/2023\/06\/Captura-de-pantalla-2023-06-27-a-las-12.18.10.png",1024,275,false],"1536x1536":["https:\/\/fundaciohospitalariesmartorell.org\/entre-tots\/wp-content\/uploads\/2023\/06\/Captura-de-pantalla-2023-06-27-a-las-12.18.10.png",1536,413,false],"2048x2048":["https:\/\/fundaciohospitalariesmartorell.org\/entre-tots\/wp-content\/uploads\/2023\/06\/Captura-de-pantalla-2023-06-27-a-las-12.18.10.png",2048,550,false],"mailpoet_newsletter_max":["https:\/\/fundaciohospitalariesmartorell.org\/entre-tots\/wp-content\/uploads\/2023\/06\/Captura-de-pantalla-2023-06-27-a-las-12.18.10.png",1320,355,false]},"post_excerpt_stackable_v2":"<p>El dissabte 24 de juny, els serveis informatius de R\u00e0dio 4 van parlar amb Roger Ballesc\u00e0, coordinador de l\u2019\u00c0rea de Salut Mental Infantojuvenil de l\u2019Hospital Sagrat Cor, sobre els riscos d\u2019abusar de les pantalles i com fer-ne un \u00fas racional\u00a0 en la poblaci\u00f3 infantil. https:\/\/www.rtve.es\/play\/audios\/serveis-informatius-radio-4\/entrevista-roger-ballesca-us-pantalles\/6920919\/<\/p>\n","category_list_v2":"<a href=\"https:\/\/fundaciohospitalariesmartorell.org\/entre-tots\/category\/entre-noticies\/\" rel=\"category tag\">ENTRE NOT\u00cdCIES<\/a>","author_info_v2":{"name":"Sagrat Cor","url":"https:\/\/fundaciohospitalariesmartorell.org\/entre-tots\/author\/daniel\/"},"comments_num_v2":"0 comments","_links":{"self":[{"href":"https:\/\/fundaciohospitalariesmartorell.org\/entre-tots\/wp-json\/wp\/v2\/posts\/6766","targetHints":{"allow":["GET"]}}],"collection":[{"href":"https:\/\/fundaciohospitalariesmartorell.org\/entre-tots\/wp-json\/wp\/v2\/posts"}],"about":[{"href":"https:\/\/fundaciohospitalariesmartorell.org\/entre-tots\/wp-json\/wp\/v2\/types\/post"}],"author":[{"embeddable":true,"href":"https:\/\/fundaciohospitalariesmartorell.org\/entre-tots\/wp-json\/wp\/v2\/users\/2"}],"replies":[{"embeddable":true,"href":"https:\/\/fundaciohospitalariesmartorell.org\/entre-tots\/wp-json\/wp\/v2\/comments?post=6766"}],"version-history":[{"count":3,"href":"https:\/\/fundaciohospitalariesmartorell.org\/entre-tots\/wp-json\/wp\/v2\/posts\/6766\/revisions"}],"predecessor-version":[{"id":6770,"href":"https:\/\/fundaciohospitalariesmartorell.org\/entre-tots\/wp-json\/wp\/v2\/posts\/6766\/revisions\/6770"}],"wp:featuredmedia":[{"embeddable":true,"href":"https:\/\/fundaciohospitalariesmartorell.org\/entre-tots\/wp-json\/wp\/v2\/media\/6768"}],"wp:attachment":[{"href":"https:\/\/fundaciohospitalariesmartorell.org\/entre-tots\/wp-json\/wp\/v2\/media?parent=6766"}],"wp:term":[{"taxonomy":"category","embeddable":true,"href":"https:\/\/fundaciohospitalariesmartorell.org\/entre-tots\/wp-json\/wp\/v2\/categories?post=6766"},{"taxonomy":"post_tag","embeddable":true,"href":"https:\/\/fundaciohospitalariesmartorell.org\/entre-tots\/wp-json\/wp\/v2\/tags?post=6766"}],"curies":[{"name":"wp","href":"https:\/\/api.w.org\/{rel}","templated":true}]}}