{"id":6771,"date":"2023-06-29T12:40:26","date_gmt":"2023-06-29T10:40:26","guid":{"rendered":"https:\/\/newweb.hospitalsagratcormartorell.org\/entre-tots\/?p=6771"},"modified":"2023-06-29T13:07:49","modified_gmt":"2023-06-29T11:07:49","slug":"lhospital-sagrat-cor-recapta-mes-de-4-000-euros-a-la-seva-vesprada-solidaria","status":"publish","type":"post","link":"https:\/\/fundaciohospitalariesmartorell.org\/entre-tots\/2023\/06\/lhospital-sagrat-cor-recapta-mes-de-4-000-euros-a-la-seva-vesprada-solidaria\/","title":{"rendered":"L\u2019Hospital Sagrat Cor recapta m\u00e9s de 4.000 euros a la seva Vesprada Solid\u00e0ria"},"content":{"rendered":"<figure class=\"wp-block-post-featured-image\"><img loading=\"lazy\" decoding=\"async\" width=\"1770\" height=\"1766\" src=\"https:\/\/fundaciohospitalariesmartorell.org\/entre-tots\/wp-content\/uploads\/2023\/06\/Captura-de-pantalla-2023-06-27-a-las-12.19.24.png\" class=\"attachment-post-thumbnail size-post-thumbnail wp-post-image\" alt=\"\" style=\"object-fit:cover;\" \/><\/figure>\n\n\n<p>El mitj\u00e0 digital Martorelldigital.cat va recollir a la seva p\u00e0gina web el dimarts 20 de juny la celebraci\u00f3 de la Vesprada Solid\u00e0ria de l\u2019Hospital, una cita que va congregar m\u00e9s de 200 assistents. S\u2019hi van recaptar 4.189 euros per al projecte solidari de la Fundaci\u00f3 Benito Menni adre\u00e7at a ajudar persones amb malaltia mental i sense sostre a Yauond\u00e9, al Camerun.<\/p>\n\n\n\n<p><a href=\"https:\/\/martorelldigital.cat\/lhospital-sagrat-cor-recapta-mes-de-4-000-euros-a-la-seva-vesprada-solidaria\/\" target=\"_blank\" rel=\"noreferrer noopener\">https:\/\/martorelldigital.cat\/lhospital-sagrat-cor-recapta-mes-de-4-000-euros-a-la-seva-vesprada-solidaria\/<\/a><\/p>\n","protected":false},"excerpt":{"rendered":"<p>El mitj\u00e0 digital Martorelldigital.cat va recollir a la seva p\u00e0gina web el dimarts 20 de juny la celebraci\u00f3 de la Vesprada Solid\u00e0ria de l\u2019Hospital, una cita que va congregar m\u00e9s de 200 assistents. S\u2019hi van recaptar 4.189 euros per al projecte solidari de la Fundaci\u00f3 Benito Menni adre\u00e7at a ajudar persones amb malaltia mental i [&hellip;]<\/p>\n","protected":false},"author":2,"featured_media":6773,"comment_status":"closed","ping_status":"closed","sticky":false,"template":"","format":"standard","meta":{"footnotes":""},"categories":[44],"tags":[],"class_list":["post-6771","post","type-post","status-publish","format-standard","has-post-thumbnail","hentry","category-entre-noticies"],"blocksy_meta":{"styles_descriptor":{"styles":{"desktop":"","tablet":"","mobile":""},"google_fonts":[],"version":6}},"featured_image_urls_v2":{"full":["https:\/\/fundaciohospitalariesmartorell.org\/entre-tots\/wp-content\/uploads\/2023\/06\/Captura-de-pantalla-2023-06-27-a-las-12.19.24.png",1770,1766,false],"thumbnail":["https:\/\/fundaciohospitalariesmartorell.org\/entre-tots\/wp-content\/uploads\/2023\/06\/Captura-de-pantalla-2023-06-27-a-las-12.19.24.png",150,150,false],"medium":["https:\/\/fundaciohospitalariesmartorell.org\/entre-tots\/wp-content\/uploads\/2023\/06\/Captura-de-pantalla-2023-06-27-a-las-12.19.24.png",300,300,false],"medium_large":["https:\/\/fundaciohospitalariesmartorell.org\/entre-tots\/wp-content\/uploads\/2023\/06\/Captura-de-pantalla-2023-06-27-a-las-12.19.24.png",768,766,false],"large":["https:\/\/fundaciohospitalariesmartorell.org\/entre-tots\/wp-content\/uploads\/2023\/06\/Captura-de-pantalla-2023-06-27-a-las-12.19.24.png",1024,1022,false],"1536x1536":["https:\/\/fundaciohospitalariesmartorell.org\/entre-tots\/wp-content\/uploads\/2023\/06\/Captura-de-pantalla-2023-06-27-a-las-12.19.24.png",1536,1533,false],"2048x2048":["https:\/\/fundaciohospitalariesmartorell.org\/entre-tots\/wp-content\/uploads\/2023\/06\/Captura-de-pantalla-2023-06-27-a-las-12.19.24.png",1770,1766,false],"mailpoet_newsletter_max":["https:\/\/fundaciohospitalariesmartorell.org\/entre-tots\/wp-content\/uploads\/2023\/06\/Captura-de-pantalla-2023-06-27-a-las-12.19.24.png",1320,1317,false]},"post_excerpt_stackable_v2":"<p>El mitj\u00e0 digital Martorelldigital.cat va recollir a la seva p\u00e0gina web el dimarts 20 de juny la celebraci\u00f3 de la Vesprada Solid\u00e0ria de l\u2019Hospital, una cita que va congregar m\u00e9s de 200 assistents. S\u2019hi van recaptar 4.189 euros per al projecte solidari de la Fundaci\u00f3 Benito Menni adre\u00e7at a ajudar persones amb malaltia mental i sense sostre a Yauond\u00e9, al Camerun. https:\/\/martorelldigital.cat\/lhospital-sagrat-cor-recapta-mes-de-4-000-euros-a-la-seva-vesprada-solidaria\/<\/p>\n","category_list_v2":"<a href=\"https:\/\/fundaciohospitalariesmartorell.org\/entre-tots\/category\/entre-noticies\/\" rel=\"category tag\">ENTRE NOT\u00cdCIES<\/a>","author_info_v2":{"name":"Sagrat Cor","url":"https:\/\/fundaciohospitalariesmartorell.org\/entre-tots\/author\/daniel\/"},"comments_num_v2":"0 comments","_links":{"self":[{"href":"https:\/\/fundaciohospitalariesmartorell.org\/entre-tots\/wp-json\/wp\/v2\/posts\/6771","targetHints":{"allow":["GET"]}}],"collection":[{"href":"https:\/\/fundaciohospitalariesmartorell.org\/entre-tots\/wp-json\/wp\/v2\/posts"}],"about":[{"href":"https:\/\/fundaciohospitalariesmartorell.org\/entre-tots\/wp-json\/wp\/v2\/types\/post"}],"author":[{"embeddable":true,"href":"https:\/\/fundaciohospitalariesmartorell.org\/entre-tots\/wp-json\/wp\/v2\/users\/2"}],"replies":[{"embeddable":true,"href":"https:\/\/fundaciohospitalariesmartorell.org\/entre-tots\/wp-json\/wp\/v2\/comments?post=6771"}],"version-history":[{"count":2,"href":"https:\/\/fundaciohospitalariesmartorell.org\/entre-tots\/wp-json\/wp\/v2\/posts\/6771\/revisions"}],"predecessor-version":[{"id":6774,"href":"https:\/\/fundaciohospitalariesmartorell.org\/entre-tots\/wp-json\/wp\/v2\/posts\/6771\/revisions\/6774"}],"wp:featuredmedia":[{"embeddable":true,"href":"https:\/\/fundaciohospitalariesmartorell.org\/entre-tots\/wp-json\/wp\/v2\/media\/6773"}],"wp:attachment":[{"href":"https:\/\/fundaciohospitalariesmartorell.org\/entre-tots\/wp-json\/wp\/v2\/media?parent=6771"}],"wp:term":[{"taxonomy":"category","embeddable":true,"href":"https:\/\/fundaciohospitalariesmartorell.org\/entre-tots\/wp-json\/wp\/v2\/categories?post=6771"},{"taxonomy":"post_tag","embeddable":true,"href":"https:\/\/fundaciohospitalariesmartorell.org\/entre-tots\/wp-json\/wp\/v2\/tags?post=6771"}],"curies":[{"name":"wp","href":"https:\/\/api.w.org\/{rel}","templated":true}]}}