{"id":6775,"date":"2023-06-29T12:42:51","date_gmt":"2023-06-29T10:42:51","guid":{"rendered":"https:\/\/newweb.hospitalsagratcormartorell.org\/entre-tots\/?p=6775"},"modified":"2023-06-29T13:07:43","modified_gmt":"2023-06-29T11:07:43","slug":"la-vesprada-solidaria-a-radio-martorell","status":"publish","type":"post","link":"https:\/\/fundaciohospitalariesmartorell.org\/entre-tots\/2023\/06\/la-vesprada-solidaria-a-radio-martorell\/","title":{"rendered":"La Vesprada Solid\u00e0ria a R\u00e0dio Martorell"},"content":{"rendered":"<figure class=\"wp-block-post-featured-image\"><img loading=\"lazy\" decoding=\"async\" width=\"2048\" height=\"1497\" src=\"https:\/\/fundaciohospitalariesmartorell.org\/entre-tots\/wp-content\/uploads\/2023\/06\/310991297_132016062922546_105588695027678583_n.jpg\" class=\"attachment-post-thumbnail size-post-thumbnail wp-post-image\" alt=\"\" style=\"object-fit:cover;\" \/><\/figure>\n\n\n<p>A R\u00e0dio Martorell van explicar al seu informatiu del 16 de juny la celebraci\u00f3 de la Vesprada Solid\u00e0ria de l\u2019Hospital, amb motiu de la celebraci\u00f3 del Sagrat Cor de Jes\u00fas, patr\u00f3 de l\u2019Entitat, i van entrevistar Anna Casanovas, responsable de comunicaci\u00f3 de l\u2019Hospital, per con\u00e8ixer els preparatius d\u2019aquesta activitat.<\/p>\n\n\n\n<p>Pots escoltar l&#8217;\u00e0udio de l&#8217;entrevista <a href=\"https:\/\/hospitalsagratcormartorell.org\/entre-tots\/wp-content\/uploads\/2023\/06\/20230614-Radio-Martorell-Radioinformatiu-Vesprada-sol-idaria.mp3\" target=\"_blank\" rel=\"noreferrer noopener\">aqu\u00ed<\/a><\/p>\n","protected":false},"excerpt":{"rendered":"<p>A R\u00e0dio Martorell van explicar al seu informatiu del 16 de juny la celebraci\u00f3 de la Vesprada Solid\u00e0ria de l\u2019Hospital, amb motiu de la celebraci\u00f3 del Sagrat Cor de Jes\u00fas, patr\u00f3 de l\u2019Entitat, i van entrevistar Anna Casanovas, responsable de comunicaci\u00f3 de l\u2019Hospital, per con\u00e8ixer els preparatius d\u2019aquesta activitat. Pots escoltar l&#8217;\u00e0udio de l&#8217;entrevista aqu\u00ed<\/p>\n","protected":false},"author":2,"featured_media":6778,"comment_status":"closed","ping_status":"closed","sticky":false,"template":"","format":"standard","meta":{"footnotes":""},"categories":[44],"tags":[],"class_list":["post-6775","post","type-post","status-publish","format-standard","has-post-thumbnail","hentry","category-entre-noticies"],"blocksy_meta":{"styles_descriptor":{"styles":{"desktop":"","tablet":"","mobile":""},"google_fonts":[],"version":6}},"featured_image_urls_v2":{"full":["https:\/\/fundaciohospitalariesmartorell.org\/entre-tots\/wp-content\/uploads\/2023\/06\/310991297_132016062922546_105588695027678583_n.jpg",2048,1497,false],"thumbnail":["https:\/\/fundaciohospitalariesmartorell.org\/entre-tots\/wp-content\/uploads\/2023\/06\/310991297_132016062922546_105588695027678583_n.jpg",150,110,false],"medium":["https:\/\/fundaciohospitalariesmartorell.org\/entre-tots\/wp-content\/uploads\/2023\/06\/310991297_132016062922546_105588695027678583_n.jpg",300,219,false],"medium_large":["https:\/\/fundaciohospitalariesmartorell.org\/entre-tots\/wp-content\/uploads\/2023\/06\/310991297_132016062922546_105588695027678583_n.jpg",768,561,false],"large":["https:\/\/fundaciohospitalariesmartorell.org\/entre-tots\/wp-content\/uploads\/2023\/06\/310991297_132016062922546_105588695027678583_n.jpg",1024,749,false],"1536x1536":["https:\/\/fundaciohospitalariesmartorell.org\/entre-tots\/wp-content\/uploads\/2023\/06\/310991297_132016062922546_105588695027678583_n.jpg",1536,1123,false],"2048x2048":["https:\/\/fundaciohospitalariesmartorell.org\/entre-tots\/wp-content\/uploads\/2023\/06\/310991297_132016062922546_105588695027678583_n.jpg",2048,1497,false],"mailpoet_newsletter_max":["https:\/\/fundaciohospitalariesmartorell.org\/entre-tots\/wp-content\/uploads\/2023\/06\/310991297_132016062922546_105588695027678583_n.jpg",1320,965,false]},"post_excerpt_stackable_v2":"<p>A R\u00e0dio Martorell van explicar al seu informatiu del 16 de juny la celebraci\u00f3 de la Vesprada Solid\u00e0ria de l\u2019Hospital, amb motiu de la celebraci\u00f3 del Sagrat Cor de Jes\u00fas, patr\u00f3 de l\u2019Entitat, i van entrevistar Anna Casanovas, responsable de comunicaci\u00f3 de l\u2019Hospital, per con\u00e8ixer els preparatius d\u2019aquesta activitat. Pots escoltar l&#8217;\u00e0udio de l&#8217;entrevista aqu\u00ed<\/p>\n","category_list_v2":"<a href=\"https:\/\/fundaciohospitalariesmartorell.org\/entre-tots\/category\/entre-noticies\/\" rel=\"category tag\">ENTRE NOT\u00cdCIES<\/a>","author_info_v2":{"name":"Sagrat Cor","url":"https:\/\/fundaciohospitalariesmartorell.org\/entre-tots\/author\/daniel\/"},"comments_num_v2":"0 comments","_links":{"self":[{"href":"https:\/\/fundaciohospitalariesmartorell.org\/entre-tots\/wp-json\/wp\/v2\/posts\/6775","targetHints":{"allow":["GET"]}}],"collection":[{"href":"https:\/\/fundaciohospitalariesmartorell.org\/entre-tots\/wp-json\/wp\/v2\/posts"}],"about":[{"href":"https:\/\/fundaciohospitalariesmartorell.org\/entre-tots\/wp-json\/wp\/v2\/types\/post"}],"author":[{"embeddable":true,"href":"https:\/\/fundaciohospitalariesmartorell.org\/entre-tots\/wp-json\/wp\/v2\/users\/2"}],"replies":[{"embeddable":true,"href":"https:\/\/fundaciohospitalariesmartorell.org\/entre-tots\/wp-json\/wp\/v2\/comments?post=6775"}],"version-history":[{"count":2,"href":"https:\/\/fundaciohospitalariesmartorell.org\/entre-tots\/wp-json\/wp\/v2\/posts\/6775\/revisions"}],"predecessor-version":[{"id":6780,"href":"https:\/\/fundaciohospitalariesmartorell.org\/entre-tots\/wp-json\/wp\/v2\/posts\/6775\/revisions\/6780"}],"wp:featuredmedia":[{"embeddable":true,"href":"https:\/\/fundaciohospitalariesmartorell.org\/entre-tots\/wp-json\/wp\/v2\/media\/6778"}],"wp:attachment":[{"href":"https:\/\/fundaciohospitalariesmartorell.org\/entre-tots\/wp-json\/wp\/v2\/media?parent=6775"}],"wp:term":[{"taxonomy":"category","embeddable":true,"href":"https:\/\/fundaciohospitalariesmartorell.org\/entre-tots\/wp-json\/wp\/v2\/categories?post=6775"},{"taxonomy":"post_tag","embeddable":true,"href":"https:\/\/fundaciohospitalariesmartorell.org\/entre-tots\/wp-json\/wp\/v2\/tags?post=6775"}],"curies":[{"name":"wp","href":"https:\/\/api.w.org\/{rel}","templated":true}]}}