{"id":6786,"date":"2023-06-29T10:51:35","date_gmt":"2023-06-29T08:51:35","guid":{"rendered":"https:\/\/newweb.hospitalsagratcormartorell.org\/entre-tots\/?p=6786"},"modified":"2023-06-30T08:05:32","modified_gmt":"2023-06-30T06:05:32","slug":"participem-en-ia-primera-trobada-entre-professionals-especialitzats-en-demencies-dels-centres-de-germanes-hospitalaries-a-catalunya","status":"publish","type":"post","link":"https:\/\/fundaciohospitalariesmartorell.org\/entre-tots\/2023\/06\/participem-en-ia-primera-trobada-entre-professionals-especialitzats-en-demencies-dels-centres-de-germanes-hospitalaries-a-catalunya\/","title":{"rendered":"Primera trobada entre professionals especialitzats en dem\u00e8ncies dels centres de Germanes Hospital\u00e0ries a Catalunya"},"content":{"rendered":"<figure class=\"wp-block-post-featured-image\"><img loading=\"lazy\" decoding=\"async\" width=\"2048\" height=\"1308\" src=\"https:\/\/fundaciohospitalariesmartorell.org\/entre-tots\/wp-content\/uploads\/2023\/06\/reunion-unidades-demencias.jpeg\" class=\"attachment-post-thumbnail size-post-thumbnail wp-post-image\" alt=\"\" style=\"object-fit:cover;\" \/><\/figure>\n\n\n<p>Dos professionals de l\u2019Hospital Sagrat Cor, el doctor Luis Gil i Juan Carlos Cejudo, neur\u00f2leg i neuropsic\u00f2leg de la Unitat de Dem\u00e8ncies i Trastorns Cognitius, respectivament, van participar en la primera trobada entre professionals especialitzats en dem\u00e8ncies dels centres de Germanes Hospital\u00e0ries a Catalunya, que es va celebrar el 12 de maig a Barcelona. En concret, a la reuni\u00f3 van estar presents professionals de Psicologia i de Neurologia de l\u2019Hospital Sagrat Cor, l\u2019Hospital Sant Rafael, Benito Menni CASM i de l\u2019Hospital Mare de D\u00e9u de la Merc\u00e8.<\/p>\n\n\n\n<p>Segons el Dr. Gil, l\u2019objectiu de la trobada va ser con\u00e8ixer-nos i unificar criteris sobre les escales existents per valorar pacients amb deteriorament cognitiu o dem\u00e8ncia. \u201cTots i totes som professionals que treballem en el mateix camp i \u00e9s clau trobar espais on poder compartir coneixements\u201d, afirma.<\/p>\n\n\n\n<p>Aix\u00ed mateix, en el marc de la reuni\u00f3, el Dr. Cejudo va compartir amb la resta de persones assistents una escala de valoraci\u00f3 neuropsicol\u00f2gica, ideada per ell mateix i la qual resulta de gran utilitat per ajudar a orientar el tipus de dem\u00e8ncia\/deteriorament cognitiu.<\/p>\n","protected":false},"excerpt":{"rendered":"<p>Dos professionals de l\u2019Hospital Sagrat Cor, el doctor Luis Gil i Juan Carlos Cejudo, neur\u00f2leg i neuropsic\u00f2leg de la Unitat de Dem\u00e8ncies i Trastorns Cognitius, respectivament, van participar en la primera trobada entre professionals especialitzats en dem\u00e8ncies dels centres de Germanes Hospital\u00e0ries a Catalunya, que es va celebrar el 12 de maig a Barcelona. En [&hellip;]<\/p>\n","protected":false},"author":2,"featured_media":6687,"comment_status":"closed","ping_status":"closed","sticky":false,"template":"","format":"standard","meta":{"footnotes":""},"categories":[27],"tags":[],"class_list":["post-6786","post","type-post","status-publish","format-standard","has-post-thumbnail","hentry","category-actualitat"],"blocksy_meta":{"styles_descriptor":{"styles":{"desktop":"","tablet":"","mobile":""},"google_fonts":[],"version":6}},"featured_image_urls_v2":{"full":["https:\/\/fundaciohospitalariesmartorell.org\/entre-tots\/wp-content\/uploads\/2023\/06\/reunion-unidades-demencias.jpeg",2048,1308,false],"thumbnail":["https:\/\/fundaciohospitalariesmartorell.org\/entre-tots\/wp-content\/uploads\/2023\/06\/reunion-unidades-demencias.jpeg",150,96,false],"medium":["https:\/\/fundaciohospitalariesmartorell.org\/entre-tots\/wp-content\/uploads\/2023\/06\/reunion-unidades-demencias.jpeg",300,192,false],"medium_large":["https:\/\/fundaciohospitalariesmartorell.org\/entre-tots\/wp-content\/uploads\/2023\/06\/reunion-unidades-demencias.jpeg",768,491,false],"large":["https:\/\/fundaciohospitalariesmartorell.org\/entre-tots\/wp-content\/uploads\/2023\/06\/reunion-unidades-demencias.jpeg",1024,654,false],"1536x1536":["https:\/\/fundaciohospitalariesmartorell.org\/entre-tots\/wp-content\/uploads\/2023\/06\/reunion-unidades-demencias.jpeg",1536,981,false],"2048x2048":["https:\/\/fundaciohospitalariesmartorell.org\/entre-tots\/wp-content\/uploads\/2023\/06\/reunion-unidades-demencias.jpeg",2048,1308,false],"mailpoet_newsletter_max":["https:\/\/fundaciohospitalariesmartorell.org\/entre-tots\/wp-content\/uploads\/2023\/06\/reunion-unidades-demencias.jpeg",1320,843,false]},"post_excerpt_stackable_v2":"<p>Dos professionals de l\u2019Hospital Sagrat Cor, el doctor Luis Gil i Juan Carlos Cejudo, neur\u00f2leg i neuropsic\u00f2leg de la Unitat de Dem\u00e8ncies i Trastorns Cognitius, respectivament, van participar en la primera trobada entre professionals especialitzats en dem\u00e8ncies dels centres de Germanes Hospital\u00e0ries a Catalunya, que es va celebrar el 12 de maig a Barcelona. En concret, a la reuni\u00f3 van estar presents professionals de Psicologia i de Neurologia de l\u2019Hospital Sagrat Cor, l\u2019Hospital Sant Rafael, Benito Menni CASM i de l\u2019Hospital Mare de D\u00e9u de la Merc\u00e8. Segons el Dr. Gil, l\u2019objectiu de la trobada va ser con\u00e8ixer-nos i unificar&hellip;<\/p>\n","category_list_v2":"<a href=\"https:\/\/fundaciohospitalariesmartorell.org\/entre-tots\/category\/actualitat\/\" rel=\"category tag\">ACTUALITAT<\/a>","author_info_v2":{"name":"Sagrat Cor","url":"https:\/\/fundaciohospitalariesmartorell.org\/entre-tots\/author\/daniel\/"},"comments_num_v2":"0 comments","_links":{"self":[{"href":"https:\/\/fundaciohospitalariesmartorell.org\/entre-tots\/wp-json\/wp\/v2\/posts\/6786","targetHints":{"allow":["GET"]}}],"collection":[{"href":"https:\/\/fundaciohospitalariesmartorell.org\/entre-tots\/wp-json\/wp\/v2\/posts"}],"about":[{"href":"https:\/\/fundaciohospitalariesmartorell.org\/entre-tots\/wp-json\/wp\/v2\/types\/post"}],"author":[{"embeddable":true,"href":"https:\/\/fundaciohospitalariesmartorell.org\/entre-tots\/wp-json\/wp\/v2\/users\/2"}],"replies":[{"embeddable":true,"href":"https:\/\/fundaciohospitalariesmartorell.org\/entre-tots\/wp-json\/wp\/v2\/comments?post=6786"}],"version-history":[{"count":3,"href":"https:\/\/fundaciohospitalariesmartorell.org\/entre-tots\/wp-json\/wp\/v2\/posts\/6786\/revisions"}],"predecessor-version":[{"id":6843,"href":"https:\/\/fundaciohospitalariesmartorell.org\/entre-tots\/wp-json\/wp\/v2\/posts\/6786\/revisions\/6843"}],"wp:featuredmedia":[{"embeddable":true,"href":"https:\/\/fundaciohospitalariesmartorell.org\/entre-tots\/wp-json\/wp\/v2\/media\/6687"}],"wp:attachment":[{"href":"https:\/\/fundaciohospitalariesmartorell.org\/entre-tots\/wp-json\/wp\/v2\/media?parent=6786"}],"wp:term":[{"taxonomy":"category","embeddable":true,"href":"https:\/\/fundaciohospitalariesmartorell.org\/entre-tots\/wp-json\/wp\/v2\/categories?post=6786"},{"taxonomy":"post_tag","embeddable":true,"href":"https:\/\/fundaciohospitalariesmartorell.org\/entre-tots\/wp-json\/wp\/v2\/tags?post=6786"}],"curies":[{"name":"wp","href":"https:\/\/api.w.org\/{rel}","templated":true}]}}