{"id":6863,"date":"2023-07-27T15:38:31","date_gmt":"2023-07-27T13:38:31","guid":{"rendered":"https:\/\/hospitalsagratcormartorell.org\/entre-tots\/?p=6863"},"modified":"2023-07-27T23:01:59","modified_gmt":"2023-07-27T21:01:59","slug":"persones-usuaries-de-larea-psicosocial-de-rehabilitacio-de-salut-mental-inicien-una-terapia-assistida-amb-gossos","status":"publish","type":"post","link":"https:\/\/fundaciohospitalariesmartorell.org\/entre-tots\/2023\/07\/persones-usuaries-de-larea-psicosocial-de-rehabilitacio-de-salut-mental-inicien-una-terapia-assistida-amb-gossos\/","title":{"rendered":"Persones usu\u00e0ries de l\u2019\u00c0rea Psicosocial de Rehabilitaci\u00f3 de Salut Mental inicien una ter\u00e0pia assistida amb gossos"},"content":{"rendered":"<figure class=\"wp-block-post-featured-image\"><img loading=\"lazy\" decoding=\"async\" width=\"1519\" height=\"1608\" src=\"https:\/\/fundaciohospitalariesmartorell.org\/entre-tots\/wp-content\/uploads\/2023\/07\/IMG-20230706-WA0067.jpg\" class=\"attachment-post-thumbnail size-post-thumbnail wp-post-image\" alt=\"\" style=\"object-fit:cover;\" \/><\/figure>\n\n\n<p>El 6 de juliol, prop de vint-i-cinc usuaris i usu\u00e0ries de l\u2019\u00c0rea Psicosocial de Rehabilitaci\u00f3 de Salut Mental de l\u2019Hospital Sagrat Cor van participar, dividits en dos grups, a la primera sessi\u00f3 d\u2019un programa d\u2019intervenci\u00f3 assistida amb gossos que el Centre posa en marxa amb l\u2019objectiu de millorar la qualitat de vida de les persones amb un trastorn mental.<\/p>\n\n\n\n<p>L\u2019Ivy i el James van ser els protagonistes d\u2019aquesta activitat, que t\u00e9 una durada de cinquanta minuts, on participen, cada quinze dies, dos grups d\u2019usuaris i usu\u00e0ries de les unitats RHB4 i RHB5. En aquests recursos assistencials s\u2019atenen, d\u2019una banda, persones amb baixa depend\u00e8ncia psiqui\u00e0trica (RHB4), i, de l\u2019altra, usu\u00e0ries i usuaris amb una simptomatologia m\u00e9s greu (RHB5), que poden tenir dificultats per romandre un temps perllongat en una sala fent una activitat o per verbalitzar les seves emocions.<\/p>\n\n\n\n<p>Aquesta iniciativa es basa en la implementaci\u00f3 d\u2019una proposta de millora de processos d&#8217;atenci\u00f3 a l&#8217;usuari presentada l\u2019any 2022 per Silvia Guti\u00e9rrez, infermera d\u2019RH4 del Centre, com a projecte final de la segona edici\u00f3 dels itineraris formatius per a infermeria en els \u00e0mbits sociosanitari i de salut mental, i per a personal administratiu.<\/p>\n\n\n\n<p>\u201cDiversos estudis avalen els beneficis biopsicosocials de la ter\u00e0pia assistida amb gossos en l\u2019\u00e0mbit de la salut mental\u201d, explica Guti\u00e9rrez. \u201cA banda de la millora que representa l\u2019activitat fisiol\u00f2gicament parlant, redueix la freq\u00fc\u00e8ncia card\u00edaca i la tensi\u00f3 arterial, ajuda la persona amb un problema de salut mental a disminuir l\u2019ansietat, a relacionar-se amb l\u2019entorn i a expressar millor el que sent\u201d, assenyala.<\/p>\n\n\n\n<figure class=\"wp-block-gallery has-nested-images columns-default is-cropped wp-block-gallery-1 is-layout-flex wp-block-gallery-is-layout-flex\">\n<figure class=\"wp-block-image size-large\"><img loading=\"lazy\" decoding=\"async\" width=\"570\" height=\"915\" data-id=\"6867\" src=\"https:\/\/hospitalsagratcormartorell.org\/entre-tots\/wp-content\/uploads\/2023\/07\/IMG-20230706-WA0064.jpg\" alt=\"\" class=\"wp-image-6867\"\/><\/figure>\n\n\n\n<figure class=\"wp-block-image size-large\"><img loading=\"lazy\" decoding=\"async\" width=\"1572\" height=\"1736\" data-id=\"6866\" src=\"https:\/\/hospitalsagratcormartorell.org\/entre-tots\/wp-content\/uploads\/2023\/07\/IMG-20230706-WA0062.jpg\" alt=\"\" class=\"wp-image-6866\"\/><\/figure>\n<\/figure>\n\n\n\n<p>La valoraci\u00f3 d\u2019aquesta primera sessi\u00f3 va ser molt positiva i ja s\u2019hi van observar resultats. \u201cPacients que cr\u00e8iem que no aguantarien l\u2019activitat han estat gaireb\u00e9 una hora centrats en all\u00f2 que se\u2019ls explicava i hi han participat\u201d, afirma la infermera del Centre, que tamb\u00e9 \u00e9s la coordinadora de la iniciativa. \u201cUn fet que mostra que l\u2019han gaudida ha estat que algunes persones han entrat a la sala enfadades i n\u2019han sortit amb un somriure i preguntant quan seria la pr\u00f2xima sessi\u00f3\u201d, destaca.<\/p>\n\n\n\n<p>La participaci\u00f3 en aquesta ter\u00e0pia \u00e9s un acte totalment voluntari, i els usuaris i usu\u00e0ries es troben en un ambient lliure de judicis i d\u2019obligacions. Tamb\u00e9 t\u00e9 una repercussi\u00f3 positiva en el professional, ja que, a banda de la relaxaci\u00f3 que suposa acaronar l\u2019animal, li permet valorar l\u2019estat emocional i relacional dels pacients en un entorn dist\u00e8s.<\/p>\n\n\n\n<p>\u201cEls gossos no jutgen, nom\u00e9s donen amor i alegria, i suposen un pont comunicatiu entre el terapeuta i la persona usu\u00e0ria que complementa la resta de tractaments que s\u2019ofereixen a l\u2019Hospital Sagrat Cor\u201d, afirmen Andrea Galofr\u00e9, guia canina, i Laia Portol\u00e9s, psic\u00f2loga, que s\u00f3n les dues professionals que condueixen les sessions. Ambdues formen part de Perruneando, una entitat dedicada a l\u2019educaci\u00f3 canina i a les intervencions assistides amb gossos.<\/p>\n\n\n\n<figure class=\"wp-block-image size-full\"><img loading=\"lazy\" decoding=\"async\" width=\"604\" height=\"689\" src=\"https:\/\/hospitalsagratcormartorell.org\/entre-tots\/wp-content\/uploads\/2023\/07\/IMG-20230706-WA0060.jpg\" alt=\"\" class=\"wp-image-6865\"\/><\/figure>\n","protected":false},"excerpt":{"rendered":"<p>El 6 de juliol, prop de vint-i-cinc usuaris i usu\u00e0ries de l\u2019\u00c0rea Psicosocial de Rehabilitaci\u00f3 de Salut Mental de l\u2019Hospital Sagrat Cor van participar, dividits en dos grups, a la primera sessi\u00f3 d\u2019un programa d\u2019intervenci\u00f3 assistida amb gossos que el Centre posa en marxa amb l\u2019objectiu de millorar la qualitat de vida de les persones [&hellip;]<\/p>\n","protected":false},"author":2,"featured_media":6868,"comment_status":"closed","ping_status":"closed","sticky":false,"template":"","format":"standard","meta":{"footnotes":""},"categories":[27],"tags":[],"class_list":["post-6863","post","type-post","status-publish","format-standard","has-post-thumbnail","hentry","category-actualitat"],"blocksy_meta":{"styles_descriptor":{"styles":{"desktop":"","tablet":"","mobile":""},"google_fonts":[],"version":6}},"featured_image_urls_v2":{"full":["https:\/\/fundaciohospitalariesmartorell.org\/entre-tots\/wp-content\/uploads\/2023\/07\/IMG-20230706-WA0067.jpg",1519,1608,false],"thumbnail":["https:\/\/fundaciohospitalariesmartorell.org\/entre-tots\/wp-content\/uploads\/2023\/07\/IMG-20230706-WA0067.jpg",142,150,false],"medium":["https:\/\/fundaciohospitalariesmartorell.org\/entre-tots\/wp-content\/uploads\/2023\/07\/IMG-20230706-WA0067.jpg",283,300,false],"medium_large":["https:\/\/fundaciohospitalariesmartorell.org\/entre-tots\/wp-content\/uploads\/2023\/07\/IMG-20230706-WA0067.jpg",768,813,false],"large":["https:\/\/fundaciohospitalariesmartorell.org\/entre-tots\/wp-content\/uploads\/2023\/07\/IMG-20230706-WA0067.jpg",967,1024,false],"1536x1536":["https:\/\/fundaciohospitalariesmartorell.org\/entre-tots\/wp-content\/uploads\/2023\/07\/IMG-20230706-WA0067.jpg",1451,1536,false],"2048x2048":["https:\/\/fundaciohospitalariesmartorell.org\/entre-tots\/wp-content\/uploads\/2023\/07\/IMG-20230706-WA0067.jpg",1519,1608,false],"mailpoet_newsletter_max":["https:\/\/fundaciohospitalariesmartorell.org\/entre-tots\/wp-content\/uploads\/2023\/07\/IMG-20230706-WA0067.jpg",1320,1397,false]},"post_excerpt_stackable_v2":"<p>El 6 de juliol, prop de vint-i-cinc usuaris i usu\u00e0ries de l\u2019\u00c0rea Psicosocial de Rehabilitaci\u00f3 de Salut Mental de l\u2019Hospital Sagrat Cor van participar, dividits en dos grups, a la primera sessi\u00f3 d\u2019un programa d\u2019intervenci\u00f3 assistida amb gossos que el Centre posa en marxa amb l\u2019objectiu de millorar la qualitat de vida de les persones amb un trastorn mental. L\u2019Ivy i el James van ser els protagonistes d\u2019aquesta activitat, que t\u00e9 una durada de cinquanta minuts, on participen, cada quinze dies, dos grups d\u2019usuaris i usu\u00e0ries de les unitats RHB4 i RHB5. En aquests recursos assistencials s\u2019atenen, d\u2019una banda, persones&hellip;<\/p>\n","category_list_v2":"<a href=\"https:\/\/fundaciohospitalariesmartorell.org\/entre-tots\/category\/actualitat\/\" rel=\"category tag\">ACTUALITAT<\/a>","author_info_v2":{"name":"Sagrat Cor","url":"https:\/\/fundaciohospitalariesmartorell.org\/entre-tots\/author\/daniel\/"},"comments_num_v2":"0 comments","_links":{"self":[{"href":"https:\/\/fundaciohospitalariesmartorell.org\/entre-tots\/wp-json\/wp\/v2\/posts\/6863","targetHints":{"allow":["GET"]}}],"collection":[{"href":"https:\/\/fundaciohospitalariesmartorell.org\/entre-tots\/wp-json\/wp\/v2\/posts"}],"about":[{"href":"https:\/\/fundaciohospitalariesmartorell.org\/entre-tots\/wp-json\/wp\/v2\/types\/post"}],"author":[{"embeddable":true,"href":"https:\/\/fundaciohospitalariesmartorell.org\/entre-tots\/wp-json\/wp\/v2\/users\/2"}],"replies":[{"embeddable":true,"href":"https:\/\/fundaciohospitalariesmartorell.org\/entre-tots\/wp-json\/wp\/v2\/comments?post=6863"}],"version-history":[{"count":3,"href":"https:\/\/fundaciohospitalariesmartorell.org\/entre-tots\/wp-json\/wp\/v2\/posts\/6863\/revisions"}],"predecessor-version":[{"id":6944,"href":"https:\/\/fundaciohospitalariesmartorell.org\/entre-tots\/wp-json\/wp\/v2\/posts\/6863\/revisions\/6944"}],"wp:featuredmedia":[{"embeddable":true,"href":"https:\/\/fundaciohospitalariesmartorell.org\/entre-tots\/wp-json\/wp\/v2\/media\/6868"}],"wp:attachment":[{"href":"https:\/\/fundaciohospitalariesmartorell.org\/entre-tots\/wp-json\/wp\/v2\/media?parent=6863"}],"wp:term":[{"taxonomy":"category","embeddable":true,"href":"https:\/\/fundaciohospitalariesmartorell.org\/entre-tots\/wp-json\/wp\/v2\/categories?post=6863"},{"taxonomy":"post_tag","embeddable":true,"href":"https:\/\/fundaciohospitalariesmartorell.org\/entre-tots\/wp-json\/wp\/v2\/tags?post=6863"}],"curies":[{"name":"wp","href":"https:\/\/api.w.org\/{rel}","templated":true}]}}