{"id":6870,"date":"2023-07-27T15:37:03","date_gmt":"2023-07-27T13:37:03","guid":{"rendered":"https:\/\/hospitalsagratcormartorell.org\/entre-tots\/?p=6870"},"modified":"2023-07-27T23:01:50","modified_gmt":"2023-07-27T21:01:50","slug":"resultats-positius-de-lenquesta-digualtat-doportunitats-entre-homes-i-dones","status":"publish","type":"post","link":"https:\/\/fundaciohospitalariesmartorell.org\/entre-tots\/2023\/07\/resultats-positius-de-lenquesta-digualtat-doportunitats-entre-homes-i-dones\/","title":{"rendered":"Resultats positius de l\u2019enquesta d\u2019igualtat d\u2019oportunitats entre homes i dones"},"content":{"rendered":"<figure class=\"wp-block-post-featured-image\"><img loading=\"lazy\" decoding=\"async\" width=\"1838\" height=\"2558\" src=\"https:\/\/fundaciohospitalariesmartorell.org\/entre-tots\/wp-content\/uploads\/2023\/07\/Captura-de-pantalla-2023-07-27-a-les-15.07.30.jpg\" class=\"attachment-post-thumbnail size-post-thumbnail wp-post-image\" alt=\"\" style=\"object-fit:cover;\" \/><\/figure>\n\n\n<p>Entre el 15 de maig i el 4 de juny, la Comissi\u00f3 d\u2019Igualtat de l\u2019Hospital Sagrat Cor va fer una enquesta an\u00f2nima per con\u00e8ixer la percepci\u00f3 del personal col\u00b7laborador en mat\u00e8ria d\u2019igualtat entre homes i dones al nostre Centre. Hi van participar un total de 140 persones \u2013112 dones, 30 homes i 1 de g\u00e8nere fluid\u2013. La percepci\u00f3 general del personal col\u00b7laborador sobre la igualtat d\u2019oportunitats \u00e9s positiva. Aix\u00ed, per exemple, el 89,28 % de les dones enquestades i el 96 % dels homes enquestats consideren que la retribuci\u00f3 de l\u2019empresa es fa des de criteris d\u2019igualtat; el 84,82 % de les dones i el 100 % dels homes opinen que, al Centre, l\u2019avan\u00e7 i el progr\u00e9s en la carrera professional pot fer-se independentment del g\u00e8nere. Una altra dada important \u00e9s que el 97,33 % de les dones i el 100 % dels homes no consideren que hagin estat mai discriminats a l\u2019empresa per ra\u00f3 de g\u00e8nere.<\/p>\n\n\n\n<p>Tamb\u00e9 es destaca el bon clima laboral existent en mat\u00e8ria d\u2019igualtat a l\u2019Hospital. Aix\u00ed, el 84,83 % de les dones i el 96,6 % dels homes que van participar a l\u2019enquesta van contestar que no hi havia comentaris suggestius o sexistes, bromes ofensives o peticions de converses inapropiades, i el 88,4 % de les dones i el 90,21 % dels homes van assenyalar que no havien observat que es tract\u00e9s les dones amb noms o diminutius que poguessin resultar ofensius o intimidatoris. Una altra dada rellevant \u00e9s que el 95,54 % de les dones i el 100 % dels homes enquestats van respondre negativament a la pregunta de si havien viscut un contacte f\u00edsic sexual no desitjat.<\/p>\n\n\n\n<p>Un altre bloc important va ser el que feia refer\u00e8ncia a les facilitats per conciliar vida laboral i familiar. Aix\u00ed, el 84,82 % de les dones i el 93,33 % dels homes van respondre que des de l\u2019Hospital s\u2019oferien les mateixes facilitats per poder conciliar ambdues vides, independentment del g\u00e8nere. Tamb\u00e9 el 84,83 % de les dones i el 90 % dels homes no creuen que les persones que es fan c\u00e0rrec d\u2019altres persones o familiars que requereixen cures s\u2019hagin d\u2019enfrontar a un clima laboral hostil. El 72,32 % de les dones i el 80 % dels homes van respondre afirmativament a la pregunta de si el Centre havia donat resposta a les seves necessitats de flexibilitat per a la conciliaci\u00f3 familiar.<\/p>\n","protected":false},"excerpt":{"rendered":"<p>Entre el 15 de maig i el 4 de juny, la Comissi\u00f3 d\u2019Igualtat de l\u2019Hospital Sagrat Cor va fer una enquesta an\u00f2nima per con\u00e8ixer la percepci\u00f3 del personal col\u00b7laborador en mat\u00e8ria d\u2019igualtat entre homes i dones al nostre Centre. Hi van participar un total de 140 persones \u2013112 dones, 30 homes i 1 de g\u00e8nere [&hellip;]<\/p>\n","protected":false},"author":2,"featured_media":6872,"comment_status":"closed","ping_status":"closed","sticky":false,"template":"","format":"standard","meta":{"footnotes":""},"categories":[27],"tags":[],"class_list":["post-6870","post","type-post","status-publish","format-standard","has-post-thumbnail","hentry","category-actualitat"],"blocksy_meta":{"styles_descriptor":{"styles":{"desktop":"","tablet":"","mobile":""},"google_fonts":[],"version":6}},"featured_image_urls_v2":{"full":["https:\/\/fundaciohospitalariesmartorell.org\/entre-tots\/wp-content\/uploads\/2023\/07\/Captura-de-pantalla-2023-07-27-a-les-15.07.30.jpg",1838,2558,false],"thumbnail":["https:\/\/fundaciohospitalariesmartorell.org\/entre-tots\/wp-content\/uploads\/2023\/07\/Captura-de-pantalla-2023-07-27-a-les-15.07.30.jpg",108,150,false],"medium":["https:\/\/fundaciohospitalariesmartorell.org\/entre-tots\/wp-content\/uploads\/2023\/07\/Captura-de-pantalla-2023-07-27-a-les-15.07.30.jpg",216,300,false],"medium_large":["https:\/\/fundaciohospitalariesmartorell.org\/entre-tots\/wp-content\/uploads\/2023\/07\/Captura-de-pantalla-2023-07-27-a-les-15.07.30.jpg",768,1069,false],"large":["https:\/\/fundaciohospitalariesmartorell.org\/entre-tots\/wp-content\/uploads\/2023\/07\/Captura-de-pantalla-2023-07-27-a-les-15.07.30.jpg",736,1024,false],"1536x1536":["https:\/\/fundaciohospitalariesmartorell.org\/entre-tots\/wp-content\/uploads\/2023\/07\/Captura-de-pantalla-2023-07-27-a-les-15.07.30.jpg",1104,1536,false],"2048x2048":["https:\/\/fundaciohospitalariesmartorell.org\/entre-tots\/wp-content\/uploads\/2023\/07\/Captura-de-pantalla-2023-07-27-a-les-15.07.30.jpg",1472,2048,false],"mailpoet_newsletter_max":["https:\/\/fundaciohospitalariesmartorell.org\/entre-tots\/wp-content\/uploads\/2023\/07\/Captura-de-pantalla-2023-07-27-a-les-15.07.30.jpg",1320,1837,false]},"post_excerpt_stackable_v2":"<p>Entre el 15 de maig i el 4 de juny, la Comissi\u00f3 d\u2019Igualtat de l\u2019Hospital Sagrat Cor va fer una enquesta an\u00f2nima per con\u00e8ixer la percepci\u00f3 del personal col\u00b7laborador en mat\u00e8ria d\u2019igualtat entre homes i dones al nostre Centre. Hi van participar un total de 140 persones \u2013112 dones, 30 homes i 1 de g\u00e8nere fluid\u2013. La percepci\u00f3 general del personal col\u00b7laborador sobre la igualtat d\u2019oportunitats \u00e9s positiva. Aix\u00ed, per exemple, el 89,28 % de les dones enquestades i el 96 % dels homes enquestats consideren que la retribuci\u00f3 de l\u2019empresa es fa des de criteris d\u2019igualtat; el 84,82 %&hellip;<\/p>\n","category_list_v2":"<a href=\"https:\/\/fundaciohospitalariesmartorell.org\/entre-tots\/category\/actualitat\/\" rel=\"category tag\">ACTUALITAT<\/a>","author_info_v2":{"name":"Sagrat Cor","url":"https:\/\/fundaciohospitalariesmartorell.org\/entre-tots\/author\/daniel\/"},"comments_num_v2":"0 comments","_links":{"self":[{"href":"https:\/\/fundaciohospitalariesmartorell.org\/entre-tots\/wp-json\/wp\/v2\/posts\/6870","targetHints":{"allow":["GET"]}}],"collection":[{"href":"https:\/\/fundaciohospitalariesmartorell.org\/entre-tots\/wp-json\/wp\/v2\/posts"}],"about":[{"href":"https:\/\/fundaciohospitalariesmartorell.org\/entre-tots\/wp-json\/wp\/v2\/types\/post"}],"author":[{"embeddable":true,"href":"https:\/\/fundaciohospitalariesmartorell.org\/entre-tots\/wp-json\/wp\/v2\/users\/2"}],"replies":[{"embeddable":true,"href":"https:\/\/fundaciohospitalariesmartorell.org\/entre-tots\/wp-json\/wp\/v2\/comments?post=6870"}],"version-history":[{"count":2,"href":"https:\/\/fundaciohospitalariesmartorell.org\/entre-tots\/wp-json\/wp\/v2\/posts\/6870\/revisions"}],"predecessor-version":[{"id":6873,"href":"https:\/\/fundaciohospitalariesmartorell.org\/entre-tots\/wp-json\/wp\/v2\/posts\/6870\/revisions\/6873"}],"wp:featuredmedia":[{"embeddable":true,"href":"https:\/\/fundaciohospitalariesmartorell.org\/entre-tots\/wp-json\/wp\/v2\/media\/6872"}],"wp:attachment":[{"href":"https:\/\/fundaciohospitalariesmartorell.org\/entre-tots\/wp-json\/wp\/v2\/media?parent=6870"}],"wp:term":[{"taxonomy":"category","embeddable":true,"href":"https:\/\/fundaciohospitalariesmartorell.org\/entre-tots\/wp-json\/wp\/v2\/categories?post=6870"},{"taxonomy":"post_tag","embeddable":true,"href":"https:\/\/fundaciohospitalariesmartorell.org\/entre-tots\/wp-json\/wp\/v2\/tags?post=6870"}],"curies":[{"name":"wp","href":"https:\/\/api.w.org\/{rel}","templated":true}]}}