{"id":6874,"date":"2023-07-27T15:36:53","date_gmt":"2023-07-27T13:36:53","guid":{"rendered":"https:\/\/hospitalsagratcormartorell.org\/entre-tots\/?p=6874"},"modified":"2023-07-27T23:01:43","modified_gmt":"2023-07-27T21:01:43","slug":"experiencia-del-proces-de-desinstitucionalitzacio-a-lhospital-sagrat-cor","status":"publish","type":"post","link":"https:\/\/fundaciohospitalariesmartorell.org\/entre-tots\/2023\/07\/experiencia-del-proces-de-desinstitucionalitzacio-a-lhospital-sagrat-cor\/","title":{"rendered":"Experi\u00e8ncia del proc\u00e9s de desinstitucionalitzaci\u00f3 a l\u2019Hospital Sagrat Cor"},"content":{"rendered":"<figure class=\"wp-block-post-featured-image\"><img loading=\"lazy\" decoding=\"async\" width=\"814\" height=\"573\" src=\"https:\/\/fundaciohospitalariesmartorell.org\/entre-tots\/wp-content\/uploads\/2023\/07\/IMG-20230630-WA0072.jpg\" class=\"attachment-post-thumbnail size-post-thumbnail wp-post-image\" alt=\"\" style=\"object-fit:cover;\" \/><\/figure>\n\n\n<p>Josep Tristany, cap de l\u2019\u00c0rea de Rehabilitaci\u00f3 de l\u2019Hospital Sagrat Cor, va explicar l\u2019experi\u00e8ncia del proc\u00e9s de reconversi\u00f3 de les unitats de llarga estada del Centre en el marc de la \u2018Jornada sobre prevenci\u00f3 de la institucionalitzaci\u00f3 i desinstitucionalitzaci\u00f3 cap a l\u2019autonomia personal\u2019, que va tenir lloc el 30 de juny a la sala d\u2019actes de la Pedrera.&nbsp;Organitzat pels Departaments de Salut i de Drets Socials, l\u2019objectiu de l&#8217;acte, segons Tristany, era posar en valor la feina que s\u2019est\u00e0 fent per avan\u00e7ar en l\u2019atenci\u00f3 integrada social i sanit\u00e0ria. La inauguraci\u00f3 va anar a c\u00e0rrec dels consellers d\u2019ambd\u00f3s departaments, Manel Balcells i Carles Campuzano, respectivament.&nbsp;<\/p>\n\n\n\n<p>El cap de l\u2019\u00c0rea de Rehabilitaci\u00f3 de l\u2019Hospital Sagrat Cor va recordar que, des dels inicis del segle XXI, sota la direcci\u00f3 del llavors director m\u00e8dic del Centre, el doctor Jos\u00e9 Antonio Larraz, es va iniciar una transformaci\u00f3 de l\u2019\u00c0rea de Rehabilitaci\u00f3 del Centre organitzant-la segons programes seq\u00fcencials, estructurals, d\u2019alta especialitzaci\u00f3 i que tenien molt en compte l\u2019entorn comunitari i el contacte continuat que hi tenen les persones ateses.<\/p>\n\n\n\n<figure class=\"wp-block-image alignleft size-full is-resized\"><img loading=\"lazy\" decoding=\"async\" src=\"https:\/\/hospitalsagratcormartorell.org\/entre-tots\/wp-content\/uploads\/2023\/07\/IMG-20230630-WA0074.jpg\" alt=\"\" class=\"wp-image-6877\" width=\"366\" height=\"288\"\/><\/figure>\n\n\n\n<p>El 2019, el Consell Assessor de Salut Mental i Addiccions de la Generalitat de Catalunya, en aquell moment&nbsp;presidit pel doctor Joan Vegu\u00e9, va dur a terme la realitzaci\u00f3 d&#8217;un estudi&nbsp;sobre les caracter\u00edstiques sociodemogr\u00e0fiques, cl\u00edniques i de necessitats&nbsp;de la poblaci\u00f3 que estava ingressada a les unitats de llarga estada de Catalunya, liderat per Josep Tristany. A partir dels resultats obtinguts, el Centre, amb el vist i plau de la ger\u00e8ncia i la direcci\u00f3 m\u00e8dica actual, va iniciar un proc\u00e9s de desinstitucionalitzaci\u00f3 de certs grups de persones usu\u00e0ries, algunes de les quals portaven m\u00e9s de 30 anys ingressades. Per exemple, es va poder tancar el programa psicogeri\u00e0tric arran de la derivaci\u00f3 de pacients de m\u00e9s de 65 anys amb grau 2 de depend\u00e8ncia a resid\u00e8ncies de la tercera edat i a recursos sociosanitaris. Des d&#8217;aleshores, s\u2019ha anat seguint el ritme de tancar un llit cada tres altes donades, fet que ha comportat una disminuci\u00f3, a dia d\u2019avui, d\u2019una quarantena de llits de llarga estada.&nbsp;<\/p>\n","protected":false},"excerpt":{"rendered":"<p>Josep Tristany, cap de l\u2019\u00c0rea de Rehabilitaci\u00f3 de l\u2019Hospital Sagrat Cor, va explicar l\u2019experi\u00e8ncia del proc\u00e9s de reconversi\u00f3 de les unitats de llarga estada del Centre en el marc de la \u2018Jornada sobre prevenci\u00f3 de la institucionalitzaci\u00f3 i desinstitucionalitzaci\u00f3 cap a l\u2019autonomia personal\u2019, que va tenir lloc el 30 de juny a la sala d\u2019actes [&hellip;]<\/p>\n","protected":false},"author":2,"featured_media":6876,"comment_status":"closed","ping_status":"closed","sticky":false,"template":"","format":"standard","meta":{"footnotes":""},"categories":[27],"tags":[],"class_list":["post-6874","post","type-post","status-publish","format-standard","has-post-thumbnail","hentry","category-actualitat"],"blocksy_meta":{"styles_descriptor":{"styles":{"desktop":"","tablet":"","mobile":""},"google_fonts":[],"version":6}},"featured_image_urls_v2":{"full":["https:\/\/fundaciohospitalariesmartorell.org\/entre-tots\/wp-content\/uploads\/2023\/07\/IMG-20230630-WA0072.jpg",814,573,false],"thumbnail":["https:\/\/fundaciohospitalariesmartorell.org\/entre-tots\/wp-content\/uploads\/2023\/07\/IMG-20230630-WA0072.jpg",150,106,false],"medium":["https:\/\/fundaciohospitalariesmartorell.org\/entre-tots\/wp-content\/uploads\/2023\/07\/IMG-20230630-WA0072.jpg",300,211,false],"medium_large":["https:\/\/fundaciohospitalariesmartorell.org\/entre-tots\/wp-content\/uploads\/2023\/07\/IMG-20230630-WA0072.jpg",768,541,false],"large":["https:\/\/fundaciohospitalariesmartorell.org\/entre-tots\/wp-content\/uploads\/2023\/07\/IMG-20230630-WA0072.jpg",814,573,false],"1536x1536":["https:\/\/fundaciohospitalariesmartorell.org\/entre-tots\/wp-content\/uploads\/2023\/07\/IMG-20230630-WA0072.jpg",814,573,false],"2048x2048":["https:\/\/fundaciohospitalariesmartorell.org\/entre-tots\/wp-content\/uploads\/2023\/07\/IMG-20230630-WA0072.jpg",814,573,false],"mailpoet_newsletter_max":["https:\/\/fundaciohospitalariesmartorell.org\/entre-tots\/wp-content\/uploads\/2023\/07\/IMG-20230630-WA0072.jpg",814,573,false]},"post_excerpt_stackable_v2":"<p>Josep Tristany, cap de l\u2019\u00c0rea de Rehabilitaci\u00f3 de l\u2019Hospital Sagrat Cor, va explicar l\u2019experi\u00e8ncia del proc\u00e9s de reconversi\u00f3 de les unitats de llarga estada del Centre en el marc de la \u2018Jornada sobre prevenci\u00f3 de la institucionalitzaci\u00f3 i desinstitucionalitzaci\u00f3 cap a l\u2019autonomia personal\u2019, que va tenir lloc el 30 de juny a la sala d\u2019actes de la Pedrera.&nbsp;Organitzat pels Departaments de Salut i de Drets Socials, l\u2019objectiu de l&#8217;acte, segons Tristany, era posar en valor la feina que s\u2019est\u00e0 fent per avan\u00e7ar en l\u2019atenci\u00f3 integrada social i sanit\u00e0ria. La inauguraci\u00f3 va anar a c\u00e0rrec dels consellers d\u2019ambd\u00f3s departaments, Manel Balcells&hellip;<\/p>\n","category_list_v2":"<a href=\"https:\/\/fundaciohospitalariesmartorell.org\/entre-tots\/category\/actualitat\/\" rel=\"category tag\">ACTUALITAT<\/a>","author_info_v2":{"name":"Sagrat Cor","url":"https:\/\/fundaciohospitalariesmartorell.org\/entre-tots\/author\/daniel\/"},"comments_num_v2":"0 comments","_links":{"self":[{"href":"https:\/\/fundaciohospitalariesmartorell.org\/entre-tots\/wp-json\/wp\/v2\/posts\/6874","targetHints":{"allow":["GET"]}}],"collection":[{"href":"https:\/\/fundaciohospitalariesmartorell.org\/entre-tots\/wp-json\/wp\/v2\/posts"}],"about":[{"href":"https:\/\/fundaciohospitalariesmartorell.org\/entre-tots\/wp-json\/wp\/v2\/types\/post"}],"author":[{"embeddable":true,"href":"https:\/\/fundaciohospitalariesmartorell.org\/entre-tots\/wp-json\/wp\/v2\/users\/2"}],"replies":[{"embeddable":true,"href":"https:\/\/fundaciohospitalariesmartorell.org\/entre-tots\/wp-json\/wp\/v2\/comments?post=6874"}],"version-history":[{"count":3,"href":"https:\/\/fundaciohospitalariesmartorell.org\/entre-tots\/wp-json\/wp\/v2\/posts\/6874\/revisions"}],"predecessor-version":[{"id":6879,"href":"https:\/\/fundaciohospitalariesmartorell.org\/entre-tots\/wp-json\/wp\/v2\/posts\/6874\/revisions\/6879"}],"wp:featuredmedia":[{"embeddable":true,"href":"https:\/\/fundaciohospitalariesmartorell.org\/entre-tots\/wp-json\/wp\/v2\/media\/6876"}],"wp:attachment":[{"href":"https:\/\/fundaciohospitalariesmartorell.org\/entre-tots\/wp-json\/wp\/v2\/media?parent=6874"}],"wp:term":[{"taxonomy":"category","embeddable":true,"href":"https:\/\/fundaciohospitalariesmartorell.org\/entre-tots\/wp-json\/wp\/v2\/categories?post=6874"},{"taxonomy":"post_tag","embeddable":true,"href":"https:\/\/fundaciohospitalariesmartorell.org\/entre-tots\/wp-json\/wp\/v2\/tags?post=6874"}],"curies":[{"name":"wp","href":"https:\/\/api.w.org\/{rel}","templated":true}]}}