{"id":6880,"date":"2023-07-27T15:35:32","date_gmt":"2023-07-27T13:35:32","guid":{"rendered":"https:\/\/hospitalsagratcormartorell.org\/entre-tots\/?p=6880"},"modified":"2023-07-27T23:01:33","modified_gmt":"2023-07-27T21:01:33","slug":"participem-als-congressos-anuals-de-lipa-i-la-sepg","status":"publish","type":"post","link":"https:\/\/fundaciohospitalariesmartorell.org\/entre-tots\/2023\/07\/participem-als-congressos-anuals-de-lipa-i-la-sepg\/","title":{"rendered":"Participem als congressos anuals de l\u2019IPA i la SEPG"},"content":{"rendered":"<figure class=\"wp-block-post-featured-image\"><img loading=\"lazy\" decoding=\"async\" width=\"1024\" height=\"768\" src=\"https:\/\/fundaciohospitalariesmartorell.org\/entre-tots\/wp-content\/uploads\/2023\/07\/e374416a-557d-499f-a9e5-c3f7885f9564.jpeg\" class=\"attachment-post-thumbnail size-post-thumbnail wp-post-image\" alt=\"\" style=\"object-fit:cover;\" \/><\/figure>\n\n\n<p>Del 29 de juny al 2 de juliol es va celebrar a Lisboa el Congr\u00e9s de la International Psychogeriatric Association (IPA). El doctor Manel S\u00e1nchez, subdirector m\u00e8dic de l\u2019Hospital Sagrat Cor, hi va participar, en una taula en qu\u00e8 es va abordar la q\u00fcesti\u00f3 de l\u2019eutan\u00e0sia i els reptes que suposa, i hi va aportar tant la visi\u00f3 des d\u2019Espanya, on es va aprovar el 2021, com des de Portugal, on es va regular al maig d\u2019aquest mateix any.<\/p>\n\n\n\n<p>Concretament, durant la seva intervenci\u00f3 el Dr. S\u00e1nchez va tractar un aspecte de rellev\u00e0ncia com \u00e9s el dels pensaments racionals de mort, que te\u00f2ricament no estan vinculats amb una malaltia mental, i tot el debat que impliquen.<\/p>\n\n\n\n<p>Aprofitant la celebraci\u00f3 d\u2019aquest congr\u00e9s internacional, la Societat Espanyola de Psicogeriatria (SEPG), de la qual actualment \u00e9s president el mateix doctor Manel S\u00e1nchez, va organitzar a Lisboa de manera conjunta el seu congr\u00e9s anual, al qual van assistir prop de 80 persones. El Dr. S\u00e1nchez es va encarregar de moderar-hi una taula de debat a l\u2019entorn de la psicogeriatria a Espanya, sobre la seva realitat actual i les perspectives futures d\u2019aquesta q\u00fcesti\u00f3, aix\u00ed com un simposi sobre la depressi\u00f3 i la dem\u00e8ncia.<\/p>\n\n\n\n<figure class=\"wp-block-image size-full\"><img loading=\"lazy\" decoding=\"async\" width=\"1024\" height=\"768\" src=\"https:\/\/hospitalsagratcormartorell.org\/entre-tots\/wp-content\/uploads\/2023\/07\/a0027819-7c45-41da-9c96-83f6fd449a2a.jpeg\" alt=\"\" class=\"wp-image-6882\"\/><\/figure>\n\n\n\n<p>La confer\u00e8ncia inaugural del congr\u00e9s de la SEPG va anar a c\u00e0rrec de la doctora Adriana Hermida, professora de l\u2019Emory University d\u2019Atlanta, als Estats Units, que va explicar les \u00faltimes novetats sobre la ter\u00e0pia electroconvulsiva i la neuromodulaci\u00f3.<\/p>\n","protected":false},"excerpt":{"rendered":"<p>Del 29 de juny al 2 de juliol es va celebrar a Lisboa el Congr\u00e9s de la International Psychogeriatric Association (IPA). El doctor Manel S\u00e1nchez, subdirector m\u00e8dic de l\u2019Hospital Sagrat Cor, hi va participar, en una taula en qu\u00e8 es va abordar la q\u00fcesti\u00f3 de l\u2019eutan\u00e0sia i els reptes que suposa, i hi va aportar [&hellip;]<\/p>\n","protected":false},"author":2,"featured_media":6883,"comment_status":"closed","ping_status":"closed","sticky":false,"template":"","format":"standard","meta":{"footnotes":""},"categories":[27],"tags":[],"class_list":["post-6880","post","type-post","status-publish","format-standard","has-post-thumbnail","hentry","category-actualitat"],"blocksy_meta":{"styles_descriptor":{"styles":{"desktop":"","tablet":"","mobile":""},"google_fonts":[],"version":6}},"featured_image_urls_v2":{"full":["https:\/\/fundaciohospitalariesmartorell.org\/entre-tots\/wp-content\/uploads\/2023\/07\/e374416a-557d-499f-a9e5-c3f7885f9564.jpeg",1024,768,false],"thumbnail":["https:\/\/fundaciohospitalariesmartorell.org\/entre-tots\/wp-content\/uploads\/2023\/07\/e374416a-557d-499f-a9e5-c3f7885f9564.jpeg",150,113,false],"medium":["https:\/\/fundaciohospitalariesmartorell.org\/entre-tots\/wp-content\/uploads\/2023\/07\/e374416a-557d-499f-a9e5-c3f7885f9564.jpeg",300,225,false],"medium_large":["https:\/\/fundaciohospitalariesmartorell.org\/entre-tots\/wp-content\/uploads\/2023\/07\/e374416a-557d-499f-a9e5-c3f7885f9564.jpeg",768,576,false],"large":["https:\/\/fundaciohospitalariesmartorell.org\/entre-tots\/wp-content\/uploads\/2023\/07\/e374416a-557d-499f-a9e5-c3f7885f9564.jpeg",1024,768,false],"1536x1536":["https:\/\/fundaciohospitalariesmartorell.org\/entre-tots\/wp-content\/uploads\/2023\/07\/e374416a-557d-499f-a9e5-c3f7885f9564.jpeg",1024,768,false],"2048x2048":["https:\/\/fundaciohospitalariesmartorell.org\/entre-tots\/wp-content\/uploads\/2023\/07\/e374416a-557d-499f-a9e5-c3f7885f9564.jpeg",1024,768,false],"mailpoet_newsletter_max":["https:\/\/fundaciohospitalariesmartorell.org\/entre-tots\/wp-content\/uploads\/2023\/07\/e374416a-557d-499f-a9e5-c3f7885f9564.jpeg",1024,768,false]},"post_excerpt_stackable_v2":"<p>Del 29 de juny al 2 de juliol es va celebrar a Lisboa el Congr\u00e9s de la International Psychogeriatric Association (IPA). El doctor Manel S\u00e1nchez, subdirector m\u00e8dic de l\u2019Hospital Sagrat Cor, hi va participar, en una taula en qu\u00e8 es va abordar la q\u00fcesti\u00f3 de l\u2019eutan\u00e0sia i els reptes que suposa, i hi va aportar tant la visi\u00f3 des d\u2019Espanya, on es va aprovar el 2021, com des de Portugal, on es va regular al maig d\u2019aquest mateix any. Concretament, durant la seva intervenci\u00f3 el Dr. S\u00e1nchez va tractar un aspecte de rellev\u00e0ncia com \u00e9s el dels pensaments racionals de&hellip;<\/p>\n","category_list_v2":"<a href=\"https:\/\/fundaciohospitalariesmartorell.org\/entre-tots\/category\/actualitat\/\" rel=\"category tag\">ACTUALITAT<\/a>","author_info_v2":{"name":"Sagrat Cor","url":"https:\/\/fundaciohospitalariesmartorell.org\/entre-tots\/author\/daniel\/"},"comments_num_v2":"0 comments","_links":{"self":[{"href":"https:\/\/fundaciohospitalariesmartorell.org\/entre-tots\/wp-json\/wp\/v2\/posts\/6880","targetHints":{"allow":["GET"]}}],"collection":[{"href":"https:\/\/fundaciohospitalariesmartorell.org\/entre-tots\/wp-json\/wp\/v2\/posts"}],"about":[{"href":"https:\/\/fundaciohospitalariesmartorell.org\/entre-tots\/wp-json\/wp\/v2\/types\/post"}],"author":[{"embeddable":true,"href":"https:\/\/fundaciohospitalariesmartorell.org\/entre-tots\/wp-json\/wp\/v2\/users\/2"}],"replies":[{"embeddable":true,"href":"https:\/\/fundaciohospitalariesmartorell.org\/entre-tots\/wp-json\/wp\/v2\/comments?post=6880"}],"version-history":[{"count":3,"href":"https:\/\/fundaciohospitalariesmartorell.org\/entre-tots\/wp-json\/wp\/v2\/posts\/6880\/revisions"}],"predecessor-version":[{"id":6889,"href":"https:\/\/fundaciohospitalariesmartorell.org\/entre-tots\/wp-json\/wp\/v2\/posts\/6880\/revisions\/6889"}],"wp:featuredmedia":[{"embeddable":true,"href":"https:\/\/fundaciohospitalariesmartorell.org\/entre-tots\/wp-json\/wp\/v2\/media\/6883"}],"wp:attachment":[{"href":"https:\/\/fundaciohospitalariesmartorell.org\/entre-tots\/wp-json\/wp\/v2\/media?parent=6880"}],"wp:term":[{"taxonomy":"category","embeddable":true,"href":"https:\/\/fundaciohospitalariesmartorell.org\/entre-tots\/wp-json\/wp\/v2\/categories?post=6880"},{"taxonomy":"post_tag","embeddable":true,"href":"https:\/\/fundaciohospitalariesmartorell.org\/entre-tots\/wp-json\/wp\/v2\/tags?post=6880"}],"curies":[{"name":"wp","href":"https:\/\/api.w.org\/{rel}","templated":true}]}}