{"id":6885,"date":"2023-07-27T15:34:55","date_gmt":"2023-07-27T13:34:55","guid":{"rendered":"https:\/\/hospitalsagratcormartorell.org\/entre-tots\/?p=6885"},"modified":"2023-07-28T10:30:58","modified_gmt":"2023-07-28T08:30:58","slug":"entreguem-a-la-fundacio-benito-menni-la-recaptacio-de-la-vesprada-solidaria","status":"publish","type":"post","link":"https:\/\/fundaciohospitalariesmartorell.org\/entre-tots\/2023\/07\/entreguem-a-la-fundacio-benito-menni-la-recaptacio-de-la-vesprada-solidaria\/","title":{"rendered":"Entrega d&#8217;un xec simb\u00f2lic\u00a0a la Fundaci\u00f3 Benito Menni amb\u00a0la recaptaci\u00f3 de la vesprada solid\u00e0ria"},"content":{"rendered":"<figure class=\"wp-block-post-featured-image\"><img loading=\"lazy\" decoding=\"async\" width=\"1736\" height=\"1736\" src=\"https:\/\/fundaciohospitalariesmartorell.org\/entre-tots\/wp-content\/uploads\/2023\/07\/84016353-c12d-414f-b1cc-b6622516371c.jpeg\" class=\"attachment-post-thumbnail size-post-thumbnail wp-post-image\" alt=\"\" style=\"object-fit:cover;\" \/><\/figure>\n\n\n<p>El 17 de juliol, el doctor Jes\u00fas Ezquerra, director gerent de l&#8217;Hospital Sagrat Cor, i Roberto Narvaiz,&nbsp;coordinador PAER&nbsp;del mateix centre, en representaci\u00f3 de la Comissi\u00f3 de Solidaritat, van fer entrega d&#8217;un xec simb\u00f2lic amb la recaptaci\u00f3 de la vesprada solid\u00e0ria a sor Isabel Bl\u00e1zquez, superiora de l&#8217;Hospital, que va actuar com a representant de la Congregaci\u00f3 de les Germanes Hospital\u00e0ries del Sagrat Cor de Jes\u00fas, promotora de la&nbsp;Fundaci\u00f3 Benito Menni.<\/p>\n\n\n\n<p>La primera&nbsp;<a href=\"http:\/\/www.hospitalsagratcormartorell.org\/sala-de-premsa\/noticies\/la-vesprada-solidaria-congrega-unes-200-persones-assistents-i-recapta-mes-de-4-000-euros-per-al-camerun.html\">vesprada solid\u00e0ria de l&#8217;Hospital Sagrat Cor<\/a>, que es va celebrar el 16 de juny amb motiu de la Festa del Sagrat Cor i que va&nbsp;congregar m\u00e9s de 200 assistents,&nbsp;va aconseguir recaptar 4.189 euros, que es destinaran \u00edntegrament al&nbsp;&nbsp;projecte solidari de la Fundaci\u00f3 Benito Menni&nbsp;<a href=\"https:\/\/www.fbmenni.org\/8-camerun-yaunde\">&#8216;Integraci\u00f3n sociofamiliar y rehabilitaci\u00f3n de personas con enfermedad mental que viven en la calle en Yaund\u00e9-Camer\u00fan&#8217;<\/a>.<\/p>\n","protected":false},"excerpt":{"rendered":"<p>El 17 de juliol, el doctor Jes\u00fas Ezquerra, director gerent de l&#8217;Hospital Sagrat Cor, i Roberto Narvaiz,&nbsp;coordinador PAER&nbsp;del mateix centre, en representaci\u00f3 de la Comissi\u00f3 de Solidaritat, van fer entrega d&#8217;un xec simb\u00f2lic amb la recaptaci\u00f3 de la vesprada solid\u00e0ria a sor Isabel Bl\u00e1zquez, superiora de l&#8217;Hospital, que va actuar com a representant de la [&hellip;]<\/p>\n","protected":false},"author":2,"featured_media":6887,"comment_status":"closed","ping_status":"closed","sticky":false,"template":"","format":"standard","meta":{"footnotes":""},"categories":[27],"tags":[],"class_list":["post-6885","post","type-post","status-publish","format-standard","has-post-thumbnail","hentry","category-actualitat"],"blocksy_meta":{"styles_descriptor":{"styles":{"desktop":"","tablet":"","mobile":""},"google_fonts":[],"version":6}},"featured_image_urls_v2":{"full":["https:\/\/fundaciohospitalariesmartorell.org\/entre-tots\/wp-content\/uploads\/2023\/07\/84016353-c12d-414f-b1cc-b6622516371c.jpeg",1736,1736,false],"thumbnail":["https:\/\/fundaciohospitalariesmartorell.org\/entre-tots\/wp-content\/uploads\/2023\/07\/84016353-c12d-414f-b1cc-b6622516371c.jpeg",150,150,false],"medium":["https:\/\/fundaciohospitalariesmartorell.org\/entre-tots\/wp-content\/uploads\/2023\/07\/84016353-c12d-414f-b1cc-b6622516371c.jpeg",300,300,false],"medium_large":["https:\/\/fundaciohospitalariesmartorell.org\/entre-tots\/wp-content\/uploads\/2023\/07\/84016353-c12d-414f-b1cc-b6622516371c.jpeg",768,768,false],"large":["https:\/\/fundaciohospitalariesmartorell.org\/entre-tots\/wp-content\/uploads\/2023\/07\/84016353-c12d-414f-b1cc-b6622516371c.jpeg",1024,1024,false],"1536x1536":["https:\/\/fundaciohospitalariesmartorell.org\/entre-tots\/wp-content\/uploads\/2023\/07\/84016353-c12d-414f-b1cc-b6622516371c.jpeg",1536,1536,false],"2048x2048":["https:\/\/fundaciohospitalariesmartorell.org\/entre-tots\/wp-content\/uploads\/2023\/07\/84016353-c12d-414f-b1cc-b6622516371c.jpeg",1736,1736,false],"mailpoet_newsletter_max":["https:\/\/fundaciohospitalariesmartorell.org\/entre-tots\/wp-content\/uploads\/2023\/07\/84016353-c12d-414f-b1cc-b6622516371c.jpeg",1320,1320,false]},"post_excerpt_stackable_v2":"<p>El 17 de juliol, el doctor Jes\u00fas Ezquerra, director gerent de l&#8217;Hospital Sagrat Cor, i Roberto Narvaiz,&nbsp;coordinador PAER&nbsp;del mateix centre, en representaci\u00f3 de la Comissi\u00f3 de Solidaritat, van fer entrega d&#8217;un xec simb\u00f2lic amb la recaptaci\u00f3 de la vesprada solid\u00e0ria a sor Isabel Bl\u00e1zquez, superiora de l&#8217;Hospital, que va actuar com a representant de la Congregaci\u00f3 de les Germanes Hospital\u00e0ries del Sagrat Cor de Jes\u00fas, promotora de la&nbsp;Fundaci\u00f3 Benito Menni. La primera&nbsp;vesprada solid\u00e0ria de l&#8217;Hospital Sagrat Cor, que es va celebrar el 16 de juny amb motiu de la Festa del Sagrat Cor i que va&nbsp;congregar m\u00e9s de 200 assistents,&nbsp;va&hellip;<\/p>\n","category_list_v2":"<a href=\"https:\/\/fundaciohospitalariesmartorell.org\/entre-tots\/category\/actualitat\/\" rel=\"category tag\">ACTUALITAT<\/a>","author_info_v2":{"name":"Sagrat Cor","url":"https:\/\/fundaciohospitalariesmartorell.org\/entre-tots\/author\/daniel\/"},"comments_num_v2":"0 comments","_links":{"self":[{"href":"https:\/\/fundaciohospitalariesmartorell.org\/entre-tots\/wp-json\/wp\/v2\/posts\/6885","targetHints":{"allow":["GET"]}}],"collection":[{"href":"https:\/\/fundaciohospitalariesmartorell.org\/entre-tots\/wp-json\/wp\/v2\/posts"}],"about":[{"href":"https:\/\/fundaciohospitalariesmartorell.org\/entre-tots\/wp-json\/wp\/v2\/types\/post"}],"author":[{"embeddable":true,"href":"https:\/\/fundaciohospitalariesmartorell.org\/entre-tots\/wp-json\/wp\/v2\/users\/2"}],"replies":[{"embeddable":true,"href":"https:\/\/fundaciohospitalariesmartorell.org\/entre-tots\/wp-json\/wp\/v2\/comments?post=6885"}],"version-history":[{"count":3,"href":"https:\/\/fundaciohospitalariesmartorell.org\/entre-tots\/wp-json\/wp\/v2\/posts\/6885\/revisions"}],"predecessor-version":[{"id":6966,"href":"https:\/\/fundaciohospitalariesmartorell.org\/entre-tots\/wp-json\/wp\/v2\/posts\/6885\/revisions\/6966"}],"wp:featuredmedia":[{"embeddable":true,"href":"https:\/\/fundaciohospitalariesmartorell.org\/entre-tots\/wp-json\/wp\/v2\/media\/6887"}],"wp:attachment":[{"href":"https:\/\/fundaciohospitalariesmartorell.org\/entre-tots\/wp-json\/wp\/v2\/media?parent=6885"}],"wp:term":[{"taxonomy":"category","embeddable":true,"href":"https:\/\/fundaciohospitalariesmartorell.org\/entre-tots\/wp-json\/wp\/v2\/categories?post=6885"},{"taxonomy":"post_tag","embeddable":true,"href":"https:\/\/fundaciohospitalariesmartorell.org\/entre-tots\/wp-json\/wp\/v2\/tags?post=6885"}],"curies":[{"name":"wp","href":"https:\/\/api.w.org\/{rel}","templated":true}]}}