{"id":6890,"date":"2023-07-27T15:33:13","date_gmt":"2023-07-27T13:33:13","guid":{"rendered":"https:\/\/hospitalsagratcormartorell.org\/entre-tots\/?p=6890"},"modified":"2023-07-28T10:29:50","modified_gmt":"2023-07-28T08:29:50","slug":"trobada-dels-equips-de-salut-mental-infantojuvenil-dels-hospitals-sagrat-cor-i-sant-rafael","status":"publish","type":"post","link":"https:\/\/fundaciohospitalariesmartorell.org\/entre-tots\/2023\/07\/trobada-dels-equips-de-salut-mental-infantojuvenil-dels-hospitals-sagrat-cor-i-sant-rafael\/","title":{"rendered":"Trobada dels equips de Salut Mental Infantojuvenil dels hospitals Sagrat Cor i Sant Rafael"},"content":{"rendered":"<figure class=\"wp-block-post-featured-image\"><img loading=\"lazy\" decoding=\"async\" width=\"4000\" height=\"3000\" src=\"https:\/\/fundaciohospitalariesmartorell.org\/entre-tots\/wp-content\/uploads\/2023\/07\/TrobadaSM_IJ_230707_2.jpg\" class=\"attachment-post-thumbnail size-post-thumbnail wp-post-image\" alt=\"\" style=\"object-fit:cover;\" \/><\/figure>\n\n\n<p>El 7 de juliol i de manera virtual va tenir lloc una nova trobada impulsada per la Direcci\u00f3 de Projectes Assistencials entre els responsables dels equips assistencials de l&#8217;Hospital Sagrat Cor i de l&#8217;Hospital Sant Rafael. En aquesta ocasi\u00f3 va ser el torn dels i les professionals de salut mental infantojuvenil. L\u2019objectiu d\u2019aquestes reunions \u00e9s facilitar el coneixement mutu i les seves realitats, els punts on coincideixen i les experi\u00e8ncies de cada un per compartir temes i projectes. Tot aix\u00f2, per tal de concretar propostes de col\u00b7laboracions entre ambd\u00f3s centres.<\/p>\n\n\n\n<p>En el cas dels Centres de Salut Mental Infantojuvenil (CSMIJ) ja hi havia contactes puntuals amb anterioritat, per\u00f2, en aquesta ocasi\u00f3, es va voler aprofundir en aquestes trobades pr\u00e8vies, fent-les extensives a tots els i les professionals de l\u2019equip, per fomentar l\u2019intercanvi de coneixements i establir sinergies. A partir de la informaci\u00f3 exposada a la primera part de la reuni\u00f3, es van comentar les \u00e0rees d\u2019experi\u00e8ncia i de m\u00e9s desenvolupament de cada centre que podien suposar una ajuda m\u00fatua i aix\u00ed es van generar l\u00ednies de treball i accions conjuntes.<\/p>\n","protected":false},"excerpt":{"rendered":"<p>El 7 de juliol i de manera virtual va tenir lloc una nova trobada impulsada per la Direcci\u00f3 de Projectes Assistencials entre els responsables dels equips assistencials de l&#8217;Hospital Sagrat Cor i de l&#8217;Hospital Sant Rafael. En aquesta ocasi\u00f3 va ser el torn dels i les professionals de salut mental infantojuvenil. L\u2019objectiu d\u2019aquestes reunions \u00e9s [&hellip;]<\/p>\n","protected":false},"author":2,"featured_media":6892,"comment_status":"closed","ping_status":"closed","sticky":false,"template":"","format":"standard","meta":{"footnotes":""},"categories":[27],"tags":[],"class_list":["post-6890","post","type-post","status-publish","format-standard","has-post-thumbnail","hentry","category-actualitat"],"blocksy_meta":{"styles_descriptor":{"styles":{"desktop":"","tablet":"","mobile":""},"google_fonts":[],"version":6}},"featured_image_urls_v2":{"full":["https:\/\/fundaciohospitalariesmartorell.org\/entre-tots\/wp-content\/uploads\/2023\/07\/TrobadaSM_IJ_230707_2.jpg",4000,3000,false],"thumbnail":["https:\/\/fundaciohospitalariesmartorell.org\/entre-tots\/wp-content\/uploads\/2023\/07\/TrobadaSM_IJ_230707_2.jpg",150,113,false],"medium":["https:\/\/fundaciohospitalariesmartorell.org\/entre-tots\/wp-content\/uploads\/2023\/07\/TrobadaSM_IJ_230707_2.jpg",300,225,false],"medium_large":["https:\/\/fundaciohospitalariesmartorell.org\/entre-tots\/wp-content\/uploads\/2023\/07\/TrobadaSM_IJ_230707_2.jpg",768,576,false],"large":["https:\/\/fundaciohospitalariesmartorell.org\/entre-tots\/wp-content\/uploads\/2023\/07\/TrobadaSM_IJ_230707_2.jpg",1024,768,false],"1536x1536":["https:\/\/fundaciohospitalariesmartorell.org\/entre-tots\/wp-content\/uploads\/2023\/07\/TrobadaSM_IJ_230707_2.jpg",1536,1152,false],"2048x2048":["https:\/\/fundaciohospitalariesmartorell.org\/entre-tots\/wp-content\/uploads\/2023\/07\/TrobadaSM_IJ_230707_2.jpg",2048,1536,false],"mailpoet_newsletter_max":["https:\/\/fundaciohospitalariesmartorell.org\/entre-tots\/wp-content\/uploads\/2023\/07\/TrobadaSM_IJ_230707_2.jpg",1320,990,false]},"post_excerpt_stackable_v2":"<p>El 7 de juliol i de manera virtual va tenir lloc una nova trobada impulsada per la Direcci\u00f3 de Projectes Assistencials entre els responsables dels equips assistencials de l&#8217;Hospital Sagrat Cor i de l&#8217;Hospital Sant Rafael. En aquesta ocasi\u00f3 va ser el torn dels i les professionals de salut mental infantojuvenil. L\u2019objectiu d\u2019aquestes reunions \u00e9s facilitar el coneixement mutu i les seves realitats, els punts on coincideixen i les experi\u00e8ncies de cada un per compartir temes i projectes. Tot aix\u00f2, per tal de concretar propostes de col\u00b7laboracions entre ambd\u00f3s centres. En el cas dels Centres de Salut Mental Infantojuvenil (CSMIJ)&hellip;<\/p>\n","category_list_v2":"<a href=\"https:\/\/fundaciohospitalariesmartorell.org\/entre-tots\/category\/actualitat\/\" rel=\"category tag\">ACTUALITAT<\/a>","author_info_v2":{"name":"Sagrat Cor","url":"https:\/\/fundaciohospitalariesmartorell.org\/entre-tots\/author\/daniel\/"},"comments_num_v2":"0 comments","_links":{"self":[{"href":"https:\/\/fundaciohospitalariesmartorell.org\/entre-tots\/wp-json\/wp\/v2\/posts\/6890","targetHints":{"allow":["GET"]}}],"collection":[{"href":"https:\/\/fundaciohospitalariesmartorell.org\/entre-tots\/wp-json\/wp\/v2\/posts"}],"about":[{"href":"https:\/\/fundaciohospitalariesmartorell.org\/entre-tots\/wp-json\/wp\/v2\/types\/post"}],"author":[{"embeddable":true,"href":"https:\/\/fundaciohospitalariesmartorell.org\/entre-tots\/wp-json\/wp\/v2\/users\/2"}],"replies":[{"embeddable":true,"href":"https:\/\/fundaciohospitalariesmartorell.org\/entre-tots\/wp-json\/wp\/v2\/comments?post=6890"}],"version-history":[{"count":3,"href":"https:\/\/fundaciohospitalariesmartorell.org\/entre-tots\/wp-json\/wp\/v2\/posts\/6890\/revisions"}],"predecessor-version":[{"id":6965,"href":"https:\/\/fundaciohospitalariesmartorell.org\/entre-tots\/wp-json\/wp\/v2\/posts\/6890\/revisions\/6965"}],"wp:featuredmedia":[{"embeddable":true,"href":"https:\/\/fundaciohospitalariesmartorell.org\/entre-tots\/wp-json\/wp\/v2\/media\/6892"}],"wp:attachment":[{"href":"https:\/\/fundaciohospitalariesmartorell.org\/entre-tots\/wp-json\/wp\/v2\/media?parent=6890"}],"wp:term":[{"taxonomy":"category","embeddable":true,"href":"https:\/\/fundaciohospitalariesmartorell.org\/entre-tots\/wp-json\/wp\/v2\/categories?post=6890"},{"taxonomy":"post_tag","embeddable":true,"href":"https:\/\/fundaciohospitalariesmartorell.org\/entre-tots\/wp-json\/wp\/v2\/tags?post=6890"}],"curies":[{"name":"wp","href":"https:\/\/api.w.org\/{rel}","templated":true}]}}