{"id":6894,"date":"2023-07-27T15:32:03","date_gmt":"2023-07-27T13:32:03","guid":{"rendered":"https:\/\/hospitalsagratcormartorell.org\/entre-tots\/?p=6894"},"modified":"2023-07-28T10:38:04","modified_gmt":"2023-07-28T08:38:04","slug":"el-csmij-de-molins-de-rei-comenca-a-desplegar-el-programa-datencio-a-la-crisi-infantil-i-juvenil-en-salut-mental","status":"publish","type":"post","link":"https:\/\/fundaciohospitalariesmartorell.org\/entre-tots\/2023\/07\/el-csmij-de-molins-de-rei-comenca-a-desplegar-el-programa-datencio-a-la-crisi-infantil-i-juvenil-en-salut-mental\/","title":{"rendered":"El CSMIJ de Molins de Rei comen\u00e7a a desplegar el Programa d\u2019Atenci\u00f3 a la Crisi Infantil i Juvenil en Salut Mental"},"content":{"rendered":"<figure class=\"wp-block-post-featured-image\"><img loading=\"lazy\" decoding=\"async\" width=\"1024\" height=\"768\" src=\"https:\/\/fundaciohospitalariesmartorell.org\/entre-tots\/wp-content\/uploads\/2023\/07\/933c95eb-f004-49c4-be35-f2f32373c104.jpeg\" class=\"attachment-post-thumbnail size-post-thumbnail wp-post-image\" alt=\"\" style=\"object-fit:cover;\" \/><\/figure>\n\n\n<p>El passat mes de juny el Centre de Salut Mental Infantojuvenil (CSMIJ) de Molins de Rei de l\u2019Hospital Sagrat Cor va comen\u00e7ar a desplegar el Programa d\u2019Atenci\u00f3 a la Crisi Infantil i Juvenil en Salut Mental. Aquesta novetat s\u2019emmarca en la quarta fase d\u2019implantaci\u00f3 del programa a Catalunya; en la tercera ja s\u2019hi va incorporar el CSMIJ de Martorell. D\u2019aquesta manera, els dos equipaments, que aborden la salut mental infantil i juvenil del Centre, ja formen part d\u2019aquest programa innovador.<\/p>\n\n\n\n<p>\u201cSuposa una transformaci\u00f3 en la manera d\u2019atendre les situacions de crisi psicopatol\u00f2giques en persones de sis a disset anys, a les quals, a m\u00e9s, se\u2019ls suma un factor de vulnerabilitat social\u201d, explica Roger Ballesc\u00e0, coordinador de l\u2019\u00c0rea de Salut Mental Infantojuvenil de l\u2019Hospital Sagrat Cor. Ballesc\u00e0 tamb\u00e9 assenyala que a trav\u00e9s d\u2019aquest nou model es pret\u00e9n ajudar sobretot les persones usu\u00e0ries amb dificultats per vincular-les amb els serveis ambulatoris.<\/p>\n\n\n\n<p>El que es busca \u00e9s potenciar els tractaments que reben amb una major intensitat i des de la proximitat, fent, per tant, molta feina a domicili, per tal d\u2019intervenir des del mateix entorn de l\u2019infant o adolescent i mirar de revertir la situaci\u00f3 de crisi, si m\u00e9s no, fins que pugui ser atesa des dels recursos ambulatoris ordinaris. \u201c\u00c9s una experi\u00e8ncia molt nova per a tothom, ja que es tracta d\u2019un programa que no existia abans, i, per tant, cal que ens ajustem a les necessitats dels nostres usuaris i usu\u00e0ries, i que ens exigim un aprenentatge continu\u201d, afegeix Roger Ballesc\u00e0, que tamb\u00e9 incideix en el fet que tot aix\u00f2 suposa una transformaci\u00f3 en profunditat del funcionament del CSMIJ.<\/p>\n\n\n\n<p>\u201cL\u2019experi\u00e8ncia acumulada a l\u2019equipament de Martorell, que es va afegir a la tercera fase de implantaci\u00f3 del programa, ens permet afrontar de manera m\u00e9s positiva aquests canvis\u201d, continua explicant Ballesc\u00e0, qui assenyala tamb\u00e9 que a Martorell hi ha hagut una molt bona acollida tant per part de les persones usu\u00e0ries com de les seves fam\u00edlies.<\/p>\n\n\n\n<p>Aquest canvi a qu\u00e8 es refereix el coordinador de l\u2019\u00c0rea de Salut Mental ha suposat la necessitat d\u2019incorporar m\u00e9s professionals al CSMIJ de Molins de Rei. Concretament es comptar\u00e0 amb dues noves educadores socials i una treballadora social. \u201cPer\u00f2 aix\u00f2 no significa que aquest programa sigui nom\u00e9s social, sin\u00f3 que s\u2019est\u00e0 desenvolupant per tot l\u2019equip, amb un enfocament multidisciplinari\u201d, destaca Ballesc\u00e0, assenyalant que s\u2019espera que al setembre aquest nou programa comenci a funcionar a ple rendiment al CSMIJ de Molins de Rei.<\/p>\n","protected":false},"excerpt":{"rendered":"<p>El passat mes de juny el Centre de Salut Mental Infantojuvenil (CSMIJ) de Molins de Rei de l\u2019Hospital Sagrat Cor va comen\u00e7ar a desplegar el Programa d\u2019Atenci\u00f3 a la Crisi Infantil i Juvenil en Salut Mental. Aquesta novetat s\u2019emmarca en la quarta fase d\u2019implantaci\u00f3 del programa a Catalunya; en la tercera ja s\u2019hi va incorporar [&hellip;]<\/p>\n","protected":false},"author":2,"featured_media":6896,"comment_status":"closed","ping_status":"closed","sticky":false,"template":"","format":"standard","meta":{"footnotes":""},"categories":[27],"tags":[],"class_list":["post-6894","post","type-post","status-publish","format-standard","has-post-thumbnail","hentry","category-actualitat"],"blocksy_meta":{"styles_descriptor":{"styles":{"desktop":"","tablet":"","mobile":""},"google_fonts":[],"version":6}},"featured_image_urls_v2":{"full":["https:\/\/fundaciohospitalariesmartorell.org\/entre-tots\/wp-content\/uploads\/2023\/07\/933c95eb-f004-49c4-be35-f2f32373c104.jpeg",1024,768,false],"thumbnail":["https:\/\/fundaciohospitalariesmartorell.org\/entre-tots\/wp-content\/uploads\/2023\/07\/933c95eb-f004-49c4-be35-f2f32373c104.jpeg",150,113,false],"medium":["https:\/\/fundaciohospitalariesmartorell.org\/entre-tots\/wp-content\/uploads\/2023\/07\/933c95eb-f004-49c4-be35-f2f32373c104.jpeg",300,225,false],"medium_large":["https:\/\/fundaciohospitalariesmartorell.org\/entre-tots\/wp-content\/uploads\/2023\/07\/933c95eb-f004-49c4-be35-f2f32373c104.jpeg",768,576,false],"large":["https:\/\/fundaciohospitalariesmartorell.org\/entre-tots\/wp-content\/uploads\/2023\/07\/933c95eb-f004-49c4-be35-f2f32373c104.jpeg",1024,768,false],"1536x1536":["https:\/\/fundaciohospitalariesmartorell.org\/entre-tots\/wp-content\/uploads\/2023\/07\/933c95eb-f004-49c4-be35-f2f32373c104.jpeg",1024,768,false],"2048x2048":["https:\/\/fundaciohospitalariesmartorell.org\/entre-tots\/wp-content\/uploads\/2023\/07\/933c95eb-f004-49c4-be35-f2f32373c104.jpeg",1024,768,false],"mailpoet_newsletter_max":["https:\/\/fundaciohospitalariesmartorell.org\/entre-tots\/wp-content\/uploads\/2023\/07\/933c95eb-f004-49c4-be35-f2f32373c104.jpeg",1024,768,false]},"post_excerpt_stackable_v2":"<p>El passat mes de juny el Centre de Salut Mental Infantojuvenil (CSMIJ) de Molins de Rei de l\u2019Hospital Sagrat Cor va comen\u00e7ar a desplegar el Programa d\u2019Atenci\u00f3 a la Crisi Infantil i Juvenil en Salut Mental. Aquesta novetat s\u2019emmarca en la quarta fase d\u2019implantaci\u00f3 del programa a Catalunya; en la tercera ja s\u2019hi va incorporar el CSMIJ de Martorell. D\u2019aquesta manera, els dos equipaments, que aborden la salut mental infantil i juvenil del Centre, ja formen part d\u2019aquest programa innovador. \u201cSuposa una transformaci\u00f3 en la manera d\u2019atendre les situacions de crisi psicopatol\u00f2giques en persones de sis a disset anys, a&hellip;<\/p>\n","category_list_v2":"<a href=\"https:\/\/fundaciohospitalariesmartorell.org\/entre-tots\/category\/actualitat\/\" rel=\"category tag\">ACTUALITAT<\/a>","author_info_v2":{"name":"Sagrat Cor","url":"https:\/\/fundaciohospitalariesmartorell.org\/entre-tots\/author\/daniel\/"},"comments_num_v2":"0 comments","_links":{"self":[{"href":"https:\/\/fundaciohospitalariesmartorell.org\/entre-tots\/wp-json\/wp\/v2\/posts\/6894","targetHints":{"allow":["GET"]}}],"collection":[{"href":"https:\/\/fundaciohospitalariesmartorell.org\/entre-tots\/wp-json\/wp\/v2\/posts"}],"about":[{"href":"https:\/\/fundaciohospitalariesmartorell.org\/entre-tots\/wp-json\/wp\/v2\/types\/post"}],"author":[{"embeddable":true,"href":"https:\/\/fundaciohospitalariesmartorell.org\/entre-tots\/wp-json\/wp\/v2\/users\/2"}],"replies":[{"embeddable":true,"href":"https:\/\/fundaciohospitalariesmartorell.org\/entre-tots\/wp-json\/wp\/v2\/comments?post=6894"}],"version-history":[{"count":3,"href":"https:\/\/fundaciohospitalariesmartorell.org\/entre-tots\/wp-json\/wp\/v2\/posts\/6894\/revisions"}],"predecessor-version":[{"id":6967,"href":"https:\/\/fundaciohospitalariesmartorell.org\/entre-tots\/wp-json\/wp\/v2\/posts\/6894\/revisions\/6967"}],"wp:featuredmedia":[{"embeddable":true,"href":"https:\/\/fundaciohospitalariesmartorell.org\/entre-tots\/wp-json\/wp\/v2\/media\/6896"}],"wp:attachment":[{"href":"https:\/\/fundaciohospitalariesmartorell.org\/entre-tots\/wp-json\/wp\/v2\/media?parent=6894"}],"wp:term":[{"taxonomy":"category","embeddable":true,"href":"https:\/\/fundaciohospitalariesmartorell.org\/entre-tots\/wp-json\/wp\/v2\/categories?post=6894"},{"taxonomy":"post_tag","embeddable":true,"href":"https:\/\/fundaciohospitalariesmartorell.org\/entre-tots\/wp-json\/wp\/v2\/tags?post=6894"}],"curies":[{"name":"wp","href":"https:\/\/api.w.org\/{rel}","templated":true}]}}