{"id":6898,"date":"2023-07-27T15:31:25","date_gmt":"2023-07-27T13:31:25","guid":{"rendered":"https:\/\/hospitalsagratcormartorell.org\/entre-tots\/?p=6898"},"modified":"2023-07-28T10:38:51","modified_gmt":"2023-07-28T08:38:51","slug":"disposem-de-quatre-cotxes-electrics-per-al-pades-i-per-a-hospitalitzacio-domiciliaria","status":"publish","type":"post","link":"https:\/\/fundaciohospitalariesmartorell.org\/entre-tots\/2023\/07\/disposem-de-quatre-cotxes-electrics-per-al-pades-i-per-a-hospitalitzacio-domiciliaria\/","title":{"rendered":"Disposem de quatre cotxes el\u00e8ctrics per al PADES i per a hospitalitzaci\u00f3 domicili\u00e0ria"},"content":{"rendered":"<figure class=\"wp-block-post-featured-image\"><img loading=\"lazy\" decoding=\"async\" width=\"1736\" height=\"1736\" src=\"https:\/\/fundaciohospitalariesmartorell.org\/entre-tots\/wp-content\/uploads\/2023\/07\/a05ef1b1-469c-477e-9bc7-dadde091b9bc.jpeg\" class=\"attachment-post-thumbnail size-post-thumbnail wp-post-image\" alt=\"\" style=\"object-fit:cover;\" \/><\/figure>\n\n\n<p>L\u2019Hospital Sagrat Cor&nbsp;ha adquirit quatre cotxes el\u00e8ctrics per als serveis del Programa d\u2019Atenci\u00f3 Domicili\u00e0ria i Equips de Suport (PADES) i hospitalitzaci\u00f3 domicili\u00e0ria. Aix\u00ed mateix, s\u2019han instal\u00b7lat dos punts de rec\u00e0rrega de vehicle el\u00e8ctric per a \u00fas intern, que es troben situats al davant de l\u2019antiga farm\u00e0cia, i dos punts de rec\u00e0rrega p\u00fablics, ubicats a l\u2019entrada de l\u2019Hospital de Dia Sociosanitari.&nbsp;&nbsp;<\/p>\n\n\n\n<p>Amb aquesta acci\u00f3 i en coher\u00e8ncia amb la nostra responsabilitat social, contribu\u00efm a reduir les emissions de CO<sub>2<\/sub> i \u00a0a una mobilitat m\u00e9s responsable i saludable per a les persones i l\u2019entorn.\u00a0\u00a0<\/p>\n","protected":false},"excerpt":{"rendered":"<p>L\u2019Hospital Sagrat Cor&nbsp;ha adquirit quatre cotxes el\u00e8ctrics per als serveis del Programa d\u2019Atenci\u00f3 Domicili\u00e0ria i Equips de Suport (PADES) i hospitalitzaci\u00f3 domicili\u00e0ria. Aix\u00ed mateix, s\u2019han instal\u00b7lat dos punts de rec\u00e0rrega de vehicle el\u00e8ctric per a \u00fas intern, que es troben situats al davant de l\u2019antiga farm\u00e0cia, i dos punts de rec\u00e0rrega p\u00fablics, ubicats a l\u2019entrada [&hellip;]<\/p>\n","protected":false},"author":2,"featured_media":6900,"comment_status":"closed","ping_status":"closed","sticky":false,"template":"","format":"standard","meta":{"footnotes":""},"categories":[27],"tags":[],"class_list":["post-6898","post","type-post","status-publish","format-standard","has-post-thumbnail","hentry","category-actualitat"],"blocksy_meta":{"styles_descriptor":{"styles":{"desktop":"","tablet":"","mobile":""},"google_fonts":[],"version":6}},"featured_image_urls_v2":{"full":["https:\/\/fundaciohospitalariesmartorell.org\/entre-tots\/wp-content\/uploads\/2023\/07\/a05ef1b1-469c-477e-9bc7-dadde091b9bc.jpeg",1736,1736,false],"thumbnail":["https:\/\/fundaciohospitalariesmartorell.org\/entre-tots\/wp-content\/uploads\/2023\/07\/a05ef1b1-469c-477e-9bc7-dadde091b9bc.jpeg",150,150,false],"medium":["https:\/\/fundaciohospitalariesmartorell.org\/entre-tots\/wp-content\/uploads\/2023\/07\/a05ef1b1-469c-477e-9bc7-dadde091b9bc.jpeg",300,300,false],"medium_large":["https:\/\/fundaciohospitalariesmartorell.org\/entre-tots\/wp-content\/uploads\/2023\/07\/a05ef1b1-469c-477e-9bc7-dadde091b9bc.jpeg",768,768,false],"large":["https:\/\/fundaciohospitalariesmartorell.org\/entre-tots\/wp-content\/uploads\/2023\/07\/a05ef1b1-469c-477e-9bc7-dadde091b9bc.jpeg",1024,1024,false],"1536x1536":["https:\/\/fundaciohospitalariesmartorell.org\/entre-tots\/wp-content\/uploads\/2023\/07\/a05ef1b1-469c-477e-9bc7-dadde091b9bc.jpeg",1536,1536,false],"2048x2048":["https:\/\/fundaciohospitalariesmartorell.org\/entre-tots\/wp-content\/uploads\/2023\/07\/a05ef1b1-469c-477e-9bc7-dadde091b9bc.jpeg",1736,1736,false],"mailpoet_newsletter_max":["https:\/\/fundaciohospitalariesmartorell.org\/entre-tots\/wp-content\/uploads\/2023\/07\/a05ef1b1-469c-477e-9bc7-dadde091b9bc.jpeg",1320,1320,false]},"post_excerpt_stackable_v2":"<p>L\u2019Hospital Sagrat Cor&nbsp;ha adquirit quatre cotxes el\u00e8ctrics per als serveis del Programa d\u2019Atenci\u00f3 Domicili\u00e0ria i Equips de Suport (PADES) i hospitalitzaci\u00f3 domicili\u00e0ria. Aix\u00ed mateix, s\u2019han instal\u00b7lat dos punts de rec\u00e0rrega de vehicle el\u00e8ctric per a \u00fas intern, que es troben situats al davant de l\u2019antiga farm\u00e0cia, i dos punts de rec\u00e0rrega p\u00fablics, ubicats a l\u2019entrada de l\u2019Hospital de Dia Sociosanitari.&nbsp;&nbsp; Amb aquesta acci\u00f3 i en coher\u00e8ncia amb la nostra responsabilitat social, contribu\u00efm a reduir les emissions de CO2 i \u00a0a una mobilitat m\u00e9s responsable i saludable per a les persones i l\u2019entorn.\u00a0\u00a0<\/p>\n","category_list_v2":"<a href=\"https:\/\/fundaciohospitalariesmartorell.org\/entre-tots\/category\/actualitat\/\" rel=\"category tag\">ACTUALITAT<\/a>","author_info_v2":{"name":"Sagrat Cor","url":"https:\/\/fundaciohospitalariesmartorell.org\/entre-tots\/author\/daniel\/"},"comments_num_v2":"0 comments","_links":{"self":[{"href":"https:\/\/fundaciohospitalariesmartorell.org\/entre-tots\/wp-json\/wp\/v2\/posts\/6898","targetHints":{"allow":["GET"]}}],"collection":[{"href":"https:\/\/fundaciohospitalariesmartorell.org\/entre-tots\/wp-json\/wp\/v2\/posts"}],"about":[{"href":"https:\/\/fundaciohospitalariesmartorell.org\/entre-tots\/wp-json\/wp\/v2\/types\/post"}],"author":[{"embeddable":true,"href":"https:\/\/fundaciohospitalariesmartorell.org\/entre-tots\/wp-json\/wp\/v2\/users\/2"}],"replies":[{"embeddable":true,"href":"https:\/\/fundaciohospitalariesmartorell.org\/entre-tots\/wp-json\/wp\/v2\/comments?post=6898"}],"version-history":[{"count":3,"href":"https:\/\/fundaciohospitalariesmartorell.org\/entre-tots\/wp-json\/wp\/v2\/posts\/6898\/revisions"}],"predecessor-version":[{"id":6968,"href":"https:\/\/fundaciohospitalariesmartorell.org\/entre-tots\/wp-json\/wp\/v2\/posts\/6898\/revisions\/6968"}],"wp:featuredmedia":[{"embeddable":true,"href":"https:\/\/fundaciohospitalariesmartorell.org\/entre-tots\/wp-json\/wp\/v2\/media\/6900"}],"wp:attachment":[{"href":"https:\/\/fundaciohospitalariesmartorell.org\/entre-tots\/wp-json\/wp\/v2\/media?parent=6898"}],"wp:term":[{"taxonomy":"category","embeddable":true,"href":"https:\/\/fundaciohospitalariesmartorell.org\/entre-tots\/wp-json\/wp\/v2\/categories?post=6898"},{"taxonomy":"post_tag","embeddable":true,"href":"https:\/\/fundaciohospitalariesmartorell.org\/entre-tots\/wp-json\/wp\/v2\/tags?post=6898"}],"curies":[{"name":"wp","href":"https:\/\/api.w.org\/{rel}","templated":true}]}}