{"id":6903,"date":"2023-07-27T15:30:47","date_gmt":"2023-07-27T13:30:47","guid":{"rendered":"https:\/\/hospitalsagratcormartorell.org\/entre-tots\/?p=6903"},"modified":"2023-07-27T23:00:44","modified_gmt":"2023-07-27T21:00:44","slug":"primera-trobada-dequips-paer-intercentres-de-catalunya","status":"publish","type":"post","link":"https:\/\/fundaciohospitalariesmartorell.org\/entre-tots\/2023\/07\/primera-trobada-dequips-paer-intercentres-de-catalunya\/","title":{"rendered":"Primera trobada d\u2019equips PAER Intercentres de Catalunya"},"content":{"rendered":"<figure class=\"wp-block-post-featured-image\"><img loading=\"lazy\" decoding=\"async\" width=\"1978\" height=\"989\" src=\"https:\/\/fundaciohospitalariesmartorell.org\/entre-tots\/wp-content\/uploads\/2023\/07\/36667a8e-f3cb-40ba-9a1d-0fa410267dbc.jpeg\" class=\"attachment-post-thumbnail size-post-thumbnail wp-post-image\" alt=\"\" style=\"object-fit:cover;\" \/><\/figure>\n\n\n<p>El 29 de juny es va celebrar al Monestir de les Benedictines de Montserrat la primera trobada PAER Intercentres de Catalunya de Germanes Hospital\u00e0ries, l\u2019objectiu de la qual era crear un espai de reflexi\u00f3 i d\u2019avaluaci\u00f3 comuna de cara a la millora de l\u2019aportaci\u00f3 pastoral des de cada centre, com a estrat\u00e8gia conjunta en la recerca de sinergies. La reuni\u00f3 va entrar dins dels objectius dictats des de la Prov\u00edncia d\u2019Espanya en el sentit de la recerca sinodal, o de fer un cam\u00ed conjunt entre els integrants dels diferents equips PAER de la Comunitat Hospital\u00e0ria. S\u2019hi va comptar amb la pres\u00e8ncia d\u2019Antonio Molina, coordinador provincial de la Pastoral, que va presentar les l\u00ednies fonamentals del nou esborrany del document <em>La Pastoral a Germanes Hospital\u00e0ries<\/em>. A la trobada van participar membres dels equips PAER dels hospitals Sagrat Cor, Sant Rafael, Mare de D\u00e9u de la Merc\u00e8, Benito Menni i del Centre Psicopedag\u00f2gic Mare de D\u00e9u de Montserrat.<\/p>\n\n\n\n<figure class=\"wp-block-gallery has-nested-images columns-default is-cropped wp-block-gallery-1 is-layout-flex wp-block-gallery-is-layout-flex\">\n<figure class=\"wp-block-image size-large\"><img loading=\"lazy\" decoding=\"async\" width=\"1600\" height=\"1200\" data-id=\"6907\" src=\"https:\/\/hospitalsagratcormartorell.org\/entre-tots\/wp-content\/uploads\/2023\/07\/40aacad9-c00c-4230-8f8c-2ec55b0dfb04.jpeg\" alt=\"\" class=\"wp-image-6907\"\/><\/figure>\n\n\n\n<figure class=\"wp-block-image size-large\"><img loading=\"lazy\" decoding=\"async\" width=\"2048\" height=\"1536\" data-id=\"6914\" src=\"https:\/\/hospitalsagratcormartorell.org\/entre-tots\/wp-content\/uploads\/2023\/07\/intercentros_2.png\" alt=\"\" class=\"wp-image-6914\"\/><\/figure>\n<\/figure>\n","protected":false},"excerpt":{"rendered":"<p>El 29 de juny es va celebrar al Monestir de les Benedictines de Montserrat la primera trobada PAER Intercentres de Catalunya de Germanes Hospital\u00e0ries, l\u2019objectiu de la qual era crear un espai de reflexi\u00f3 i d\u2019avaluaci\u00f3 comuna de cara a la millora de l\u2019aportaci\u00f3 pastoral des de cada centre, com a estrat\u00e8gia conjunta en la [&hellip;]<\/p>\n","protected":false},"author":2,"featured_media":6912,"comment_status":"closed","ping_status":"closed","sticky":false,"template":"","format":"standard","meta":{"footnotes":""},"categories":[27],"tags":[],"class_list":["post-6903","post","type-post","status-publish","format-standard","has-post-thumbnail","hentry","category-actualitat"],"blocksy_meta":{"styles_descriptor":{"styles":{"desktop":"","tablet":"","mobile":""},"google_fonts":[],"version":6}},"featured_image_urls_v2":{"full":["https:\/\/fundaciohospitalariesmartorell.org\/entre-tots\/wp-content\/uploads\/2023\/07\/36667a8e-f3cb-40ba-9a1d-0fa410267dbc.jpeg",1978,989,false],"thumbnail":["https:\/\/fundaciohospitalariesmartorell.org\/entre-tots\/wp-content\/uploads\/2023\/07\/36667a8e-f3cb-40ba-9a1d-0fa410267dbc.jpeg",150,75,false],"medium":["https:\/\/fundaciohospitalariesmartorell.org\/entre-tots\/wp-content\/uploads\/2023\/07\/36667a8e-f3cb-40ba-9a1d-0fa410267dbc.jpeg",300,150,false],"medium_large":["https:\/\/fundaciohospitalariesmartorell.org\/entre-tots\/wp-content\/uploads\/2023\/07\/36667a8e-f3cb-40ba-9a1d-0fa410267dbc.jpeg",768,384,false],"large":["https:\/\/fundaciohospitalariesmartorell.org\/entre-tots\/wp-content\/uploads\/2023\/07\/36667a8e-f3cb-40ba-9a1d-0fa410267dbc.jpeg",1024,512,false],"1536x1536":["https:\/\/fundaciohospitalariesmartorell.org\/entre-tots\/wp-content\/uploads\/2023\/07\/36667a8e-f3cb-40ba-9a1d-0fa410267dbc.jpeg",1536,768,false],"2048x2048":["https:\/\/fundaciohospitalariesmartorell.org\/entre-tots\/wp-content\/uploads\/2023\/07\/36667a8e-f3cb-40ba-9a1d-0fa410267dbc.jpeg",1978,989,false],"mailpoet_newsletter_max":["https:\/\/fundaciohospitalariesmartorell.org\/entre-tots\/wp-content\/uploads\/2023\/07\/36667a8e-f3cb-40ba-9a1d-0fa410267dbc.jpeg",1320,660,false]},"post_excerpt_stackable_v2":"<p>El 29 de juny es va celebrar al Monestir de les Benedictines de Montserrat la primera trobada PAER Intercentres de Catalunya de Germanes Hospital\u00e0ries, l\u2019objectiu de la qual era crear un espai de reflexi\u00f3 i d\u2019avaluaci\u00f3 comuna de cara a la millora de l\u2019aportaci\u00f3 pastoral des de cada centre, com a estrat\u00e8gia conjunta en la recerca de sinergies. La reuni\u00f3 va entrar dins dels objectius dictats des de la Prov\u00edncia d\u2019Espanya en el sentit de la recerca sinodal, o de fer un cam\u00ed conjunt entre els integrants dels diferents equips PAER de la Comunitat Hospital\u00e0ria. S\u2019hi va comptar amb la&hellip;<\/p>\n","category_list_v2":"<a href=\"https:\/\/fundaciohospitalariesmartorell.org\/entre-tots\/category\/actualitat\/\" rel=\"category tag\">ACTUALITAT<\/a>","author_info_v2":{"name":"Sagrat Cor","url":"https:\/\/fundaciohospitalariesmartorell.org\/entre-tots\/author\/daniel\/"},"comments_num_v2":"0 comments","_links":{"self":[{"href":"https:\/\/fundaciohospitalariesmartorell.org\/entre-tots\/wp-json\/wp\/v2\/posts\/6903","targetHints":{"allow":["GET"]}}],"collection":[{"href":"https:\/\/fundaciohospitalariesmartorell.org\/entre-tots\/wp-json\/wp\/v2\/posts"}],"about":[{"href":"https:\/\/fundaciohospitalariesmartorell.org\/entre-tots\/wp-json\/wp\/v2\/types\/post"}],"author":[{"embeddable":true,"href":"https:\/\/fundaciohospitalariesmartorell.org\/entre-tots\/wp-json\/wp\/v2\/users\/2"}],"replies":[{"embeddable":true,"href":"https:\/\/fundaciohospitalariesmartorell.org\/entre-tots\/wp-json\/wp\/v2\/comments?post=6903"}],"version-history":[{"count":2,"href":"https:\/\/fundaciohospitalariesmartorell.org\/entre-tots\/wp-json\/wp\/v2\/posts\/6903\/revisions"}],"predecessor-version":[{"id":6916,"href":"https:\/\/fundaciohospitalariesmartorell.org\/entre-tots\/wp-json\/wp\/v2\/posts\/6903\/revisions\/6916"}],"wp:featuredmedia":[{"embeddable":true,"href":"https:\/\/fundaciohospitalariesmartorell.org\/entre-tots\/wp-json\/wp\/v2\/media\/6912"}],"wp:attachment":[{"href":"https:\/\/fundaciohospitalariesmartorell.org\/entre-tots\/wp-json\/wp\/v2\/media?parent=6903"}],"wp:term":[{"taxonomy":"category","embeddable":true,"href":"https:\/\/fundaciohospitalariesmartorell.org\/entre-tots\/wp-json\/wp\/v2\/categories?post=6903"},{"taxonomy":"post_tag","embeddable":true,"href":"https:\/\/fundaciohospitalariesmartorell.org\/entre-tots\/wp-json\/wp\/v2\/tags?post=6903"}],"curies":[{"name":"wp","href":"https:\/\/api.w.org\/{rel}","templated":true}]}}