{"id":6917,"date":"2023-07-27T15:29:32","date_gmt":"2023-07-27T13:29:32","guid":{"rendered":"https:\/\/hospitalsagratcormartorell.org\/entre-tots\/?p=6917"},"modified":"2023-07-28T10:27:18","modified_gmt":"2023-07-28T08:27:18","slug":"el-subdirector-medic-de-lhospital-sagrat-cor-publica-un-article-a-la-revista-brains","status":"publish","type":"post","link":"https:\/\/fundaciohospitalariesmartorell.org\/entre-tots\/2023\/07\/el-subdirector-medic-de-lhospital-sagrat-cor-publica-un-article-a-la-revista-brains\/","title":{"rendered":"El subdirector m\u00e8dic de l\u2019Hospital Sagrat Cor publica un article a la revista <i>Brains<\/i>"},"content":{"rendered":"<figure style=\"width:50%;\" class=\"alignleft wp-block-post-featured-image\"><img loading=\"lazy\" decoding=\"async\" width=\"1306\" height=\"1846\" src=\"https:\/\/fundaciohospitalariesmartorell.org\/entre-tots\/wp-content\/uploads\/2023\/07\/Captura-de-pantalla-2023-07-20-a-las-16.30.14.png\" class=\"attachment-post-thumbnail size-post-thumbnail wp-post-image\" alt=\"\" style=\"object-fit:cover;\" \/><\/figure>\n\n\n<p>El doctor Manel S\u00e1nchez, subdirector m\u00e8dic de l&#8217;Hospital Sagrat Cor, va participar amb un article seu a la revista <em>Brains<\/em> del mes de maig de 2023. Es tracta d\u2019una publicaci\u00f3 del Cl\u00faster de Salut Mental de Catalunya, una organitzaci\u00f3 sense \u00e0nim de lucre que treballa per generar un ecosistema que dinamitzi els sectors de la salut mental i que t\u00e9 com a objectiu promoure el desenvolupament de la recerca, la transfer\u00e8ncia de coneixement i la creaci\u00f3 de sinergies entre els diferents actors del sector.<\/p>\n\n\n\n<p>L&#8217;article del Dr. S\u00e1nchez aborda la q\u00fcesti\u00f3 emergent de l&#8217;atenci\u00f3 a la salut mental de la gent gran, que cada cop est\u00e0 adquirint m\u00e9s protagonisme. \u201cLa pand\u00e8mia de covid-19 va posar en relleu moltes problem\u00e0tiques que ja existien i altres que van sorgir arran de la situaci\u00f3 de crisi sanit\u00e0ria, i que van afectar especialment la salut mental de la gent gran\u201d, explica el subdirector m\u00e8dic, que afegeix el repte que ara tenim davant, d\u2019abordar les necessitats d&#8217;un sector de la poblaci\u00f3 cada cop m\u00e9s nombr\u00f3s i que no deixar\u00e0 de cr\u00e9ixer a curt i mitj\u00e0 termini.<\/p>\n\n\n\n<p>&#8220;Indefectiblement, hem de posar el focus en els models d&#8217;atenci\u00f3 integrats&#8221;, apunta el Dr. S\u00e1nchez com una de les conclusions. Manel S\u00e1nchez destaca que necess\u00e0riament, pel que fa a la salut p\u00fablica, els entorns d&#8217;integraci\u00f3 als recursos assistencials hauran de ser cada vegada m\u00e9s presents. Tamb\u00e9 assenyala al seu article com la situaci\u00f3 actual obliga que els gestors sanitaris intensifiquin una atenci\u00f3 priorit\u00e0ria per a la gent gran, at\u00e8s que \u00e9s un problema global en augment que afecta les estructures socioecon\u00f2miques de la nostra societat.<\/p>\n\n\n\n<p>El subdirector m\u00e8dic de l&#8217;Hospital Sagrat Cor tamb\u00e9 apunta com podrem observar cada cop m\u00e9s com la incorporaci\u00f3 de les noves tecnologies, amb totes les eines que aporten, ens ajudar\u00e0 a millorar l&#8217;atenci\u00f3 de la gent gran. &#8220;A m\u00e9s, la tecnologia t\u00e9 i tindr\u00e0 un rol important\u00edssim per a l&#8217;atenci\u00f3 d&#8217;aquest col\u00b7lectiu de poblaci\u00f3, i ajudar\u00e0 a generar recursos all\u00e0 on les estructures humanes no arribin&#8221;, assenyala. \u201cEncara que aquesta tecnologia no podr\u00e0 mai substituir el contacte hum\u00e0\u201d, afegeix.<\/p>\n","protected":false},"excerpt":{"rendered":"<p>El doctor Manel S\u00e1nchez, subdirector m\u00e8dic de l&#8217;Hospital Sagrat Cor, va participar amb un article seu a la revista Brains del mes de maig de 2023. Es tracta d\u2019una publicaci\u00f3 del Cl\u00faster de Salut Mental de Catalunya, una organitzaci\u00f3 sense \u00e0nim de lucre que treballa per generar un ecosistema que dinamitzi els sectors de la [&hellip;]<\/p>\n","protected":false},"author":2,"featured_media":6919,"comment_status":"closed","ping_status":"closed","sticky":false,"template":"","format":"standard","meta":{"footnotes":""},"categories":[27],"tags":[],"class_list":["post-6917","post","type-post","status-publish","format-standard","has-post-thumbnail","hentry","category-actualitat"],"blocksy_meta":{"styles_descriptor":{"styles":{"desktop":"","tablet":"","mobile":""},"google_fonts":[],"version":6}},"featured_image_urls_v2":{"full":["https:\/\/fundaciohospitalariesmartorell.org\/entre-tots\/wp-content\/uploads\/2023\/07\/Captura-de-pantalla-2023-07-20-a-las-16.30.14.png",1306,1846,false],"thumbnail":["https:\/\/fundaciohospitalariesmartorell.org\/entre-tots\/wp-content\/uploads\/2023\/07\/Captura-de-pantalla-2023-07-20-a-las-16.30.14.png",106,150,false],"medium":["https:\/\/fundaciohospitalariesmartorell.org\/entre-tots\/wp-content\/uploads\/2023\/07\/Captura-de-pantalla-2023-07-20-a-las-16.30.14.png",212,300,false],"medium_large":["https:\/\/fundaciohospitalariesmartorell.org\/entre-tots\/wp-content\/uploads\/2023\/07\/Captura-de-pantalla-2023-07-20-a-las-16.30.14.png",768,1086,false],"large":["https:\/\/fundaciohospitalariesmartorell.org\/entre-tots\/wp-content\/uploads\/2023\/07\/Captura-de-pantalla-2023-07-20-a-las-16.30.14.png",724,1024,false],"1536x1536":["https:\/\/fundaciohospitalariesmartorell.org\/entre-tots\/wp-content\/uploads\/2023\/07\/Captura-de-pantalla-2023-07-20-a-las-16.30.14.png",1087,1536,false],"2048x2048":["https:\/\/fundaciohospitalariesmartorell.org\/entre-tots\/wp-content\/uploads\/2023\/07\/Captura-de-pantalla-2023-07-20-a-las-16.30.14.png",1306,1846,false],"mailpoet_newsletter_max":["https:\/\/fundaciohospitalariesmartorell.org\/entre-tots\/wp-content\/uploads\/2023\/07\/Captura-de-pantalla-2023-07-20-a-las-16.30.14.png",1306,1846,false]},"post_excerpt_stackable_v2":"<p>El doctor Manel S\u00e1nchez, subdirector m\u00e8dic de l&#8217;Hospital Sagrat Cor, va participar amb un article seu a la revista Brains del mes de maig de 2023. Es tracta d\u2019una publicaci\u00f3 del Cl\u00faster de Salut Mental de Catalunya, una organitzaci\u00f3 sense \u00e0nim de lucre que treballa per generar un ecosistema que dinamitzi els sectors de la salut mental i que t\u00e9 com a objectiu promoure el desenvolupament de la recerca, la transfer\u00e8ncia de coneixement i la creaci\u00f3 de sinergies entre els diferents actors del sector. L&#8217;article del Dr. S\u00e1nchez aborda la q\u00fcesti\u00f3 emergent de l&#8217;atenci\u00f3 a la salut mental de la&hellip;<\/p>\n","category_list_v2":"<a href=\"https:\/\/fundaciohospitalariesmartorell.org\/entre-tots\/category\/actualitat\/\" rel=\"category tag\">ACTUALITAT<\/a>","author_info_v2":{"name":"Sagrat Cor","url":"https:\/\/fundaciohospitalariesmartorell.org\/entre-tots\/author\/daniel\/"},"comments_num_v2":"0 comments","_links":{"self":[{"href":"https:\/\/fundaciohospitalariesmartorell.org\/entre-tots\/wp-json\/wp\/v2\/posts\/6917","targetHints":{"allow":["GET"]}}],"collection":[{"href":"https:\/\/fundaciohospitalariesmartorell.org\/entre-tots\/wp-json\/wp\/v2\/posts"}],"about":[{"href":"https:\/\/fundaciohospitalariesmartorell.org\/entre-tots\/wp-json\/wp\/v2\/types\/post"}],"author":[{"embeddable":true,"href":"https:\/\/fundaciohospitalariesmartorell.org\/entre-tots\/wp-json\/wp\/v2\/users\/2"}],"replies":[{"embeddable":true,"href":"https:\/\/fundaciohospitalariesmartorell.org\/entre-tots\/wp-json\/wp\/v2\/comments?post=6917"}],"version-history":[{"count":3,"href":"https:\/\/fundaciohospitalariesmartorell.org\/entre-tots\/wp-json\/wp\/v2\/posts\/6917\/revisions"}],"predecessor-version":[{"id":6964,"href":"https:\/\/fundaciohospitalariesmartorell.org\/entre-tots\/wp-json\/wp\/v2\/posts\/6917\/revisions\/6964"}],"wp:featuredmedia":[{"embeddable":true,"href":"https:\/\/fundaciohospitalariesmartorell.org\/entre-tots\/wp-json\/wp\/v2\/media\/6919"}],"wp:attachment":[{"href":"https:\/\/fundaciohospitalariesmartorell.org\/entre-tots\/wp-json\/wp\/v2\/media?parent=6917"}],"wp:term":[{"taxonomy":"category","embeddable":true,"href":"https:\/\/fundaciohospitalariesmartorell.org\/entre-tots\/wp-json\/wp\/v2\/categories?post=6917"},{"taxonomy":"post_tag","embeddable":true,"href":"https:\/\/fundaciohospitalariesmartorell.org\/entre-tots\/wp-json\/wp\/v2\/tags?post=6917"}],"curies":[{"name":"wp","href":"https:\/\/api.w.org\/{rel}","templated":true}]}}