{"id":6948,"date":"2023-07-27T15:28:35","date_gmt":"2023-07-27T13:28:35","guid":{"rendered":"https:\/\/hospitalsagratcormartorell.org\/entre-tots\/?p=6948"},"modified":"2023-07-27T23:00:22","modified_gmt":"2023-07-27T21:00:22","slug":"participem-al-xiv-congres-nacional-de-trastorns-de-la-personalitat","status":"publish","type":"post","link":"https:\/\/fundaciohospitalariesmartorell.org\/entre-tots\/2023\/07\/participem-al-xiv-congres-nacional-de-trastorns-de-la-personalitat\/","title":{"rendered":"Participem al XIV Congr\u00e9s Nacional de Trastorns de la Personalitat"},"content":{"rendered":"<figure class=\"wp-block-post-featured-image\"><img loading=\"lazy\" decoding=\"async\" width=\"1926\" height=\"1374\" src=\"https:\/\/fundaciohospitalariesmartorell.org\/entre-tots\/wp-content\/uploads\/2023\/07\/Captura-de-pantalla-2023-07-27-a-les-17.14.41.jpg\" class=\"attachment-post-thumbnail size-post-thumbnail wp-post-image\" alt=\"\" style=\"object-fit:cover;\" \/><\/figure>\n\n\n<p>Del 8 al 10 de juny es va celebrar a Las Palmas de Gran Can\u00e0ria el XIV Congr\u00e9s Nacional de la Societat Espanyola de Trastorns de la Personalitat (TLP), que en aquesta ocasi\u00f3 va tenir com a lema &#8216;Actualitat i futur: un cam\u00ed cap a l&#8217;esperan\u00e7a&#8217;. Hi van assistir quatre membres del programa d\u2019intervenci\u00f3 en TLP del nostre Centre: el Dr. Pedro Yscadar, psiquiatre adjunt del Servei d\u2019Aguts de l\u2019Hospital, la Dra. Clara Mostalac, psiquiatre resident, Celia Llorens, psic\u00f2loga resident, i Rosa Rodr\u00edguez, terapeuta ocupacional, per presentar dos p\u00f2sters i fer una comunicaci\u00f3 oral.<\/p>\n\n\n\n<p>El primer p\u00f2ster presentat es titulava &#8216;La trobada multifamiliar des del Model Martorell&#8217;, i s&#8217;hi destacava que, davant la necessitat d&#8217;incloure les fam\u00edlies en el tractament de les persones ateses amb TLP, es va decidir crear les trobades multifamiliars dins de la Fase Aguda del Programa Transversal per a TLP Model Martorell. A les conclusions del p\u00f2ster s&#8217;explicava que els resultats d&#8217;incloure les trobades familiars estan sent positius i que afavoreixen l&#8217;alian\u00e7a terap\u00e8utica amb l&#8217;equip de professionals, que la vinculaci\u00f3 amb altres dispositius \u00e9s alta i que faciliten la trobada i la comprensi\u00f3 entre les fam\u00edlies, per la qual cosa han esdevingut un grup de suport.<\/p>\n\n\n\n<p>El segon p\u00f2ster portava com a t\u00edtol &#8216;Efic\u00e0cia de la Intervenci\u00f3 Multifamiliar en pacients TLP Model Martorell&#8217; i s&#8217;hi explicava els resultats obtinguts amb aquesta intervenci\u00f3 multifamiliar, una de les activitats del programa transversal i de multiintervenci\u00f3 per TLP Model Martorell, que pret\u00e9n reunir familiars i persones ateses per identificar i millorar din\u00e0miques disfuncionals. Els resultats obtinguts mostraven l&#8217;efic\u00e0cia d&#8217;aquesta ter\u00e0pia multifamiliar en la millora de les persones diagnosticades amb TLP, un increment en la percepci\u00f3 global que el subjecte t\u00e9 sobre la seva situaci\u00f3 familiar, experimentant sentiments m\u00e9s satisfactoris com ara m\u00e9s suport, m\u00e9s respecte i m\u00e9s compressi\u00f3. Tamb\u00e9 es destacava al p\u00f2ster que l&#8217;aplicaci\u00f3 sistem\u00e0tica d&#8217;aquesta ter\u00e0pia millorava l&#8217;\u00e0mbit familiar, estabilitzant el suport ambulatori i reduint el nombre d&#8217;ingressos.<\/p>\n\n\n\n<figure class=\"wp-block-image size-full\"><img loading=\"lazy\" decoding=\"async\" width=\"2048\" height=\"1536\" src=\"https:\/\/hospitalsagratcormartorell.org\/entre-tots\/wp-content\/uploads\/2023\/07\/47b86e1c-709f-46b5-9dd2-24c1756db132.jpeg\" alt=\"\" class=\"wp-image-6950\"\/><\/figure>\n\n\n\n<p>Tot i que al XIV Congr\u00e9s Nacional de TLP nom\u00e9s s\u2019hi van despla\u00e7ar quatre professionals de l&#8217;Hospital, tot l&#8217;equip del programa va participar en l\u2019elaboraci\u00f3 de tots dos p\u00f2sters.<\/p>\n\n\n\n<p>El Dr. Pedro Yscadar va ser qui va fer la comunicaci\u00f3 oral per parlar del programa d\u2019Hospitalitzaci\u00f3 Transversal en TLP del Model Martorell. \u201cL&#8217;alta incid\u00e8ncia de trastorns de personalitat, en particular els TLP, fan que l&#8217;atenci\u00f3 a les urg\u00e8ncies sigui de les m\u00e9s sol\u00b7licitades i complexes\u201d, va explicar. Per aix\u00f2, a l&#8217;Hospital es va dissenyar un programa d\u2019alta intervenci\u00f3 ideogr\u00e0fic, seq\u00fcencial i multidimensional per a aquestes persones ateses. Aquest estudi mostra dades preliminars de la seva aplicaci\u00f3, amb 38 pacients, majorit\u00e0riament femenins i desocupats, que van experimentar una millora significativa en els seus s\u00edmptomes segons les escales SCL 90 i ESFA. \u201cEncara que els resultats preliminars s\u00f3n prometedors, es requereixen m\u00e9s estudis per confirmar aquests resultats\u201d, va finalitzar el Dr. Yscadar.<\/p>\n","protected":false},"excerpt":{"rendered":"<p>Del 8 al 10 de juny es va celebrar a Las Palmas de Gran Can\u00e0ria el XIV Congr\u00e9s Nacional de la Societat Espanyola de Trastorns de la Personalitat (TLP), que en aquesta ocasi\u00f3 va tenir com a lema &#8216;Actualitat i futur: un cam\u00ed cap a l&#8217;esperan\u00e7a&#8217;. Hi van assistir quatre membres del programa d\u2019intervenci\u00f3 en [&hellip;]<\/p>\n","protected":false},"author":2,"featured_media":6953,"comment_status":"closed","ping_status":"closed","sticky":false,"template":"","format":"standard","meta":{"footnotes":""},"categories":[27],"tags":[],"class_list":["post-6948","post","type-post","status-publish","format-standard","has-post-thumbnail","hentry","category-actualitat"],"blocksy_meta":{"styles_descriptor":{"styles":{"desktop":"","tablet":"","mobile":""},"google_fonts":[],"version":6}},"featured_image_urls_v2":{"full":["https:\/\/fundaciohospitalariesmartorell.org\/entre-tots\/wp-content\/uploads\/2023\/07\/Captura-de-pantalla-2023-07-27-a-les-17.14.41.jpg",1926,1374,false],"thumbnail":["https:\/\/fundaciohospitalariesmartorell.org\/entre-tots\/wp-content\/uploads\/2023\/07\/Captura-de-pantalla-2023-07-27-a-les-17.14.41.jpg",150,107,false],"medium":["https:\/\/fundaciohospitalariesmartorell.org\/entre-tots\/wp-content\/uploads\/2023\/07\/Captura-de-pantalla-2023-07-27-a-les-17.14.41.jpg",300,214,false],"medium_large":["https:\/\/fundaciohospitalariesmartorell.org\/entre-tots\/wp-content\/uploads\/2023\/07\/Captura-de-pantalla-2023-07-27-a-les-17.14.41.jpg",768,548,false],"large":["https:\/\/fundaciohospitalariesmartorell.org\/entre-tots\/wp-content\/uploads\/2023\/07\/Captura-de-pantalla-2023-07-27-a-les-17.14.41.jpg",1024,731,false],"1536x1536":["https:\/\/fundaciohospitalariesmartorell.org\/entre-tots\/wp-content\/uploads\/2023\/07\/Captura-de-pantalla-2023-07-27-a-les-17.14.41.jpg",1536,1096,false],"2048x2048":["https:\/\/fundaciohospitalariesmartorell.org\/entre-tots\/wp-content\/uploads\/2023\/07\/Captura-de-pantalla-2023-07-27-a-les-17.14.41.jpg",1926,1374,false],"mailpoet_newsletter_max":["https:\/\/fundaciohospitalariesmartorell.org\/entre-tots\/wp-content\/uploads\/2023\/07\/Captura-de-pantalla-2023-07-27-a-les-17.14.41.jpg",1320,942,false]},"post_excerpt_stackable_v2":"<p>Del 8 al 10 de juny es va celebrar a Las Palmas de Gran Can\u00e0ria el XIV Congr\u00e9s Nacional de la Societat Espanyola de Trastorns de la Personalitat (TLP), que en aquesta ocasi\u00f3 va tenir com a lema &#8216;Actualitat i futur: un cam\u00ed cap a l&#8217;esperan\u00e7a&#8217;. Hi van assistir quatre membres del programa d\u2019intervenci\u00f3 en TLP del nostre Centre: el Dr. Pedro Yscadar, psiquiatre adjunt del Servei d\u2019Aguts de l\u2019Hospital, la Dra. Clara Mostalac, psiquiatre resident, Celia Llorens, psic\u00f2loga resident, i Rosa Rodr\u00edguez, terapeuta ocupacional, per presentar dos p\u00f2sters i fer una comunicaci\u00f3 oral. El primer p\u00f2ster presentat es titulava&hellip;<\/p>\n","category_list_v2":"<a href=\"https:\/\/fundaciohospitalariesmartorell.org\/entre-tots\/category\/actualitat\/\" rel=\"category tag\">ACTUALITAT<\/a>","author_info_v2":{"name":"Sagrat Cor","url":"https:\/\/fundaciohospitalariesmartorell.org\/entre-tots\/author\/daniel\/"},"comments_num_v2":"0 comments","_links":{"self":[{"href":"https:\/\/fundaciohospitalariesmartorell.org\/entre-tots\/wp-json\/wp\/v2\/posts\/6948","targetHints":{"allow":["GET"]}}],"collection":[{"href":"https:\/\/fundaciohospitalariesmartorell.org\/entre-tots\/wp-json\/wp\/v2\/posts"}],"about":[{"href":"https:\/\/fundaciohospitalariesmartorell.org\/entre-tots\/wp-json\/wp\/v2\/types\/post"}],"author":[{"embeddable":true,"href":"https:\/\/fundaciohospitalariesmartorell.org\/entre-tots\/wp-json\/wp\/v2\/users\/2"}],"replies":[{"embeddable":true,"href":"https:\/\/fundaciohospitalariesmartorell.org\/entre-tots\/wp-json\/wp\/v2\/comments?post=6948"}],"version-history":[{"count":2,"href":"https:\/\/fundaciohospitalariesmartorell.org\/entre-tots\/wp-json\/wp\/v2\/posts\/6948\/revisions"}],"predecessor-version":[{"id":6954,"href":"https:\/\/fundaciohospitalariesmartorell.org\/entre-tots\/wp-json\/wp\/v2\/posts\/6948\/revisions\/6954"}],"wp:featuredmedia":[{"embeddable":true,"href":"https:\/\/fundaciohospitalariesmartorell.org\/entre-tots\/wp-json\/wp\/v2\/media\/6953"}],"wp:attachment":[{"href":"https:\/\/fundaciohospitalariesmartorell.org\/entre-tots\/wp-json\/wp\/v2\/media?parent=6948"}],"wp:term":[{"taxonomy":"category","embeddable":true,"href":"https:\/\/fundaciohospitalariesmartorell.org\/entre-tots\/wp-json\/wp\/v2\/categories?post=6948"},{"taxonomy":"post_tag","embeddable":true,"href":"https:\/\/fundaciohospitalariesmartorell.org\/entre-tots\/wp-json\/wp\/v2\/tags?post=6948"}],"curies":[{"name":"wp","href":"https:\/\/api.w.org\/{rel}","templated":true}]}}