{"id":6975,"date":"2023-09-29T08:00:38","date_gmt":"2023-09-29T06:00:38","guid":{"rendered":"https:\/\/hospitalsagratcormartorell.org\/entre-tots\/?p=6975"},"modified":"2023-10-03T13:19:30","modified_gmt":"2023-10-03T11:19:30","slug":"el-conseller-balcells-inaugura-el-nou-edifici-assistencial-de-lhospital-sagrat-cor-de-germanes-hospitalaries-a-martorell","status":"publish","type":"post","link":"https:\/\/fundaciohospitalariesmartorell.org\/entre-tots\/2023\/09\/el-conseller-balcells-inaugura-el-nou-edifici-assistencial-de-lhospital-sagrat-cor-de-germanes-hospitalaries-a-martorell\/","title":{"rendered":"El conseller Balcells inaugura el nou edifici assistencial de l&#8217;Hospital Sagrat Cor a Martorell"},"content":{"rendered":"<figure class=\"wp-block-post-featured-image\"><img loading=\"lazy\" decoding=\"async\" width=\"1600\" height=\"1064\" src=\"https:\/\/fundaciohospitalariesmartorell.org\/entre-tots\/wp-content\/uploads\/2023\/09\/37e9ba31-d635-438d-af61-ba110cc7a48e.jpeg\" class=\"attachment-post-thumbnail size-post-thumbnail wp-post-image\" alt=\"\" style=\"object-fit:cover;\" srcset=\"https:\/\/fundaciohospitalariesmartorell.org\/entre-tots\/wp-content\/uploads\/2023\/09\/37e9ba31-d635-438d-af61-ba110cc7a48e.jpeg 1600w, https:\/\/fundaciohospitalariesmartorell.org\/entre-tots\/wp-content\/uploads\/2023\/09\/37e9ba31-d635-438d-af61-ba110cc7a48e-300x200.jpeg 300w, https:\/\/fundaciohospitalariesmartorell.org\/entre-tots\/wp-content\/uploads\/2023\/09\/37e9ba31-d635-438d-af61-ba110cc7a48e-1024x681.jpeg 1024w, https:\/\/fundaciohospitalariesmartorell.org\/entre-tots\/wp-content\/uploads\/2023\/09\/37e9ba31-d635-438d-af61-ba110cc7a48e-768x511.jpeg 768w, https:\/\/fundaciohospitalariesmartorell.org\/entre-tots\/wp-content\/uploads\/2023\/09\/37e9ba31-d635-438d-af61-ba110cc7a48e-1536x1021.jpeg 1536w, https:\/\/fundaciohospitalariesmartorell.org\/entre-tots\/wp-content\/uploads\/2023\/09\/37e9ba31-d635-438d-af61-ba110cc7a48e-1320x878.jpeg 1320w\" sizes=\"auto, (max-width: 1600px) 100vw, 1600px\" \/><\/figure>\n\n\n<p>El conseller de Salut, Manel Balcells, va inaugurar el 6 de setembre el nou edifici assistencial de l&#8217;Hospital Sagrat Cor. A l&#8217;acte el van acompanyar el director gerent del Centre, el doctor Jes\u00fas Ezquerra, la superiora de l&#8217;Hospital Sagrat Cor, sor Isabel Bl\u00e1zquez, i tamb\u00e9 representants de Germanes Hospital\u00e0ries Espanya, com Alberto Mart\u00edn de la Mata i Jos\u00e9 Antonio Larraz, director general i director de l&#8217;\u00c0rea Assistencial i Educativa, respectivament. Tamb\u00e9 hi van assistir l\u2019alcalde de Martorell, Xavier Fonollosa, junt amb la regidora d&#8217;Ensenyament i Salut, Soledad Rosende, i el primer tinent d&#8217;alcalde, Llu\u00eds Amat.<\/p>\n\n\n\n<p>Aquest nou equipament, que va iniciar l\u2019activitat fa uns mesos, consta de quatre plantes, amb una superf\u00edcie total de 8.000 m<sup>2<\/sup>, i en la construcci\u00f3 s&#8217;han invertit 15 milions d&#8217;euros a partir de recursos propis de l&#8217;Hospital. Les noves instal\u00b7lacions, a m\u00e9s d&#8217;acollir dues unitats d\u2019atenci\u00f3 psicosocial de l\u2019\u00e0rea de rehabilitaci\u00f3 de llarga estada de salut mental amb una capacitat de 30 llits cadascuna, tamb\u00e9 integren l&#8217;Equip de Valoraci\u00f3 Integral Ambulat\u00f2ria (EAIA) de trastorns cognitius, el Programa d&#8217;Atenci\u00f3 Domicili\u00e0ria (PADES), i els serveis centrals de Farm\u00e0cia Hospital\u00e0ria, aix\u00ed com espais de suport administratiu i de doc\u00e8ncia.<\/p>\n\n\n\n<figure class=\"wp-block-gallery has-nested-images columns-default is-cropped wp-block-gallery-1 is-layout-flex wp-block-gallery-is-layout-flex\">\n<figure class=\"wp-block-image size-large\"><img loading=\"lazy\" decoding=\"async\" width=\"957\" height=\"1024\" data-id=\"6979\" src=\"https:\/\/hospitalsagratcormartorell.org\/entre-tots\/wp-content\/uploads\/2023\/09\/7ae3df92-9fc6-407e-ab4e-ebfabe265c59-957x1024.jpeg\" alt=\"\" class=\"wp-image-6979\" srcset=\"https:\/\/fundaciohospitalariesmartorell.org\/entre-tots\/wp-content\/uploads\/2023\/09\/7ae3df92-9fc6-407e-ab4e-ebfabe265c59-957x1024.jpeg 957w, https:\/\/fundaciohospitalariesmartorell.org\/entre-tots\/wp-content\/uploads\/2023\/09\/7ae3df92-9fc6-407e-ab4e-ebfabe265c59-280x300.jpeg 280w, https:\/\/fundaciohospitalariesmartorell.org\/entre-tots\/wp-content\/uploads\/2023\/09\/7ae3df92-9fc6-407e-ab4e-ebfabe265c59-768x822.jpeg 768w, https:\/\/fundaciohospitalariesmartorell.org\/entre-tots\/wp-content\/uploads\/2023\/09\/7ae3df92-9fc6-407e-ab4e-ebfabe265c59-1435x1536.jpeg 1435w, https:\/\/fundaciohospitalariesmartorell.org\/entre-tots\/wp-content\/uploads\/2023\/09\/7ae3df92-9fc6-407e-ab4e-ebfabe265c59-1320x1413.jpeg 1320w, https:\/\/fundaciohospitalariesmartorell.org\/entre-tots\/wp-content\/uploads\/2023\/09\/7ae3df92-9fc6-407e-ab4e-ebfabe265c59.jpeg 1913w\" sizes=\"auto, (max-width: 957px) 100vw, 957px\" \/><\/figure>\n\n\n\n<figure class=\"wp-block-image size-large\"><img loading=\"lazy\" decoding=\"async\" width=\"1024\" height=\"1024\" data-id=\"6981\" src=\"https:\/\/hospitalsagratcormartorell.org\/entre-tots\/wp-content\/uploads\/2023\/09\/161e72f6-dc30-4e89-b11e-1f17eab2e6f3-1024x1024.jpeg\" alt=\"\" class=\"wp-image-6981\" srcset=\"https:\/\/fundaciohospitalariesmartorell.org\/entre-tots\/wp-content\/uploads\/2023\/09\/161e72f6-dc30-4e89-b11e-1f17eab2e6f3-1024x1024.jpeg 1024w, https:\/\/fundaciohospitalariesmartorell.org\/entre-tots\/wp-content\/uploads\/2023\/09\/161e72f6-dc30-4e89-b11e-1f17eab2e6f3-300x300.jpeg 300w, https:\/\/fundaciohospitalariesmartorell.org\/entre-tots\/wp-content\/uploads\/2023\/09\/161e72f6-dc30-4e89-b11e-1f17eab2e6f3-150x150.jpeg 150w, https:\/\/fundaciohospitalariesmartorell.org\/entre-tots\/wp-content\/uploads\/2023\/09\/161e72f6-dc30-4e89-b11e-1f17eab2e6f3-768x768.jpeg 768w, https:\/\/fundaciohospitalariesmartorell.org\/entre-tots\/wp-content\/uploads\/2023\/09\/161e72f6-dc30-4e89-b11e-1f17eab2e6f3-1536x1536.jpeg 1536w, https:\/\/fundaciohospitalariesmartorell.org\/entre-tots\/wp-content\/uploads\/2023\/09\/161e72f6-dc30-4e89-b11e-1f17eab2e6f3-1320x1320.jpeg 1320w, https:\/\/fundaciohospitalariesmartorell.org\/entre-tots\/wp-content\/uploads\/2023\/09\/161e72f6-dc30-4e89-b11e-1f17eab2e6f3.jpeg 1736w\" sizes=\"auto, (max-width: 1024px) 100vw, 1024px\" \/><\/figure>\n<\/figure>\n\n\n\n<figure class=\"wp-block-image size-large\"><img loading=\"lazy\" decoding=\"async\" width=\"1024\" height=\"681\" src=\"https:\/\/hospitalsagratcormartorell.org\/entre-tots\/wp-content\/uploads\/2023\/09\/1f1b4b7d-8c32-4261-8945-a5269db7766e-1024x681.jpeg\" alt=\"\" class=\"wp-image-6978\" srcset=\"https:\/\/fundaciohospitalariesmartorell.org\/entre-tots\/wp-content\/uploads\/2023\/09\/1f1b4b7d-8c32-4261-8945-a5269db7766e-1024x681.jpeg 1024w, https:\/\/fundaciohospitalariesmartorell.org\/entre-tots\/wp-content\/uploads\/2023\/09\/1f1b4b7d-8c32-4261-8945-a5269db7766e-300x200.jpeg 300w, https:\/\/fundaciohospitalariesmartorell.org\/entre-tots\/wp-content\/uploads\/2023\/09\/1f1b4b7d-8c32-4261-8945-a5269db7766e-768x511.jpeg 768w, https:\/\/fundaciohospitalariesmartorell.org\/entre-tots\/wp-content\/uploads\/2023\/09\/1f1b4b7d-8c32-4261-8945-a5269db7766e-1536x1021.jpeg 1536w, https:\/\/fundaciohospitalariesmartorell.org\/entre-tots\/wp-content\/uploads\/2023\/09\/1f1b4b7d-8c32-4261-8945-a5269db7766e-1320x878.jpeg 1320w, https:\/\/fundaciohospitalariesmartorell.org\/entre-tots\/wp-content\/uploads\/2023\/09\/1f1b4b7d-8c32-4261-8945-a5269db7766e.jpeg 1600w\" sizes=\"auto, (max-width: 1024px) 100vw, 1024px\" \/><\/figure>\n\n\n\n<p>A l\u2019inici de l\u2019acte, el Consell de Direcci\u00f3 va fer una presentaci\u00f3 del Centre al conseller i sor Isabel Bl\u00e1zquez li va fer entrega d\u2019un obsequi com a record de la inauguraci\u00f3. Balcells va voler con\u00e8ixer de primera m\u00e0, dels professionals del Centre, les impressions i el canvi que ha suposat aquest equipament, aix\u00ed com les necessitats del seu dia a dia.  Aix\u00ed va reunir-se amb un grup de professionals de diferents perfils per tal de copsar la seva opini\u00f3 respecte diferents temes de l\u2019\u00e0mbit de la salut mental , l\u2019atenci\u00f3 interm\u00e8dia i en general de l\u2019\u00e0mbit de la salut. \u00a0La trobada es va produir en un ambient dist\u00e8s i proper on el conseller va poder compartir projectes i tamb\u00e9 preocupacions del Departament, i va contestar a totes les q\u00fcestions que se li van plantejar . La reuni\u00f3 va acabar amb missatges encoratjadors on es va posar de manifest que malgrat les dificultats tenim un bon Sistema de Salut i uns professionals compromesos en millorar l\u2019atenci\u00f3 als nostres pacients i les seves fam\u00edlies.<\/p>\n\n\n\n<p>Tamb\u00e9 va visitar la segona planta de les noves instal\u00b7lacions, on va poder parlar amb algunes persones que hi reben atenci\u00f3, les quals li van explicar com havia millorat l\u2019atenci\u00f3 gr\u00e0cies al nou equipament i la seva satisfacci\u00f3 per les atencions rebudes per part del personal de l\u2019Hospital.<\/p>\n\n\n\n<p>Durant la visita, el director m\u00e8dic del Centre, el doctor Carles Franquelo, el coordinador de l\u2019\u00c0rea Rehabilitaci\u00f3 en Salut Mental, Josep Tristany, i la coordinadora d\u2019Infermeria a l\u2019\u00c0rea de Rehabilitaci\u00f3, Meritxell Argem\u00ed, van explicar al conseller Balcells les tasques que es duen a terme a les diferents unitats, les pr\u00f2pies de cadascuna i algunes de comunes, com l&#8217;Sport2Live, un programa f\u00edsic dirigit a persones usu\u00e0ries amb un problema de salut mental ingressades a les unitats de rehabilitaci\u00f3, o la ter\u00e0pia assistida amb gossos. \u201cEl conseller es va mostrar molt satisfet amb la lluminositat de les instal\u00b7lacions, que \u00e9s un aspecte en el qual es va posar especial cura\u201d, explica Josep Tristany.<\/p>\n\n\n\n<p>El conseller Balcells va destacar que \u201cavui \u00e9s un dia de bones not\u00edcies perqu\u00e8 aquest nou equipament contribuir\u00e0 a millorar l\u2019atenci\u00f3 interm\u00e8dia i sobretot en salut mental, on tenim unes necessitats que han anat en augment i que des del sistema de salut hem d\u2019abordar. Aquest repte l\u2019encarem amb bons professionals, que tenen experi\u00e8ncia i vocaci\u00f3 de servei, en un moment en qu\u00e8 estem canviant el paradigma d\u2019atenci\u00f3 a les persones i les estem posant al centre\u201d.<\/p>\n\n\n\n<p>En la seva intervenci\u00f3, el Dr. Ezquerra va posar \u00e8mfasi en el proc\u00e9s de reconversi\u00f3 de les unitats de llarga estada de salut mental impulsat pel Departament de Salut. L\u2019Hospital Sagrat Cor forma part de les cinc experi\u00e8ncies pilot que s\u2019estan desenvolupant a Catalunya. Aquest proc\u00e9s implica un canvi de model basat en la potenciaci\u00f3 dels serveis comunitaris per tal d&#8217;evitar els ingressos de llarga durada. \u201cDe fet, a dia d\u2019avui ja hem tancat m\u00e9s de quaranta llits de llarga estada i continuem treballant per tal que aquest proc\u00e9s d\u2019externalitzaci\u00f3 de pacients de les unitats de llarga durada sigui amb el suport social adequat i assegurant-ne la continu\u00eftat assistencial. Per altra banda, aquest nou edifici, amb el seu disseny polivalent, est\u00e0 preparat per donar resposta a futures necessitats del territori en l\u2019\u00e0mbit de la salut mental o de l\u2019atenci\u00f3 interm\u00e8dia\u201d, va destacar el director gerent de l\u2019Hospital.<\/p>\n\n\n\n<p>Per la seva banda, sor Isabel Bl\u00e1zquez va explicar que amb aquest equipament s\u2019ha volgut posar una cura especial a la dignificaci\u00f3 dels espais perqu\u00e8 les persones rebin la millor atenci\u00f3 possible, pensant no nom\u00e9s a oferir-los els millors tractaments, sin\u00f3 tamb\u00e9 uns espais confortables, saludables i sostenibles. La superiora del Centre tamb\u00e9 va recordar el comprom\u00eds amb la salut mental de la Congregaci\u00f3 de Germanes Hospital\u00e0ries des dels seus or\u00edgens, amb una atenci\u00f3 centrada en la persona i un enfocament continu en la humanitzaci\u00f3, la recuperaci\u00f3 i la integraci\u00f3 comunit\u00e0ria, incorporant els aven\u00e7os en el tractament i l\u2019atenci\u00f3 a la malaltia mental. \u201cLa col\u00b7laboraci\u00f3 amb el Sistema P\u00fablic de Salut i Social forma part del nostre ADN i ens permet, d&#8217;una banda, donar resposta a les noves necessitats d&#8217;atenci\u00f3 en l&#8217;\u00e0mbit de la salut mental, i d&#8217;una altra que el mateix sistema p\u00fablic es benefici\u00ef de l&#8217;experi\u00e8ncia i els recursos especialitzats oferts per la Instituci\u00f3\u201d, va recalcat sor Isabel Bl\u00e1zquez.<\/p>\n\n\n\n<p>Us compartim el v\u00eddeo resum de la visita amb motiu de la inauguraci\u00f3 del nou edifici assistencial per part del conseller de Salut, Manel Balcells.<\/p>\n\n\n\n<figure class=\"wp-block-embed is-type-video is-provider-youtube wp-block-embed-youtube wp-embed-aspect-16-9 wp-has-aspect-ratio\"><div class=\"wp-block-embed__wrapper\">\n<iframe loading=\"lazy\" title=\"Balcells inaugura el nou edifici assistencial de l\u2019Hospital Sagrat Cor de Germanes Hospital\u00e0ries.\" width=\"1290\" height=\"726\" src=\"https:\/\/www.youtube.com\/embed\/WaCjKnaW6zw?feature=oembed\" frameborder=\"0\" allow=\"accelerometer; autoplay; clipboard-write; encrypted-media; gyroscope; picture-in-picture; web-share\" allowfullscreen><\/iframe>\n<\/div><\/figure>\n\n\n\n<div class=\"wp-block-stackable-heading stk-block-heading stk-block-heading--v2 stk-block stk-bad351b\" id=\"un-edifici-sostenible-i-pensat-per-a-les-persones-ateses\" data-block-id=\"bad351b\"><h5 class=\"stk-block-heading__text\">Un edifici sostenible i pensat per a les persones ateses<\/h5><\/div>\n\n\n\n<p>Aquest equipament d&#8217;hospitalitzaci\u00f3 polivalent t\u00e9 una geometria i una orientaci\u00f3 que donen resposta al seu entorn m\u00e9s proper, buscant el m\u00e0xim aprofitament del sol, la millor vista i la m\u00e0xima privacitat per als espais de les habitacions i de les sales comunes, aix\u00ed com una bona ubicaci\u00f3 per al pati de la planta baixa.<\/p>\n\n\n\n<p>L\u2019edifici t\u00e9 forma d\u2019L, en qu\u00e8 els costats nord-est i nord-oest de la parcel\u00b7la envolten el pati al costat nord per evitar que el volum de la mateixa estructura faci ombra al pati. Totes les plantes, les sales d\u2019activitats i la sala d\u2019estar disposen d\u2019una terrassa-sol\u00e0rium orientada al sud. Les habitacions s\u00f3n assolellades durant gran part del dia, i s\u2019organitzen a banda i banda d&#8217;un passad\u00eds; n\u2019hi ha que tenen vistes al bosc de la part posterior de la parcel\u00b7la i d\u2019altres que tenen vistes al pati interior. Totes disposen de bany adaptat i doble porta d&#8217;acc\u00e9s, la segona amb espiell.<\/p>\n\n\n\n<figure class=\"wp-block-image size-large\"><img loading=\"lazy\" decoding=\"async\" width=\"1024\" height=\"681\" src=\"https:\/\/hospitalsagratcormartorell.org\/entre-tots\/wp-content\/uploads\/2023\/09\/41fb35a5-d4c2-480f-9d47-48fd9c95ccbf-1024x681.jpeg\" alt=\"\" class=\"wp-image-6980\" srcset=\"https:\/\/fundaciohospitalariesmartorell.org\/entre-tots\/wp-content\/uploads\/2023\/09\/41fb35a5-d4c2-480f-9d47-48fd9c95ccbf-1024x681.jpeg 1024w, https:\/\/fundaciohospitalariesmartorell.org\/entre-tots\/wp-content\/uploads\/2023\/09\/41fb35a5-d4c2-480f-9d47-48fd9c95ccbf-300x200.jpeg 300w, https:\/\/fundaciohospitalariesmartorell.org\/entre-tots\/wp-content\/uploads\/2023\/09\/41fb35a5-d4c2-480f-9d47-48fd9c95ccbf-768x511.jpeg 768w, https:\/\/fundaciohospitalariesmartorell.org\/entre-tots\/wp-content\/uploads\/2023\/09\/41fb35a5-d4c2-480f-9d47-48fd9c95ccbf-1536x1021.jpeg 1536w, https:\/\/fundaciohospitalariesmartorell.org\/entre-tots\/wp-content\/uploads\/2023\/09\/41fb35a5-d4c2-480f-9d47-48fd9c95ccbf-1320x878.jpeg 1320w, https:\/\/fundaciohospitalariesmartorell.org\/entre-tots\/wp-content\/uploads\/2023\/09\/41fb35a5-d4c2-480f-9d47-48fd9c95ccbf.jpeg 1600w\" sizes=\"auto, (max-width: 1024px) 100vw, 1024px\" \/><\/figure>\n\n\n\n<p>David, Andr\u00e9s i Juli\u00e0 s\u00f3n tres usuaris d\u2019aquest equipament assistencial i coincideixen que el canvi ha estat molt positiu tant per a ells com per als professionals que hi treballen. \u00abEls espais s\u00f3n amplis i lluminosos, les habitacions, per a una o dues persones, compten amb climatitzaci\u00f3 i bany complet. Tot \u00e9s nou i molt c\u00f2mode, \u00e9s com si la unitat on rebem atenci\u00f3 fos un hotel de cinc estrelles\u00bb, assenyalen.<\/p>\n","protected":false},"excerpt":{"rendered":"<p>El conseller de Salut, Manel Balcells, va inaugurar el 6 de setembre el nou edifici assistencial de l&#8217;Hospital Sagrat Cor. A l&#8217;acte el van acompanyar el director gerent del Centre, el doctor Jes\u00fas Ezquerra, la superiora de l&#8217;Hospital Sagrat Cor, sor Isabel Bl\u00e1zquez, i tamb\u00e9 representants de Germanes Hospital\u00e0ries Espanya, com Alberto Mart\u00edn de la [&hellip;]<\/p>\n","protected":false},"author":2,"featured_media":6977,"comment_status":"closed","ping_status":"closed","sticky":false,"template":"","format":"standard","meta":{"footnotes":""},"categories":[27],"tags":[],"class_list":["post-6975","post","type-post","status-publish","format-standard","has-post-thumbnail","hentry","category-actualitat"],"blocksy_meta":{"styles_descriptor":{"styles":{"desktop":"","tablet":"","mobile":""},"google_fonts":[],"version":6}},"featured_image_urls_v2":{"full":["https:\/\/fundaciohospitalariesmartorell.org\/entre-tots\/wp-content\/uploads\/2023\/09\/37e9ba31-d635-438d-af61-ba110cc7a48e.jpeg",1600,1064,false],"thumbnail":["https:\/\/fundaciohospitalariesmartorell.org\/entre-tots\/wp-content\/uploads\/2023\/09\/37e9ba31-d635-438d-af61-ba110cc7a48e-150x150.jpeg",150,150,true],"medium":["https:\/\/fundaciohospitalariesmartorell.org\/entre-tots\/wp-content\/uploads\/2023\/09\/37e9ba31-d635-438d-af61-ba110cc7a48e-300x200.jpeg",300,200,true],"medium_large":["https:\/\/fundaciohospitalariesmartorell.org\/entre-tots\/wp-content\/uploads\/2023\/09\/37e9ba31-d635-438d-af61-ba110cc7a48e-768x511.jpeg",768,511,true],"large":["https:\/\/fundaciohospitalariesmartorell.org\/entre-tots\/wp-content\/uploads\/2023\/09\/37e9ba31-d635-438d-af61-ba110cc7a48e-1024x681.jpeg",1024,681,true],"1536x1536":["https:\/\/fundaciohospitalariesmartorell.org\/entre-tots\/wp-content\/uploads\/2023\/09\/37e9ba31-d635-438d-af61-ba110cc7a48e-1536x1021.jpeg",1536,1021,true],"2048x2048":["https:\/\/fundaciohospitalariesmartorell.org\/entre-tots\/wp-content\/uploads\/2023\/09\/37e9ba31-d635-438d-af61-ba110cc7a48e.jpeg",1600,1064,false],"mailpoet_newsletter_max":["https:\/\/fundaciohospitalariesmartorell.org\/entre-tots\/wp-content\/uploads\/2023\/09\/37e9ba31-d635-438d-af61-ba110cc7a48e-1320x878.jpeg",1320,878,true]},"post_excerpt_stackable_v2":"<p>El conseller de Salut, Manel Balcells, va inaugurar el 6 de setembre el nou edifici assistencial de l&#8217;Hospital Sagrat Cor. A l&#8217;acte el van acompanyar el director gerent del Centre, el doctor Jes\u00fas Ezquerra, la superiora de l&#8217;Hospital Sagrat Cor, sor Isabel Bl\u00e1zquez, i tamb\u00e9 representants de Germanes Hospital\u00e0ries Espanya, com Alberto Mart\u00edn de la Mata i Jos\u00e9 Antonio Larraz, director general i director de l&#8217;\u00c0rea Assistencial i Educativa, respectivament. Tamb\u00e9 hi van assistir l\u2019alcalde de Martorell, Xavier Fonollosa, junt amb la regidora d&#8217;Ensenyament i Salut, Soledad Rosende, i el primer tinent d&#8217;alcalde, Llu\u00eds Amat. Aquest nou equipament, que va&hellip;<\/p>\n","category_list_v2":"<a href=\"https:\/\/fundaciohospitalariesmartorell.org\/entre-tots\/category\/actualitat\/\" rel=\"category tag\">ACTUALITAT<\/a>","author_info_v2":{"name":"Sagrat Cor","url":"https:\/\/fundaciohospitalariesmartorell.org\/entre-tots\/author\/daniel\/"},"comments_num_v2":"0 comments","_links":{"self":[{"href":"https:\/\/fundaciohospitalariesmartorell.org\/entre-tots\/wp-json\/wp\/v2\/posts\/6975","targetHints":{"allow":["GET"]}}],"collection":[{"href":"https:\/\/fundaciohospitalariesmartorell.org\/entre-tots\/wp-json\/wp\/v2\/posts"}],"about":[{"href":"https:\/\/fundaciohospitalariesmartorell.org\/entre-tots\/wp-json\/wp\/v2\/types\/post"}],"author":[{"embeddable":true,"href":"https:\/\/fundaciohospitalariesmartorell.org\/entre-tots\/wp-json\/wp\/v2\/users\/2"}],"replies":[{"embeddable":true,"href":"https:\/\/fundaciohospitalariesmartorell.org\/entre-tots\/wp-json\/wp\/v2\/comments?post=6975"}],"version-history":[{"count":12,"href":"https:\/\/fundaciohospitalariesmartorell.org\/entre-tots\/wp-json\/wp\/v2\/posts\/6975\/revisions"}],"predecessor-version":[{"id":7205,"href":"https:\/\/fundaciohospitalariesmartorell.org\/entre-tots\/wp-json\/wp\/v2\/posts\/6975\/revisions\/7205"}],"wp:featuredmedia":[{"embeddable":true,"href":"https:\/\/fundaciohospitalariesmartorell.org\/entre-tots\/wp-json\/wp\/v2\/media\/6977"}],"wp:attachment":[{"href":"https:\/\/fundaciohospitalariesmartorell.org\/entre-tots\/wp-json\/wp\/v2\/media?parent=6975"}],"wp:term":[{"taxonomy":"category","embeddable":true,"href":"https:\/\/fundaciohospitalariesmartorell.org\/entre-tots\/wp-json\/wp\/v2\/categories?post=6975"},{"taxonomy":"post_tag","embeddable":true,"href":"https:\/\/fundaciohospitalariesmartorell.org\/entre-tots\/wp-json\/wp\/v2\/tags?post=6975"}],"curies":[{"name":"wp","href":"https:\/\/api.w.org\/{rel}","templated":true}]}}