{"id":6986,"date":"2023-09-29T07:00:18","date_gmt":"2023-09-29T05:00:18","guid":{"rendered":"https:\/\/hospitalsagratcormartorell.org\/entre-tots\/?p=6986"},"modified":"2023-10-03T13:22:05","modified_gmt":"2023-10-03T11:22:05","slug":"nova-farmacia-de-lhospital-sagrat-cor","status":"publish","type":"post","link":"https:\/\/fundaciohospitalariesmartorell.org\/entre-tots\/2023\/09\/nova-farmacia-de-lhospital-sagrat-cor\/","title":{"rendered":"Nova farm\u00e0cia de l&#8217;Hospital Sagrat Cor"},"content":{"rendered":"<figure class=\"wp-block-post-featured-image\"><img loading=\"lazy\" decoding=\"async\" width=\"1600\" height=\"1600\" src=\"https:\/\/fundaciohospitalariesmartorell.org\/entre-tots\/wp-content\/uploads\/2023\/09\/Sin-titulo-7.jpg\" class=\"attachment-post-thumbnail size-post-thumbnail wp-post-image\" alt=\"\" style=\"object-fit:cover;\" srcset=\"https:\/\/fundaciohospitalariesmartorell.org\/entre-tots\/wp-content\/uploads\/2023\/09\/Sin-titulo-7.jpg 1600w, https:\/\/fundaciohospitalariesmartorell.org\/entre-tots\/wp-content\/uploads\/2023\/09\/Sin-titulo-7-300x300.jpg 300w, https:\/\/fundaciohospitalariesmartorell.org\/entre-tots\/wp-content\/uploads\/2023\/09\/Sin-titulo-7-1024x1024.jpg 1024w, https:\/\/fundaciohospitalariesmartorell.org\/entre-tots\/wp-content\/uploads\/2023\/09\/Sin-titulo-7-150x150.jpg 150w, https:\/\/fundaciohospitalariesmartorell.org\/entre-tots\/wp-content\/uploads\/2023\/09\/Sin-titulo-7-768x768.jpg 768w, https:\/\/fundaciohospitalariesmartorell.org\/entre-tots\/wp-content\/uploads\/2023\/09\/Sin-titulo-7-1536x1536.jpg 1536w, https:\/\/fundaciohospitalariesmartorell.org\/entre-tots\/wp-content\/uploads\/2023\/09\/Sin-titulo-7-1320x1320.jpg 1320w\" sizes=\"auto, (max-width: 1600px) 100vw, 1600px\" \/><\/figure>\n\n\n<div class=\"wp-block-stackable-heading stk-block-heading stk-block-heading--v2 stk-block stk-ac8bb98\" id=\"felicitas-gutierrez\" data-block-id=\"ac8bb98\"><style>.stk-ac8bb98{margin-bottom:0px !important}<\/style><h5 class=\"stk-block-heading__text\">Felicitas Guti\u00e9rrez.<\/h5><\/div>\n\n\n\n<div class=\"wp-block-stackable-heading stk-block-heading stk-block-heading--v2 stk-block stk-29dfff5\" id=\"josep-tristany-strong-coordinador-area-de-rehabilitacio-en-salut-mental-strong\" data-block-id=\"29dfff5\"><style>.stk-29dfff5 .stk-block-heading__text{color:var(--theme-palette-color-1,#8c124e) !important}<\/style><h6 class=\"stk-block-heading__text has-text-color\">Responsable del Servei de Farm\u00e0cia.<\/h6><\/div>\n\n\n\n<p>A finales del pasado mes de abril, el Servicio de Farmacia del Hospital Sagrat Cor se traslad\u00f3 a la ubicaci\u00f3n actual, con unas instalaciones mucho m\u00e1s amplias, situadas en el s\u00f3tano del edificio 9.&nbsp;<\/p>\n\n\n\n<p>El primer objetivo de la farmacia es ampliar la dosis unitaria a todas las unidades cl\u00ednicas del Hospital con la finalidad de mejorar la seguridad del paciente. Para ello, la farmacia cuenta con m\u00e1s de 300 m<sup>2<\/sup>,&nbsp;divididos principalmente en dos almacenes \u2012general y de dosis unitaria\u2012, habitaciones de farmacotecnia y de reenvasado, y despachos. Tambi\u00e9n se ha instalado una nueva tecnolog\u00eda, los armarios semiautomatizados, que permiten incrementar la seguridad en la preparaci\u00f3n de los carros de medicamentos evitando errores de llenado, as\u00ed como la optimizaci\u00f3n del espacio de almacenaje, entre otros. Por su dise\u00f1o ergon\u00f3mico tambi\u00e9n mejora la seguridad del personal de farmacia en el manejo de los medicamentos. Respecto a los recursos humanos, se han incorporado nuevos profesionales: una auxiliar de farmacia, una farmac\u00e9utica, y adem\u00e1s disponemos durante unas horas de una administrativa.&nbsp;<\/p>\n\n\n\n<p>Creo que es un momento ilusionante para el Servicio de Farmacia. Contamos con una moderna estructura que nos permitir\u00e1 un funcionamiento m\u00e1s acorde con las necesidades del Centro y con las farmacias de nuestro entorno y, tambi\u00e9n, asumir los retos que plantea la administraci\u00f3n sanitaria.&nbsp;<\/p>\n\n\n\n<figure class=\"wp-block-gallery has-nested-images columns-default is-cropped wp-block-gallery-1 is-layout-flex wp-block-gallery-is-layout-flex\">\n<figure class=\"wp-block-image size-large\"><img loading=\"lazy\" decoding=\"async\" width=\"768\" height=\"1024\" data-id=\"6989\" src=\"https:\/\/hospitalsagratcormartorell.org\/entre-tots\/wp-content\/uploads\/2023\/09\/938992a7-df46-4b3a-9e34-c26237d5fc03.jpeg\" alt=\"\" class=\"wp-image-6989\" srcset=\"https:\/\/fundaciohospitalariesmartorell.org\/entre-tots\/wp-content\/uploads\/2023\/09\/938992a7-df46-4b3a-9e34-c26237d5fc03.jpeg 768w, https:\/\/fundaciohospitalariesmartorell.org\/entre-tots\/wp-content\/uploads\/2023\/09\/938992a7-df46-4b3a-9e34-c26237d5fc03-225x300.jpeg 225w\" sizes=\"auto, (max-width: 768px) 100vw, 768px\" \/><\/figure>\n\n\n\n<figure class=\"wp-block-image size-large\"><img loading=\"lazy\" decoding=\"async\" width=\"1024\" height=\"1024\" data-id=\"6988\" src=\"https:\/\/hospitalsagratcormartorell.org\/entre-tots\/wp-content\/uploads\/2023\/09\/137f181c-13a3-4dce-bbe0-ae614f99bc33-1024x1024.jpeg\" alt=\"\" class=\"wp-image-6988\" srcset=\"https:\/\/fundaciohospitalariesmartorell.org\/entre-tots\/wp-content\/uploads\/2023\/09\/137f181c-13a3-4dce-bbe0-ae614f99bc33-1024x1024.jpeg 1024w, https:\/\/fundaciohospitalariesmartorell.org\/entre-tots\/wp-content\/uploads\/2023\/09\/137f181c-13a3-4dce-bbe0-ae614f99bc33-300x300.jpeg 300w, https:\/\/fundaciohospitalariesmartorell.org\/entre-tots\/wp-content\/uploads\/2023\/09\/137f181c-13a3-4dce-bbe0-ae614f99bc33-150x150.jpeg 150w, https:\/\/fundaciohospitalariesmartorell.org\/entre-tots\/wp-content\/uploads\/2023\/09\/137f181c-13a3-4dce-bbe0-ae614f99bc33-768x768.jpeg 768w, https:\/\/fundaciohospitalariesmartorell.org\/entre-tots\/wp-content\/uploads\/2023\/09\/137f181c-13a3-4dce-bbe0-ae614f99bc33-1536x1536.jpeg 1536w, https:\/\/fundaciohospitalariesmartorell.org\/entre-tots\/wp-content\/uploads\/2023\/09\/137f181c-13a3-4dce-bbe0-ae614f99bc33-1320x1320.jpeg 1320w, https:\/\/fundaciohospitalariesmartorell.org\/entre-tots\/wp-content\/uploads\/2023\/09\/137f181c-13a3-4dce-bbe0-ae614f99bc33.jpeg 1600w\" sizes=\"auto, (max-width: 1024px) 100vw, 1024px\" \/><\/figure>\n<\/figure>\n\n\n\n<figure class=\"wp-block-image size-large\"><img loading=\"lazy\" decoding=\"async\" width=\"1024\" height=\"461\" src=\"https:\/\/hospitalsagratcormartorell.org\/entre-tots\/wp-content\/uploads\/2023\/09\/df25b208-614a-43b0-963c-5a14a579b0d9-1024x461.jpeg\" alt=\"\" class=\"wp-image-6990\" srcset=\"https:\/\/fundaciohospitalariesmartorell.org\/entre-tots\/wp-content\/uploads\/2023\/09\/df25b208-614a-43b0-963c-5a14a579b0d9-1024x461.jpeg 1024w, https:\/\/fundaciohospitalariesmartorell.org\/entre-tots\/wp-content\/uploads\/2023\/09\/df25b208-614a-43b0-963c-5a14a579b0d9-300x135.jpeg 300w, https:\/\/fundaciohospitalariesmartorell.org\/entre-tots\/wp-content\/uploads\/2023\/09\/df25b208-614a-43b0-963c-5a14a579b0d9-768x346.jpeg 768w, https:\/\/fundaciohospitalariesmartorell.org\/entre-tots\/wp-content\/uploads\/2023\/09\/df25b208-614a-43b0-963c-5a14a579b0d9-1536x691.jpeg 1536w, https:\/\/fundaciohospitalariesmartorell.org\/entre-tots\/wp-content\/uploads\/2023\/09\/df25b208-614a-43b0-963c-5a14a579b0d9-1320x594.jpeg 1320w, https:\/\/fundaciohospitalariesmartorell.org\/entre-tots\/wp-content\/uploads\/2023\/09\/df25b208-614a-43b0-963c-5a14a579b0d9.jpeg 1600w\" sizes=\"auto, (max-width: 1024px) 100vw, 1024px\" \/><\/figure>\n","protected":false},"excerpt":{"rendered":"<p>Felicitas Guti\u00e9rrez. Responsable del Servei de Farm\u00e0cia. A finales del pasado mes de abril, el Servicio de Farmacia del Hospital Sagrat Cor se traslad\u00f3 a la ubicaci\u00f3n actual, con unas instalaciones mucho m\u00e1s amplias, situadas en el s\u00f3tano del edificio 9.&nbsp; El primer objetivo de la farmacia es ampliar la dosis unitaria a todas las [&hellip;]<\/p>\n","protected":false},"author":2,"featured_media":6991,"comment_status":"closed","ping_status":"closed","sticky":false,"template":"","format":"standard","meta":{"footnotes":""},"categories":[27],"tags":[],"class_list":["post-6986","post","type-post","status-publish","format-standard","has-post-thumbnail","hentry","category-actualitat"],"blocksy_meta":{"styles_descriptor":{"styles":{"desktop":"","tablet":"","mobile":""},"google_fonts":[],"version":6}},"featured_image_urls_v2":{"full":["https:\/\/fundaciohospitalariesmartorell.org\/entre-tots\/wp-content\/uploads\/2023\/09\/Sin-titulo-7.jpg",1600,1600,false],"thumbnail":["https:\/\/fundaciohospitalariesmartorell.org\/entre-tots\/wp-content\/uploads\/2023\/09\/Sin-titulo-7-150x150.jpg",150,150,true],"medium":["https:\/\/fundaciohospitalariesmartorell.org\/entre-tots\/wp-content\/uploads\/2023\/09\/Sin-titulo-7-300x300.jpg",300,300,true],"medium_large":["https:\/\/fundaciohospitalariesmartorell.org\/entre-tots\/wp-content\/uploads\/2023\/09\/Sin-titulo-7-768x768.jpg",768,768,true],"large":["https:\/\/fundaciohospitalariesmartorell.org\/entre-tots\/wp-content\/uploads\/2023\/09\/Sin-titulo-7-1024x1024.jpg",1024,1024,true],"1536x1536":["https:\/\/fundaciohospitalariesmartorell.org\/entre-tots\/wp-content\/uploads\/2023\/09\/Sin-titulo-7-1536x1536.jpg",1536,1536,true],"2048x2048":["https:\/\/fundaciohospitalariesmartorell.org\/entre-tots\/wp-content\/uploads\/2023\/09\/Sin-titulo-7.jpg",1600,1600,false],"mailpoet_newsletter_max":["https:\/\/fundaciohospitalariesmartorell.org\/entre-tots\/wp-content\/uploads\/2023\/09\/Sin-titulo-7-1320x1320.jpg",1320,1320,true]},"post_excerpt_stackable_v2":"<p>Felicitas Guti\u00e9rrez. Responsable del Servei de Farm\u00e0cia. A finales del pasado mes de abril, el Servicio de Farmacia del Hospital Sagrat Cor se traslad\u00f3 a la ubicaci\u00f3n actual, con unas instalaciones mucho m\u00e1s amplias, situadas en el s\u00f3tano del edificio 9.&nbsp; El primer objetivo de la farmacia es ampliar la dosis unitaria a todas las unidades cl\u00ednicas del Hospital con la finalidad de mejorar la seguridad del paciente. Para ello, la farmacia cuenta con m\u00e1s de 300 m2,&nbsp;divididos principalmente en dos almacenes \u2012general y de dosis unitaria\u2012, habitaciones de farmacotecnia y de reenvasado, y despachos. Tambi\u00e9n se ha instalado una&hellip;<\/p>\n","category_list_v2":"<a href=\"https:\/\/fundaciohospitalariesmartorell.org\/entre-tots\/category\/actualitat\/\" rel=\"category tag\">ACTUALITAT<\/a>","author_info_v2":{"name":"Sagrat Cor","url":"https:\/\/fundaciohospitalariesmartorell.org\/entre-tots\/author\/daniel\/"},"comments_num_v2":"0 comments","_links":{"self":[{"href":"https:\/\/fundaciohospitalariesmartorell.org\/entre-tots\/wp-json\/wp\/v2\/posts\/6986","targetHints":{"allow":["GET"]}}],"collection":[{"href":"https:\/\/fundaciohospitalariesmartorell.org\/entre-tots\/wp-json\/wp\/v2\/posts"}],"about":[{"href":"https:\/\/fundaciohospitalariesmartorell.org\/entre-tots\/wp-json\/wp\/v2\/types\/post"}],"author":[{"embeddable":true,"href":"https:\/\/fundaciohospitalariesmartorell.org\/entre-tots\/wp-json\/wp\/v2\/users\/2"}],"replies":[{"embeddable":true,"href":"https:\/\/fundaciohospitalariesmartorell.org\/entre-tots\/wp-json\/wp\/v2\/comments?post=6986"}],"version-history":[{"count":7,"href":"https:\/\/fundaciohospitalariesmartorell.org\/entre-tots\/wp-json\/wp\/v2\/posts\/6986\/revisions"}],"predecessor-version":[{"id":7206,"href":"https:\/\/fundaciohospitalariesmartorell.org\/entre-tots\/wp-json\/wp\/v2\/posts\/6986\/revisions\/7206"}],"wp:featuredmedia":[{"embeddable":true,"href":"https:\/\/fundaciohospitalariesmartorell.org\/entre-tots\/wp-json\/wp\/v2\/media\/6991"}],"wp:attachment":[{"href":"https:\/\/fundaciohospitalariesmartorell.org\/entre-tots\/wp-json\/wp\/v2\/media?parent=6986"}],"wp:term":[{"taxonomy":"category","embeddable":true,"href":"https:\/\/fundaciohospitalariesmartorell.org\/entre-tots\/wp-json\/wp\/v2\/categories?post=6986"},{"taxonomy":"post_tag","embeddable":true,"href":"https:\/\/fundaciohospitalariesmartorell.org\/entre-tots\/wp-json\/wp\/v2\/tags?post=6986"}],"curies":[{"name":"wp","href":"https:\/\/api.w.org\/{rel}","templated":true}]}}