{"id":6995,"date":"2023-09-29T04:00:03","date_gmt":"2023-09-29T02:00:03","guid":{"rendered":"https:\/\/hospitalsagratcormartorell.org\/entre-tots\/?p=6995"},"modified":"2023-10-03T13:24:05","modified_gmt":"2023-10-03T11:24:05","slug":"lhospital-sagrat-cor-disposa-de-nova-pagina-web","status":"publish","type":"post","link":"https:\/\/fundaciohospitalariesmartorell.org\/entre-tots\/2023\/09\/lhospital-sagrat-cor-disposa-de-nova-pagina-web\/","title":{"rendered":"S&#8217;estrena nova p\u00e0gina web a l&#8217;Hospital Sagrat Cor"},"content":{"rendered":"<figure class=\"wp-block-post-featured-image\"><img loading=\"lazy\" decoding=\"async\" width=\"2798\" height=\"1736\" src=\"https:\/\/fundaciohospitalariesmartorell.org\/entre-tots\/wp-content\/uploads\/2023\/09\/Captura-de-pantalla-2023-09-27-a-las-16.40.40.png\" class=\"attachment-post-thumbnail size-post-thumbnail wp-post-image\" alt=\"\" style=\"object-fit:cover;\" srcset=\"https:\/\/fundaciohospitalariesmartorell.org\/entre-tots\/wp-content\/uploads\/2023\/09\/Captura-de-pantalla-2023-09-27-a-las-16.40.40.png 2798w, https:\/\/fundaciohospitalariesmartorell.org\/entre-tots\/wp-content\/uploads\/2023\/09\/Captura-de-pantalla-2023-09-27-a-las-16.40.40-300x186.png 300w, https:\/\/fundaciohospitalariesmartorell.org\/entre-tots\/wp-content\/uploads\/2023\/09\/Captura-de-pantalla-2023-09-27-a-las-16.40.40-1024x635.png 1024w, https:\/\/fundaciohospitalariesmartorell.org\/entre-tots\/wp-content\/uploads\/2023\/09\/Captura-de-pantalla-2023-09-27-a-las-16.40.40-768x477.png 768w, https:\/\/fundaciohospitalariesmartorell.org\/entre-tots\/wp-content\/uploads\/2023\/09\/Captura-de-pantalla-2023-09-27-a-las-16.40.40-1536x953.png 1536w, https:\/\/fundaciohospitalariesmartorell.org\/entre-tots\/wp-content\/uploads\/2023\/09\/Captura-de-pantalla-2023-09-27-a-las-16.40.40-2048x1271.png 2048w, https:\/\/fundaciohospitalariesmartorell.org\/entre-tots\/wp-content\/uploads\/2023\/09\/Captura-de-pantalla-2023-09-27-a-las-16.40.40-1320x819.png 1320w\" sizes=\"auto, (max-width: 2798px) 100vw, 2798px\" \/><\/figure>\n\n\n<p>Des de finals de juliol ja est\u00e0 en funcionament la nova p\u00e0gina web de l&#8217;Hospital Sagrat Cor. Aquesta t\u00e9 diversos avantatges a nivell t\u00e8cnic respecte l&#8217;anterior, com el fet de comptar&nbsp;amb un sistema&nbsp;<em>responsive&nbsp;<\/em>adaptable als diferents dispositius (m\u00f2bils,&nbsp;<em>tablets<\/em>&#8230;), enlla\u00e7os a&nbsp;les xarxes socials de qu\u00e8 disposa actualment el Centre (LinkedIn i Youtube), un portal del pacient, on se li faciliten els tr\u00e0mits&nbsp;relacionats amb la seva assist\u00e8ncia (formularis web, acc\u00e9s a La Meva Salut&#8230;), aix\u00ed com un acc\u00e9s a la Intranet per al personal col\u00b7laborador.<\/p>\n\n\n\n<figure class=\"wp-block-image size-large\"><img loading=\"lazy\" decoding=\"async\" width=\"1024\" height=\"659\" src=\"https:\/\/hospitalsagratcormartorell.org\/entre-tots\/wp-content\/uploads\/2023\/09\/Captura-de-pantalla-2023-09-27-a-las-16.41.03-1024x659.png\" alt=\"\" class=\"wp-image-6998\" srcset=\"https:\/\/fundaciohospitalariesmartorell.org\/entre-tots\/wp-content\/uploads\/2023\/09\/Captura-de-pantalla-2023-09-27-a-las-16.41.03-1024x659.png 1024w, https:\/\/fundaciohospitalariesmartorell.org\/entre-tots\/wp-content\/uploads\/2023\/09\/Captura-de-pantalla-2023-09-27-a-las-16.41.03-300x193.png 300w, https:\/\/fundaciohospitalariesmartorell.org\/entre-tots\/wp-content\/uploads\/2023\/09\/Captura-de-pantalla-2023-09-27-a-las-16.41.03-768x494.png 768w, https:\/\/fundaciohospitalariesmartorell.org\/entre-tots\/wp-content\/uploads\/2023\/09\/Captura-de-pantalla-2023-09-27-a-las-16.41.03-1536x988.png 1536w, https:\/\/fundaciohospitalariesmartorell.org\/entre-tots\/wp-content\/uploads\/2023\/09\/Captura-de-pantalla-2023-09-27-a-las-16.41.03-2048x1317.png 2048w, https:\/\/fundaciohospitalariesmartorell.org\/entre-tots\/wp-content\/uploads\/2023\/09\/Captura-de-pantalla-2023-09-27-a-las-16.41.03-1320x849.png 1320w\" sizes=\"auto, (max-width: 1024px) 100vw, 1024px\" \/><\/figure>\n\n\n\n<figure class=\"wp-block-image size-large\"><img loading=\"lazy\" decoding=\"async\" width=\"1024\" height=\"546\" src=\"https:\/\/hospitalsagratcormartorell.org\/entre-tots\/wp-content\/uploads\/2023\/09\/Captura-de-pantalla-2023-09-27-a-las-16.42.19-1024x546.png\" alt=\"\" class=\"wp-image-6999\" srcset=\"https:\/\/fundaciohospitalariesmartorell.org\/entre-tots\/wp-content\/uploads\/2023\/09\/Captura-de-pantalla-2023-09-27-a-las-16.42.19-1024x546.png 1024w, https:\/\/fundaciohospitalariesmartorell.org\/entre-tots\/wp-content\/uploads\/2023\/09\/Captura-de-pantalla-2023-09-27-a-las-16.42.19-300x160.png 300w, https:\/\/fundaciohospitalariesmartorell.org\/entre-tots\/wp-content\/uploads\/2023\/09\/Captura-de-pantalla-2023-09-27-a-las-16.42.19-768x409.png 768w, https:\/\/fundaciohospitalariesmartorell.org\/entre-tots\/wp-content\/uploads\/2023\/09\/Captura-de-pantalla-2023-09-27-a-las-16.42.19-1536x819.png 1536w, https:\/\/fundaciohospitalariesmartorell.org\/entre-tots\/wp-content\/uploads\/2023\/09\/Captura-de-pantalla-2023-09-27-a-las-16.42.19-2048x1092.png 2048w, https:\/\/fundaciohospitalariesmartorell.org\/entre-tots\/wp-content\/uploads\/2023\/09\/Captura-de-pantalla-2023-09-27-a-las-16.42.19-1320x704.png 1320w\" sizes=\"auto, (max-width: 1024px) 100vw, 1024px\" \/><\/figure>\n\n\n\n<p>A nivell de contingut la informaci\u00f3 tamb\u00e9 s&#8217;ha distribu\u00eft diferent, a fi de facilitar la lectura i transmetre all\u00f2 que ens defineix com a Centre a trav\u00e9s de 5 grans apartats: Qui som, Qu\u00e8 fem, Ciutadania, Professionals, Solidaritat i Comunicaci\u00f3. Cada apartat compta amb subapartats, que segueixen la mateixa l\u00ednia de presentaci\u00f3 el m\u00e9s visual possible i de f\u00e0cil comprensi\u00f3.<\/p>\n\n\n\n<p>Aquest \u00e9s l&#8217;enlla\u00e7 a la nova p\u00e0gina web, la qual conserva el mateix domini que l&#8217;anterior:&nbsp;<a href=\"https:\/\/hospitalsagratcormartorell.org\/\">https:\/\/hospitalsagratcormartorell.org\/<\/a><\/p>\n\n\n\n<p>Des d&#8217;aqu\u00ed us animem a visitar-la i a fer les aportacions que considereu oportunes a&nbsp;<a href=\"mailto:acasanovasr.hsagratcor@hospitalarias.es\">acasanovasr.hsagratcor@hospitalarias.es<\/a>.<\/p>\n","protected":false},"excerpt":{"rendered":"<p>Des de finals de juliol ja est\u00e0 en funcionament la nova p\u00e0gina web de l&#8217;Hospital Sagrat Cor. Aquesta t\u00e9 diversos avantatges a nivell t\u00e8cnic respecte l&#8217;anterior, com el fet de comptar&nbsp;amb un sistema&nbsp;responsive&nbsp;adaptable als diferents dispositius (m\u00f2bils,&nbsp;tablets&#8230;), enlla\u00e7os a&nbsp;les xarxes socials de qu\u00e8 disposa actualment el Centre (LinkedIn i Youtube), un portal del pacient, on [&hellip;]<\/p>\n","protected":false},"author":2,"featured_media":6997,"comment_status":"closed","ping_status":"closed","sticky":false,"template":"","format":"standard","meta":{"footnotes":""},"categories":[27],"tags":[],"class_list":["post-6995","post","type-post","status-publish","format-standard","has-post-thumbnail","hentry","category-actualitat"],"blocksy_meta":{"styles_descriptor":{"styles":{"desktop":"","tablet":"","mobile":""},"google_fonts":[],"version":6}},"featured_image_urls_v2":{"full":["https:\/\/fundaciohospitalariesmartorell.org\/entre-tots\/wp-content\/uploads\/2023\/09\/Captura-de-pantalla-2023-09-27-a-las-16.40.40.png",2798,1736,false],"thumbnail":["https:\/\/fundaciohospitalariesmartorell.org\/entre-tots\/wp-content\/uploads\/2023\/09\/Captura-de-pantalla-2023-09-27-a-las-16.40.40-150x150.png",150,150,true],"medium":["https:\/\/fundaciohospitalariesmartorell.org\/entre-tots\/wp-content\/uploads\/2023\/09\/Captura-de-pantalla-2023-09-27-a-las-16.40.40-300x186.png",300,186,true],"medium_large":["https:\/\/fundaciohospitalariesmartorell.org\/entre-tots\/wp-content\/uploads\/2023\/09\/Captura-de-pantalla-2023-09-27-a-las-16.40.40-768x477.png",768,477,true],"large":["https:\/\/fundaciohospitalariesmartorell.org\/entre-tots\/wp-content\/uploads\/2023\/09\/Captura-de-pantalla-2023-09-27-a-las-16.40.40-1024x635.png",1024,635,true],"1536x1536":["https:\/\/fundaciohospitalariesmartorell.org\/entre-tots\/wp-content\/uploads\/2023\/09\/Captura-de-pantalla-2023-09-27-a-las-16.40.40-1536x953.png",1536,953,true],"2048x2048":["https:\/\/fundaciohospitalariesmartorell.org\/entre-tots\/wp-content\/uploads\/2023\/09\/Captura-de-pantalla-2023-09-27-a-las-16.40.40-2048x1271.png",2048,1271,true],"mailpoet_newsletter_max":["https:\/\/fundaciohospitalariesmartorell.org\/entre-tots\/wp-content\/uploads\/2023\/09\/Captura-de-pantalla-2023-09-27-a-las-16.40.40-1320x819.png",1320,819,true]},"post_excerpt_stackable_v2":"<p>Des de finals de juliol ja est\u00e0 en funcionament la nova p\u00e0gina web de l&#8217;Hospital Sagrat Cor. Aquesta t\u00e9 diversos avantatges a nivell t\u00e8cnic respecte l&#8217;anterior, com el fet de comptar&nbsp;amb un sistema&nbsp;responsive&nbsp;adaptable als diferents dispositius (m\u00f2bils,&nbsp;tablets&#8230;), enlla\u00e7os a&nbsp;les xarxes socials de qu\u00e8 disposa actualment el Centre (LinkedIn i Youtube), un portal del pacient, on se li faciliten els tr\u00e0mits&nbsp;relacionats amb la seva assist\u00e8ncia (formularis web, acc\u00e9s a La Meva Salut&#8230;), aix\u00ed com un acc\u00e9s a la Intranet per al personal col\u00b7laborador. A nivell de contingut la informaci\u00f3 tamb\u00e9 s&#8217;ha distribu\u00eft diferent, a fi de facilitar la lectura i transmetre&hellip;<\/p>\n","category_list_v2":"<a href=\"https:\/\/fundaciohospitalariesmartorell.org\/entre-tots\/category\/actualitat\/\" rel=\"category tag\">ACTUALITAT<\/a>","author_info_v2":{"name":"Sagrat Cor","url":"https:\/\/fundaciohospitalariesmartorell.org\/entre-tots\/author\/daniel\/"},"comments_num_v2":"0 comments","_links":{"self":[{"href":"https:\/\/fundaciohospitalariesmartorell.org\/entre-tots\/wp-json\/wp\/v2\/posts\/6995","targetHints":{"allow":["GET"]}}],"collection":[{"href":"https:\/\/fundaciohospitalariesmartorell.org\/entre-tots\/wp-json\/wp\/v2\/posts"}],"about":[{"href":"https:\/\/fundaciohospitalariesmartorell.org\/entre-tots\/wp-json\/wp\/v2\/types\/post"}],"author":[{"embeddable":true,"href":"https:\/\/fundaciohospitalariesmartorell.org\/entre-tots\/wp-json\/wp\/v2\/users\/2"}],"replies":[{"embeddable":true,"href":"https:\/\/fundaciohospitalariesmartorell.org\/entre-tots\/wp-json\/wp\/v2\/comments?post=6995"}],"version-history":[{"count":8,"href":"https:\/\/fundaciohospitalariesmartorell.org\/entre-tots\/wp-json\/wp\/v2\/posts\/6995\/revisions"}],"predecessor-version":[{"id":7208,"href":"https:\/\/fundaciohospitalariesmartorell.org\/entre-tots\/wp-json\/wp\/v2\/posts\/6995\/revisions\/7208"}],"wp:featuredmedia":[{"embeddable":true,"href":"https:\/\/fundaciohospitalariesmartorell.org\/entre-tots\/wp-json\/wp\/v2\/media\/6997"}],"wp:attachment":[{"href":"https:\/\/fundaciohospitalariesmartorell.org\/entre-tots\/wp-json\/wp\/v2\/media?parent=6995"}],"wp:term":[{"taxonomy":"category","embeddable":true,"href":"https:\/\/fundaciohospitalariesmartorell.org\/entre-tots\/wp-json\/wp\/v2\/categories?post=6995"},{"taxonomy":"post_tag","embeddable":true,"href":"https:\/\/fundaciohospitalariesmartorell.org\/entre-tots\/wp-json\/wp\/v2\/tags?post=6995"}],"curies":[{"name":"wp","href":"https:\/\/api.w.org\/{rel}","templated":true}]}}