{"id":7001,"date":"2023-09-29T03:00:02","date_gmt":"2023-09-29T01:00:02","guid":{"rendered":"https:\/\/hospitalsagratcormartorell.org\/entre-tots\/?p=7001"},"modified":"2023-10-03T13:27:06","modified_gmt":"2023-10-03T11:27:06","slug":"lhospital-sagrat-cor-collabora-amb-el-dia-mundial-de-lalzheimer-a-olesa-de-montserrat","status":"publish","type":"post","link":"https:\/\/fundaciohospitalariesmartorell.org\/entre-tots\/2023\/09\/lhospital-sagrat-cor-collabora-amb-el-dia-mundial-de-lalzheimer-a-olesa-de-montserrat\/","title":{"rendered":"Participem en un acte a Olesa de Montserrat pel Dia Mundial de l&#8217;Alzheimer"},"content":{"rendered":"<figure class=\"wp-block-post-featured-image\"><img loading=\"lazy\" decoding=\"async\" width=\"1024\" height=\"768\" src=\"https:\/\/fundaciohospitalariesmartorell.org\/entre-tots\/wp-content\/uploads\/2023\/09\/IMG-20230922-WA0003.jpg\" class=\"attachment-post-thumbnail size-post-thumbnail wp-post-image\" alt=\"\" style=\"object-fit:cover;\" srcset=\"https:\/\/fundaciohospitalariesmartorell.org\/entre-tots\/wp-content\/uploads\/2023\/09\/IMG-20230922-WA0003.jpg 1024w, https:\/\/fundaciohospitalariesmartorell.org\/entre-tots\/wp-content\/uploads\/2023\/09\/IMG-20230922-WA0003-300x225.jpg 300w, https:\/\/fundaciohospitalariesmartorell.org\/entre-tots\/wp-content\/uploads\/2023\/09\/IMG-20230922-WA0003-768x576.jpg 768w\" sizes=\"auto, (max-width: 1024px) 100vw, 1024px\" \/><\/figure>\n\n\n<p>Amb motiu de la celebraci\u00f3 del Dia Mundial de l&#8217;Alzheimer, que va tenir lloc el 21 de setembre passat, l&#8217;Associaci\u00f3 de Familiars d&#8217;Alzheimer del Baix Llobregat va organitzar una xerrada amb el t\u00edtol &#8216;L&#8217;Alzheimer i altres dem\u00e8ncies: prevenci\u00f3, tractament i recursos per a la cura&#8217;, que va tenir lloc a la Biblioteca Santa Oliva d&#8217;Olesa de Montserrat. En aquesta activitat hi va col\u00b7laborar la Unitat de Deteriorament Cognitiu i Dem\u00e8ncies de l&#8217;Hospital Sagrat Cor, i hi va aportar dos experts que van explicar als assistents diferents aspectes relacionats amb la malaltia.<\/p>\n\n\n\n<p>Primerament, el Dr. Juan Carlos Cejudo, neuropsic\u00f2leg i coordinador de la Unitat, va parlar del diagn\u00f2stic primerenc en la malaltia d&#8217;Alzheimer. Un dels principals desafiaments en els pr\u00f2xims anys ser\u00e0 el diagn\u00f2stic primerenc amb biomarcadors&nbsp; i els nous tractaments per la malaltia d\u2019Alzheimer.<\/p>\n\n\n\n<figure class=\"wp-block-image alignleft size-large is-resized\"><img loading=\"lazy\" decoding=\"async\" src=\"https:\/\/hospitalsagratcormartorell.org\/entre-tots\/wp-content\/uploads\/2023\/09\/IMG-20230921-WA0010-768x1024.jpg\" alt=\"\" class=\"wp-image-7004\" style=\"object-fit:contain;width:292px;height:390px\" width=\"292\" height=\"390\" srcset=\"https:\/\/fundaciohospitalariesmartorell.org\/entre-tots\/wp-content\/uploads\/2023\/09\/IMG-20230921-WA0010-768x1024.jpg 768w, https:\/\/fundaciohospitalariesmartorell.org\/entre-tots\/wp-content\/uploads\/2023\/09\/IMG-20230921-WA0010-225x300.jpg 225w, https:\/\/fundaciohospitalariesmartorell.org\/entre-tots\/wp-content\/uploads\/2023\/09\/IMG-20230921-WA0010-1152x1536.jpg 1152w, https:\/\/fundaciohospitalariesmartorell.org\/entre-tots\/wp-content\/uploads\/2023\/09\/IMG-20230921-WA0010.jpg 1200w\" sizes=\"auto, (max-width: 292px) 100vw, 292px\" \/><\/figure>\n\n\n\n<p>\u201cLa detecci\u00f3 de biomarcadors ha revolucionat la capacitat de diagnosticar l&#8217;Alzheimer en les etapes inicials\u201d, explica el Dr. Cejudo. Els biomarcadors s\u00f3n indicadors biol\u00f2gics detectables en fluids corporals, com ara el l\u00edquid cefalorraquidi, o mitjan\u00e7ant t\u00e8cniques d&#8217;imatge, que poden indicar la pres\u00e8ncia o el risc d&#8217;una malaltia. En el cas de l&#8217;Alzheimer, hi ha biomarcadors que poden mostrar canvis al cervell molt abans que els s\u00edmptomes siguin evidents, com l&#8217;acumulaci\u00f3 de plaques de prote\u00efna beta-amiloide o cabdells de tau.<\/p>\n\n\n\n<p>El diagn\u00f2stic primerenc \u00e9s essencial per diverses raons. \u201cNo nom\u00e9s permet als pacients i a les seves fam\u00edlies preparar-se i planificar el futur, sin\u00f3 que tamb\u00e9 facilita una intervenci\u00f3 primerenca, aprofitant ter\u00e0pies i tractaments que poden ser m\u00e9s efectius a les etapes inicials\u201d, afegeix el Dr. Cejudo.<\/p>\n\n\n\n<p>Despr\u00e9s de la xerrada del Dr. Cejudo, Marta Caball\u00e9, treballadora social de la Unitat, es va encarregar d&#8217;explicar quins s\u00f3n els recursos principals que hi ha al territori d&#8217;ajuda per a les persones amb dem\u00e8ncies i per als seus familiars. \u00abAquesta acci\u00f3 est\u00e0 dirigida no nom\u00e9s a col\u00b7laborar ara, sin\u00f3 que esperem que serveixi com un inici de relacions entre la unitat m\u00e8dica especialitzada i la comunitat de persones afectades i les seves fam\u00edlies al territori\u00bb, explica Caball\u00e9.<\/p>\n\n\n\n<figure class=\"wp-block-image alignright size-large is-resized\"><img decoding=\"async\" src=\"https:\/\/hospitalsagratcormartorell.org\/entre-tots\/wp-content\/uploads\/2023\/09\/IMG-20230922-WA0010-1024x768.jpg\" alt=\"\" class=\"wp-image-7008\" style=\"aspect-ratio:1;object-fit:cover;width:287px\" width=\"287\" srcset=\"https:\/\/fundaciohospitalariesmartorell.org\/entre-tots\/wp-content\/uploads\/2023\/09\/IMG-20230922-WA0010-1024x768.jpg 1024w, https:\/\/fundaciohospitalariesmartorell.org\/entre-tots\/wp-content\/uploads\/2023\/09\/IMG-20230922-WA0010-300x225.jpg 300w, https:\/\/fundaciohospitalariesmartorell.org\/entre-tots\/wp-content\/uploads\/2023\/09\/IMG-20230922-WA0010-768x576.jpg 768w, https:\/\/fundaciohospitalariesmartorell.org\/entre-tots\/wp-content\/uploads\/2023\/09\/IMG-20230922-WA0010-1536x1152.jpg 1536w, https:\/\/fundaciohospitalariesmartorell.org\/entre-tots\/wp-content\/uploads\/2023\/09\/IMG-20230922-WA0010-1320x990.jpg 1320w, https:\/\/fundaciohospitalariesmartorell.org\/entre-tots\/wp-content\/uploads\/2023\/09\/IMG-20230922-WA0010.jpg 2048w\" sizes=\"(max-width: 1024px) 100vw, 1024px\" \/><\/figure>\n\n\n\n<p>Durant l&#8217;activitat tamb\u00e9 es va procedir a la presentaci\u00f3 de l&#8217;Associaci\u00f3 de Familiars de Persones amb Alzheimer i altres dem\u00e8ncies del Baix Llobregat (Afabaix) i la lectura d&#8217;un manifest en qu\u00e8 es va reivindicar la implementaci\u00f3 immediata del Pla de Dem\u00e8ncies de Catalunya, m\u00e9s inversi\u00f3 en investigaci\u00f3 de ter\u00e0pies assistencials, m\u00e9s suport per a les fam\u00edlies de persones afectades per Alzheimer i altres dem\u00e8ncies aix\u00ed com una millora en la dotaci\u00f3 pressupost\u00e0ria per fer front a la malaltia.<\/p>\n","protected":false},"excerpt":{"rendered":"<p>Amb motiu de la celebraci\u00f3 del Dia Mundial de l&#8217;Alzheimer, que va tenir lloc el 21 de setembre passat, l&#8217;Associaci\u00f3 de Familiars d&#8217;Alzheimer del Baix Llobregat va organitzar una xerrada amb el t\u00edtol &#8216;L&#8217;Alzheimer i altres dem\u00e8ncies: prevenci\u00f3, tractament i recursos per a la cura&#8217;, que va tenir lloc a la Biblioteca Santa Oliva d&#8217;Olesa [&hellip;]<\/p>\n","protected":false},"author":2,"featured_media":7006,"comment_status":"closed","ping_status":"closed","sticky":false,"template":"","format":"standard","meta":{"footnotes":""},"categories":[27],"tags":[],"class_list":["post-7001","post","type-post","status-publish","format-standard","has-post-thumbnail","hentry","category-actualitat"],"blocksy_meta":{"styles_descriptor":{"styles":{"desktop":"","tablet":"","mobile":""},"google_fonts":[],"version":6}},"featured_image_urls_v2":{"full":["https:\/\/fundaciohospitalariesmartorell.org\/entre-tots\/wp-content\/uploads\/2023\/09\/IMG-20230922-WA0003.jpg",1024,768,false],"thumbnail":["https:\/\/fundaciohospitalariesmartorell.org\/entre-tots\/wp-content\/uploads\/2023\/09\/IMG-20230922-WA0003-150x150.jpg",150,150,true],"medium":["https:\/\/fundaciohospitalariesmartorell.org\/entre-tots\/wp-content\/uploads\/2023\/09\/IMG-20230922-WA0003-300x225.jpg",300,225,true],"medium_large":["https:\/\/fundaciohospitalariesmartorell.org\/entre-tots\/wp-content\/uploads\/2023\/09\/IMG-20230922-WA0003-768x576.jpg",768,576,true],"large":["https:\/\/fundaciohospitalariesmartorell.org\/entre-tots\/wp-content\/uploads\/2023\/09\/IMG-20230922-WA0003.jpg",1024,768,false],"1536x1536":["https:\/\/fundaciohospitalariesmartorell.org\/entre-tots\/wp-content\/uploads\/2023\/09\/IMG-20230922-WA0003.jpg",1024,768,false],"2048x2048":["https:\/\/fundaciohospitalariesmartorell.org\/entre-tots\/wp-content\/uploads\/2023\/09\/IMG-20230922-WA0003.jpg",1024,768,false],"mailpoet_newsletter_max":["https:\/\/fundaciohospitalariesmartorell.org\/entre-tots\/wp-content\/uploads\/2023\/09\/IMG-20230922-WA0003.jpg",1024,768,false]},"post_excerpt_stackable_v2":"<p>Amb motiu de la celebraci\u00f3 del Dia Mundial de l&#8217;Alzheimer, que va tenir lloc el 21 de setembre passat, l&#8217;Associaci\u00f3 de Familiars d&#8217;Alzheimer del Baix Llobregat va organitzar una xerrada amb el t\u00edtol &#8216;L&#8217;Alzheimer i altres dem\u00e8ncies: prevenci\u00f3, tractament i recursos per a la cura&#8217;, que va tenir lloc a la Biblioteca Santa Oliva d&#8217;Olesa de Montserrat. En aquesta activitat hi va col\u00b7laborar la Unitat de Deteriorament Cognitiu i Dem\u00e8ncies de l&#8217;Hospital Sagrat Cor, i hi va aportar dos experts que van explicar als assistents diferents aspectes relacionats amb la malaltia. Primerament, el Dr. Juan Carlos Cejudo, neuropsic\u00f2leg i coordinador&hellip;<\/p>\n","category_list_v2":"<a href=\"https:\/\/fundaciohospitalariesmartorell.org\/entre-tots\/category\/actualitat\/\" rel=\"category tag\">ACTUALITAT<\/a>","author_info_v2":{"name":"Sagrat Cor","url":"https:\/\/fundaciohospitalariesmartorell.org\/entre-tots\/author\/daniel\/"},"comments_num_v2":"0 comments","_links":{"self":[{"href":"https:\/\/fundaciohospitalariesmartorell.org\/entre-tots\/wp-json\/wp\/v2\/posts\/7001","targetHints":{"allow":["GET"]}}],"collection":[{"href":"https:\/\/fundaciohospitalariesmartorell.org\/entre-tots\/wp-json\/wp\/v2\/posts"}],"about":[{"href":"https:\/\/fundaciohospitalariesmartorell.org\/entre-tots\/wp-json\/wp\/v2\/types\/post"}],"author":[{"embeddable":true,"href":"https:\/\/fundaciohospitalariesmartorell.org\/entre-tots\/wp-json\/wp\/v2\/users\/2"}],"replies":[{"embeddable":true,"href":"https:\/\/fundaciohospitalariesmartorell.org\/entre-tots\/wp-json\/wp\/v2\/comments?post=7001"}],"version-history":[{"count":9,"href":"https:\/\/fundaciohospitalariesmartorell.org\/entre-tots\/wp-json\/wp\/v2\/posts\/7001\/revisions"}],"predecessor-version":[{"id":7210,"href":"https:\/\/fundaciohospitalariesmartorell.org\/entre-tots\/wp-json\/wp\/v2\/posts\/7001\/revisions\/7210"}],"wp:featuredmedia":[{"embeddable":true,"href":"https:\/\/fundaciohospitalariesmartorell.org\/entre-tots\/wp-json\/wp\/v2\/media\/7006"}],"wp:attachment":[{"href":"https:\/\/fundaciohospitalariesmartorell.org\/entre-tots\/wp-json\/wp\/v2\/media?parent=7001"}],"wp:term":[{"taxonomy":"category","embeddable":true,"href":"https:\/\/fundaciohospitalariesmartorell.org\/entre-tots\/wp-json\/wp\/v2\/categories?post=7001"},{"taxonomy":"post_tag","embeddable":true,"href":"https:\/\/fundaciohospitalariesmartorell.org\/entre-tots\/wp-json\/wp\/v2\/tags?post=7001"}],"curies":[{"name":"wp","href":"https:\/\/api.w.org\/{rel}","templated":true}]}}