{"id":7014,"date":"2023-09-29T02:00:49","date_gmt":"2023-09-29T00:00:49","guid":{"rendered":"https:\/\/hospitalsagratcormartorell.org\/entre-tots\/?p=7014"},"modified":"2023-10-03T13:27:47","modified_gmt":"2023-10-03T11:27:47","slug":"el-doctor-manel-sanchez-participa-en-el-xii-congres-cientific-internacional-de-medicina-geriatrica-de-monterrey","status":"publish","type":"post","link":"https:\/\/fundaciohospitalariesmartorell.org\/entre-tots\/2023\/09\/el-doctor-manel-sanchez-participa-en-el-xii-congres-cientific-internacional-de-medicina-geriatrica-de-monterrey\/","title":{"rendered":"El doctor Manel S\u00e1nchez, en el XII Congr\u00e9s Cient\u00edfic Internacional de Medicina Geri\u00e0trica de Monterrey"},"content":{"rendered":"<figure class=\"wp-block-post-featured-image\"><img loading=\"lazy\" decoding=\"async\" width=\"1934\" height=\"1356\" src=\"https:\/\/fundaciohospitalariesmartorell.org\/entre-tots\/wp-content\/uploads\/2023\/09\/Captura-de-pantalla-2023-09-29-a-les-12.21.35.jpg\" class=\"attachment-post-thumbnail size-post-thumbnail wp-post-image\" alt=\"\" style=\"object-fit:cover;\" srcset=\"https:\/\/fundaciohospitalariesmartorell.org\/entre-tots\/wp-content\/uploads\/2023\/09\/Captura-de-pantalla-2023-09-29-a-les-12.21.35.jpg 1934w, https:\/\/fundaciohospitalariesmartorell.org\/entre-tots\/wp-content\/uploads\/2023\/09\/Captura-de-pantalla-2023-09-29-a-les-12.21.35-300x210.jpg 300w, https:\/\/fundaciohospitalariesmartorell.org\/entre-tots\/wp-content\/uploads\/2023\/09\/Captura-de-pantalla-2023-09-29-a-les-12.21.35-1024x718.jpg 1024w, https:\/\/fundaciohospitalariesmartorell.org\/entre-tots\/wp-content\/uploads\/2023\/09\/Captura-de-pantalla-2023-09-29-a-les-12.21.35-768x538.jpg 768w, https:\/\/fundaciohospitalariesmartorell.org\/entre-tots\/wp-content\/uploads\/2023\/09\/Captura-de-pantalla-2023-09-29-a-les-12.21.35-1536x1077.jpg 1536w, https:\/\/fundaciohospitalariesmartorell.org\/entre-tots\/wp-content\/uploads\/2023\/09\/Captura-de-pantalla-2023-09-29-a-les-12.21.35-1320x926.jpg 1320w\" sizes=\"auto, (max-width: 1934px) 100vw, 1934px\" \/><\/figure>\n\n\n<p>Entre el 17 i el 19 d\u2019agost es va celebrar el XII Congr\u00e9s Cient\u00edfic Internacional de Medicina Geri\u00e0trica, organitzat pel Col\u00b7legi Nacional de Medicina Geri\u00e0trica (Conameger) de M\u00e8xic. L\u2019esdeveniment, que va tenir lloc a la ciutat mexicana de Monterrey, va reunir vora 600 participants, entre els quals hi havia el doctor Manel S\u00e1nchez, subdirector m\u00e8dic de l\u2019Hospital Sagrat cor. El Dr. S\u00e1nchez va oferir una pon\u00e8ncia en qu\u00e8 va abordar la problem\u00e0tica del trastorn bipolar en la gent gran.<\/p>\n\n\n\n<p>\u201cEl trastorn bipolar pot apar\u00e8ixer a l\u2019edat avan\u00e7ada, per\u00f2 el m\u00e9s freq\u00fcent \u00e9s que s\u2019hagi patit al llarg de tota la vida fins a arribar a l\u2019etapa d\u2019envelliment\u201d, va explicar el Dr. S\u00e1nchez. Tamb\u00e9 va explicar que aix\u00f2 suposa una situaci\u00f3 cl\u00ednica diferent del que passa en la gent m\u00e9s jove, i que a vegades pot implicar una major complexitat. \u201cCl\u00ednicament no t\u00e9 les mateixes caracter\u00edstiques que fan que en la gent jove sigui m\u00e9s f\u00e0cil de recon\u00e8ixer, i tamb\u00e9 t\u00e9 un maneig terap\u00e8utic m\u00e9s limitat en l\u2019edat avan\u00e7ada\u201d.<\/p>\n\n\n\n<p>La taula sobre psicogeriatria en qu\u00e8 va prendre part el Dr. Manuel S\u00e1nchez tamb\u00e9 va comptar amb la participaci\u00f3 del Dr. Manuel Mart\u00edn Carrasco, director m\u00e8dic de Germanes Hospital\u00e0ries a Navarra i al Pa\u00eds Basc. El Dr. Mart\u00edn Carrasco va parlar sobre la psicosi d\u2019aparici\u00f3 tardana. \u201cCal destacar que diversos geriatres que han participat en aquest congr\u00e9s han estat alumnes del M\u00e0ster de Psicogeriatria que organitzem nosaltres, i hi ha un inter\u00e8s per part del Col\u00b7legi Nacional de Medicina Geri\u00e0trica per impulsar m\u00e9s l\u2019\u00e0rea de la psicogeriatria, precisament\u201d, va afegir.<\/p>\n\n\n\n<p>A m\u00e9s de prendre part en aquest congr\u00e9s internacional, el subdirector m\u00e8dic de l\u2019Hospital tamb\u00e9 va participar a la trobada organitzada per l\u2019Instituto de Salud Carlos III i la Fundaci\u00f3n Espa\u00f1ola de Psiquiatr\u00eda y Salud Mental (FEPSM), que es va celebrar els dies 18 i 19 de setembre a Ma\u00f3 i que duia per t\u00edtol \u2018Com afrontar el su\u00efcidi en les persones grans\u2019. En aquest cas, el Dr. S\u00e1nchez va actuar com a discussor de les diferents taules, fent preguntes i fomentant el debat. \u201cLa idea de la trobada era parlar sobre el su\u00efcidi en les persones grans i desenvolupar estrat\u00e8gies que puguin ajudar a prevenir-lo\u201d, va explicar, i va afegir que les conclusions de la trobada s\u2019utilitzaran per a la redacci\u00f3 d\u2019un editorial que serveixi per donar a con\u00e8ixer la rellev\u00e0ncia d\u2019aquesta problem\u00e0tica.<\/p>\n","protected":false},"excerpt":{"rendered":"<p>Entre el 17 i el 19 d\u2019agost es va celebrar el XII Congr\u00e9s Cient\u00edfic Internacional de Medicina Geri\u00e0trica, organitzat pel Col\u00b7legi Nacional de Medicina Geri\u00e0trica (Conameger) de M\u00e8xic. L\u2019esdeveniment, que va tenir lloc a la ciutat mexicana de Monterrey, va reunir vora 600 participants, entre els quals hi havia el doctor Manel S\u00e1nchez, subdirector m\u00e8dic [&hellip;]<\/p>\n","protected":false},"author":2,"featured_media":7016,"comment_status":"closed","ping_status":"closed","sticky":false,"template":"","format":"standard","meta":{"footnotes":""},"categories":[27],"tags":[],"class_list":["post-7014","post","type-post","status-publish","format-standard","has-post-thumbnail","hentry","category-actualitat"],"blocksy_meta":{"styles_descriptor":{"styles":{"desktop":"","tablet":"","mobile":""},"google_fonts":[],"version":6}},"featured_image_urls_v2":{"full":["https:\/\/fundaciohospitalariesmartorell.org\/entre-tots\/wp-content\/uploads\/2023\/09\/Captura-de-pantalla-2023-09-29-a-les-12.21.35.jpg",1934,1356,false],"thumbnail":["https:\/\/fundaciohospitalariesmartorell.org\/entre-tots\/wp-content\/uploads\/2023\/09\/Captura-de-pantalla-2023-09-29-a-les-12.21.35-150x150.jpg",150,150,true],"medium":["https:\/\/fundaciohospitalariesmartorell.org\/entre-tots\/wp-content\/uploads\/2023\/09\/Captura-de-pantalla-2023-09-29-a-les-12.21.35-300x210.jpg",300,210,true],"medium_large":["https:\/\/fundaciohospitalariesmartorell.org\/entre-tots\/wp-content\/uploads\/2023\/09\/Captura-de-pantalla-2023-09-29-a-les-12.21.35-768x538.jpg",768,538,true],"large":["https:\/\/fundaciohospitalariesmartorell.org\/entre-tots\/wp-content\/uploads\/2023\/09\/Captura-de-pantalla-2023-09-29-a-les-12.21.35-1024x718.jpg",1024,718,true],"1536x1536":["https:\/\/fundaciohospitalariesmartorell.org\/entre-tots\/wp-content\/uploads\/2023\/09\/Captura-de-pantalla-2023-09-29-a-les-12.21.35-1536x1077.jpg",1536,1077,true],"2048x2048":["https:\/\/fundaciohospitalariesmartorell.org\/entre-tots\/wp-content\/uploads\/2023\/09\/Captura-de-pantalla-2023-09-29-a-les-12.21.35.jpg",1934,1356,false],"mailpoet_newsletter_max":["https:\/\/fundaciohospitalariesmartorell.org\/entre-tots\/wp-content\/uploads\/2023\/09\/Captura-de-pantalla-2023-09-29-a-les-12.21.35-1320x926.jpg",1320,926,true]},"post_excerpt_stackable_v2":"<p>Entre el 17 i el 19 d\u2019agost es va celebrar el XII Congr\u00e9s Cient\u00edfic Internacional de Medicina Geri\u00e0trica, organitzat pel Col\u00b7legi Nacional de Medicina Geri\u00e0trica (Conameger) de M\u00e8xic. L\u2019esdeveniment, que va tenir lloc a la ciutat mexicana de Monterrey, va reunir vora 600 participants, entre els quals hi havia el doctor Manel S\u00e1nchez, subdirector m\u00e8dic de l\u2019Hospital Sagrat cor. El Dr. S\u00e1nchez va oferir una pon\u00e8ncia en qu\u00e8 va abordar la problem\u00e0tica del trastorn bipolar en la gent gran. \u201cEl trastorn bipolar pot apar\u00e8ixer a l\u2019edat avan\u00e7ada, per\u00f2 el m\u00e9s freq\u00fcent \u00e9s que s\u2019hagi patit al llarg de tota la&hellip;<\/p>\n","category_list_v2":"<a href=\"https:\/\/fundaciohospitalariesmartorell.org\/entre-tots\/category\/actualitat\/\" rel=\"category tag\">ACTUALITAT<\/a>","author_info_v2":{"name":"Sagrat Cor","url":"https:\/\/fundaciohospitalariesmartorell.org\/entre-tots\/author\/daniel\/"},"comments_num_v2":"0 comments","_links":{"self":[{"href":"https:\/\/fundaciohospitalariesmartorell.org\/entre-tots\/wp-json\/wp\/v2\/posts\/7014","targetHints":{"allow":["GET"]}}],"collection":[{"href":"https:\/\/fundaciohospitalariesmartorell.org\/entre-tots\/wp-json\/wp\/v2\/posts"}],"about":[{"href":"https:\/\/fundaciohospitalariesmartorell.org\/entre-tots\/wp-json\/wp\/v2\/types\/post"}],"author":[{"embeddable":true,"href":"https:\/\/fundaciohospitalariesmartorell.org\/entre-tots\/wp-json\/wp\/v2\/users\/2"}],"replies":[{"embeddable":true,"href":"https:\/\/fundaciohospitalariesmartorell.org\/entre-tots\/wp-json\/wp\/v2\/comments?post=7014"}],"version-history":[{"count":6,"href":"https:\/\/fundaciohospitalariesmartorell.org\/entre-tots\/wp-json\/wp\/v2\/posts\/7014\/revisions"}],"predecessor-version":[{"id":7211,"href":"https:\/\/fundaciohospitalariesmartorell.org\/entre-tots\/wp-json\/wp\/v2\/posts\/7014\/revisions\/7211"}],"wp:featuredmedia":[{"embeddable":true,"href":"https:\/\/fundaciohospitalariesmartorell.org\/entre-tots\/wp-json\/wp\/v2\/media\/7016"}],"wp:attachment":[{"href":"https:\/\/fundaciohospitalariesmartorell.org\/entre-tots\/wp-json\/wp\/v2\/media?parent=7014"}],"wp:term":[{"taxonomy":"category","embeddable":true,"href":"https:\/\/fundaciohospitalariesmartorell.org\/entre-tots\/wp-json\/wp\/v2\/categories?post=7014"},{"taxonomy":"post_tag","embeddable":true,"href":"https:\/\/fundaciohospitalariesmartorell.org\/entre-tots\/wp-json\/wp\/v2\/tags?post=7014"}],"curies":[{"name":"wp","href":"https:\/\/api.w.org\/{rel}","templated":true}]}}