{"id":7018,"date":"2023-09-29T01:00:45","date_gmt":"2023-09-28T23:00:45","guid":{"rendered":"https:\/\/hospitalsagratcormartorell.org\/entre-tots\/?p=7018"},"modified":"2023-10-02T22:42:33","modified_gmt":"2023-10-02T20:42:33","slug":"trobada-de-consells-de-direccio-de-germanes-hospitalaries-a-guadarrama","status":"publish","type":"post","link":"https:\/\/fundaciohospitalariesmartorell.org\/entre-tots\/2023\/09\/trobada-de-consells-de-direccio-de-germanes-hospitalaries-a-guadarrama\/","title":{"rendered":"Trobada de Consells de Direcci\u00f3 de Germanes Hospital\u00e0ries a Guadarrama"},"content":{"rendered":"<figure class=\"wp-block-post-featured-image\"><img loading=\"lazy\" decoding=\"async\" width=\"2560\" height=\"1920\" src=\"https:\/\/fundaciohospitalariesmartorell.org\/entre-tots\/wp-content\/uploads\/2023\/09\/Jornada-Guadarrama-4-scaled.jpeg\" class=\"attachment-post-thumbnail size-post-thumbnail wp-post-image\" alt=\"\" style=\"object-fit:cover;\" srcset=\"https:\/\/fundaciohospitalariesmartorell.org\/entre-tots\/wp-content\/uploads\/2023\/09\/Jornada-Guadarrama-4-scaled.jpeg 2560w, https:\/\/fundaciohospitalariesmartorell.org\/entre-tots\/wp-content\/uploads\/2023\/09\/Jornada-Guadarrama-4-300x225.jpeg 300w, https:\/\/fundaciohospitalariesmartorell.org\/entre-tots\/wp-content\/uploads\/2023\/09\/Jornada-Guadarrama-4-1024x768.jpeg 1024w, https:\/\/fundaciohospitalariesmartorell.org\/entre-tots\/wp-content\/uploads\/2023\/09\/Jornada-Guadarrama-4-768x576.jpeg 768w, https:\/\/fundaciohospitalariesmartorell.org\/entre-tots\/wp-content\/uploads\/2023\/09\/Jornada-Guadarrama-4-1536x1152.jpeg 1536w, https:\/\/fundaciohospitalariesmartorell.org\/entre-tots\/wp-content\/uploads\/2023\/09\/Jornada-Guadarrama-4-2048x1536.jpeg 2048w, https:\/\/fundaciohospitalariesmartorell.org\/entre-tots\/wp-content\/uploads\/2023\/09\/Jornada-Guadarrama-4-1320x990.jpeg 1320w\" sizes=\"auto, (max-width: 2560px) 100vw, 2560px\" \/><\/figure>\n\n\n<p>Els dies 19 i 20 de setembre va tenir lloc a Guadarrama, Madrid la VII Trobada de Consells de Direcci\u00f3 de Germanes Hospital\u00e0ries, sota el lema \u201cProtagonistes del Canvi en l\u2019Hospitalitat\u201d. Aquesta trobada es va centrar en els models relacionals del nostre Marc d&#8217;Identitat, tot aproximant-nos a diferents temes d&#8217;actualitat en identitat hospital\u00e0ria, en les persones, en el di\u00e0leg amb la societat, la sostenibilitat econ\u00f2mica, assistencial i educativa, aix\u00ed com el di\u00e0leg de la nostra Instituci\u00f3 amb la societat i el model assistencial actual i de futur.<\/p>\n\n\n\n<figure class=\"wp-block-gallery has-nested-images columns-default is-cropped wp-block-gallery-1 is-layout-flex wp-block-gallery-is-layout-flex\">\n<figure class=\"wp-block-image size-large\"><img loading=\"lazy\" decoding=\"async\" width=\"768\" height=\"1024\" data-id=\"7027\" src=\"https:\/\/hospitalsagratcormartorell.org\/entre-tots\/wp-content\/uploads\/2023\/09\/Jornada-Guadarrama-6-768x1024.jpeg\" alt=\"\" class=\"wp-image-7027\" style=\"aspect-ratio:1;object-fit:cover\" srcset=\"https:\/\/fundaciohospitalariesmartorell.org\/entre-tots\/wp-content\/uploads\/2023\/09\/Jornada-Guadarrama-6-768x1024.jpeg 768w, https:\/\/fundaciohospitalariesmartorell.org\/entre-tots\/wp-content\/uploads\/2023\/09\/Jornada-Guadarrama-6-225x300.jpeg 225w, https:\/\/fundaciohospitalariesmartorell.org\/entre-tots\/wp-content\/uploads\/2023\/09\/Jornada-Guadarrama-6-1152x1536.jpeg 1152w, https:\/\/fundaciohospitalariesmartorell.org\/entre-tots\/wp-content\/uploads\/2023\/09\/Jornada-Guadarrama-6-1536x2048.jpeg 1536w, https:\/\/fundaciohospitalariesmartorell.org\/entre-tots\/wp-content\/uploads\/2023\/09\/Jornada-Guadarrama-6-1320x1760.jpeg 1320w, https:\/\/fundaciohospitalariesmartorell.org\/entre-tots\/wp-content\/uploads\/2023\/09\/Jornada-Guadarrama-6-scaled.jpeg 1920w\" sizes=\"auto, (max-width: 768px) 100vw, 768px\" \/><\/figure>\n\n\n\n<figure class=\"wp-block-image size-large\"><img loading=\"lazy\" decoding=\"async\" width=\"576\" height=\"1024\" data-id=\"7022\" src=\"https:\/\/hospitalsagratcormartorell.org\/entre-tots\/wp-content\/uploads\/2023\/09\/Jornada-Guadarrama-1-576x1024.jpeg\" alt=\"\" class=\"wp-image-7022\" style=\"aspect-ratio:1;object-fit:cover\" srcset=\"https:\/\/fundaciohospitalariesmartorell.org\/entre-tots\/wp-content\/uploads\/2023\/09\/Jornada-Guadarrama-1-576x1024.jpeg 576w, https:\/\/fundaciohospitalariesmartorell.org\/entre-tots\/wp-content\/uploads\/2023\/09\/Jornada-Guadarrama-1-169x300.jpeg 169w, https:\/\/fundaciohospitalariesmartorell.org\/entre-tots\/wp-content\/uploads\/2023\/09\/Jornada-Guadarrama-1-768x1365.jpeg 768w, https:\/\/fundaciohospitalariesmartorell.org\/entre-tots\/wp-content\/uploads\/2023\/09\/Jornada-Guadarrama-1-864x1536.jpeg 864w, https:\/\/fundaciohospitalariesmartorell.org\/entre-tots\/wp-content\/uploads\/2023\/09\/Jornada-Guadarrama-1-1152x2048.jpeg 1152w, https:\/\/fundaciohospitalariesmartorell.org\/entre-tots\/wp-content\/uploads\/2023\/09\/Jornada-Guadarrama-1-1320x2347.jpeg 1320w, https:\/\/fundaciohospitalariesmartorell.org\/entre-tots\/wp-content\/uploads\/2023\/09\/Jornada-Guadarrama-1-scaled.jpeg 1440w\" sizes=\"auto, (max-width: 576px) 100vw, 576px\" \/><\/figure>\n<\/figure>\n\n\n\n<p>La superiora provincial, sor Matilde Porras, va ser l\u2019encarregada d\u2019inaugurar la trobada. Va adre\u00e7ar unes paraules d&#8217;agra\u00efment a tots els assistents per la seva tasca en el dia a dia dels nostres centres i va compartir les seves inquietuds davant la propera celebraci\u00f3 dels Cap\u00edtols General i Provincial que es duran a terme el proper any 2024. Posteriorment, Alberto Mart\u00edn de la Mata, gerent provincial, va compartir amb tots els assistents els reptes importants que afrontarem com a instituci\u00f3 en els propers mesos. En el seu discurs va apel\u00b7lar a continuar treballant conjuntament amb uns objectius comuns que ens ajudin a afrontar el futur de l&#8217;obra hospital\u00e0ria amb garanties.<\/p>\n\n\n\n<p>En aquesta VII Trobada de Consells de Direcci\u00f3 hi va participar Josep Tristany, coordinador de l&#8217;\u00c0rea de Rehabilitaci\u00f3 en Salut Mental de l&#8217;Hospital Sagrat Cor, juntament amb Emilio Rojo, director assistencial del centre de Sant Boi, i Jos\u00e9 Luis Arroyo, director t\u00e8cnic de la L\u00ednia de Rehabilitaci\u00f3 Psicosocial de la instituci\u00f3 a Madrid. Tots ells van prendre part a la taula titulada \u201cAtenci\u00f3 a la cronicitat i la complexitat en la salut mental. Model de recuperaci\u00f3. Cap a l&#8217;autonomia personal i el projecte vital\u201d.<\/p>\n\n\n\n<figure class=\"wp-block-image size-large\"><img loading=\"lazy\" decoding=\"async\" width=\"1024\" height=\"768\" src=\"https:\/\/hospitalsagratcormartorell.org\/entre-tots\/wp-content\/uploads\/2023\/09\/Mesa-3-3-1024x768.jpeg\" alt=\"\" class=\"wp-image-7034\" srcset=\"https:\/\/fundaciohospitalariesmartorell.org\/entre-tots\/wp-content\/uploads\/2023\/09\/Mesa-3-3-1024x768.jpeg 1024w, https:\/\/fundaciohospitalariesmartorell.org\/entre-tots\/wp-content\/uploads\/2023\/09\/Mesa-3-3-300x225.jpeg 300w, https:\/\/fundaciohospitalariesmartorell.org\/entre-tots\/wp-content\/uploads\/2023\/09\/Mesa-3-3-768x576.jpeg 768w, https:\/\/fundaciohospitalariesmartorell.org\/entre-tots\/wp-content\/uploads\/2023\/09\/Mesa-3-3-1536x1152.jpeg 1536w, https:\/\/fundaciohospitalariesmartorell.org\/entre-tots\/wp-content\/uploads\/2023\/09\/Mesa-3-3-2048x1536.jpeg 2048w, https:\/\/fundaciohospitalariesmartorell.org\/entre-tots\/wp-content\/uploads\/2023\/09\/Mesa-3-3-1320x990.jpeg 1320w\" sizes=\"auto, (max-width: 1024px) 100vw, 1024px\" \/><\/figure>\n\n\n\n<p>Tamb\u00e9 va participar en una taula Carlos Franquelo, director m\u00e8dic de l&#8217;Hospital, Sagrat Cor juntament amb Francesc Fatj\u00f3, director assistencial de l&#8217;Hospital San Rafael, Pedro Roy, director assistencial del centre d&#8217;Horta, \u00c1ngel Gonz\u00e1lez i Zenaida Boza, gerent i directora d&#8217;infermeria del centre de Valladolid, i Olga Gin\u00e9s, gerent de l&#8217;Hospital Beata de Madrid. En aquest cas el tema era \u201cEnvelliment, cronicitat i complexitat. De l\u2019atenci\u00f3 sociosanit\u00e0ria a l\u2019atenci\u00f3 interm\u00e8dia. Atenci\u00f3 integrada i continu\u00eftat de cures\u201d.<\/p>\n\n\n\n<p>Per a m\u00e9s informaci\u00f3 sobre els continguts d&#8217;aquestes jornades podeu accedir a les not\u00edcies seg\u00fcents:<\/p>\n\n\n\n<ul class=\"wp-block-list\">\n<li><a href=\"https:\/\/www.hospitalarias.es\/primera-jornada-del-encuentro-de-consejos-de-direccion-en-guadarrama\/\">Primera jornada de la Trobada de Consells de Direcci\u00f3 a Guadarrama<\/a><\/li>\n\n\n\n<li><a href=\"https:\/\/www.hospitalarias.es\/segunda-jornada-del-encuentro-de-consejos-de-direccion-en-guadarrama\/\">Segunda jornada de la Trobada de Consells de Direcci\u00f3 a Guadarrama<\/a><\/li>\n<\/ul>\n\n\n\n<figure class=\"wp-block-image size-large\"><img loading=\"lazy\" decoding=\"async\" width=\"1024\" height=\"576\" src=\"https:\/\/hospitalsagratcormartorell.org\/entre-tots\/wp-content\/uploads\/2023\/09\/Foto-de-Grupo-Guadarrama-1-1920x1080-1-1024x576.jpeg\" alt=\"\" class=\"wp-image-7021\" srcset=\"https:\/\/fundaciohospitalariesmartorell.org\/entre-tots\/wp-content\/uploads\/2023\/09\/Foto-de-Grupo-Guadarrama-1-1920x1080-1-1024x576.jpeg 1024w, https:\/\/fundaciohospitalariesmartorell.org\/entre-tots\/wp-content\/uploads\/2023\/09\/Foto-de-Grupo-Guadarrama-1-1920x1080-1-300x169.jpeg 300w, https:\/\/fundaciohospitalariesmartorell.org\/entre-tots\/wp-content\/uploads\/2023\/09\/Foto-de-Grupo-Guadarrama-1-1920x1080-1-768x432.jpeg 768w, https:\/\/fundaciohospitalariesmartorell.org\/entre-tots\/wp-content\/uploads\/2023\/09\/Foto-de-Grupo-Guadarrama-1-1920x1080-1-1536x864.jpeg 1536w, https:\/\/fundaciohospitalariesmartorell.org\/entre-tots\/wp-content\/uploads\/2023\/09\/Foto-de-Grupo-Guadarrama-1-1920x1080-1-1320x743.jpeg 1320w, https:\/\/fundaciohospitalariesmartorell.org\/entre-tots\/wp-content\/uploads\/2023\/09\/Foto-de-Grupo-Guadarrama-1-1920x1080-1.jpeg 1920w\" sizes=\"auto, (max-width: 1024px) 100vw, 1024px\" \/><\/figure>\n","protected":false},"excerpt":{"rendered":"<p>Els dies 19 i 20 de setembre va tenir lloc a Guadarrama, Madrid la VII Trobada de Consells de Direcci\u00f3 de Germanes Hospital\u00e0ries, sota el lema \u201cProtagonistes del Canvi en l\u2019Hospitalitat\u201d. Aquesta trobada es va centrar en els models relacionals del nostre Marc d&#8217;Identitat, tot aproximant-nos a diferents temes d&#8217;actualitat en identitat hospital\u00e0ria, en les [&hellip;]<\/p>\n","protected":false},"author":2,"featured_media":7025,"comment_status":"closed","ping_status":"closed","sticky":false,"template":"","format":"standard","meta":{"footnotes":""},"categories":[27],"tags":[],"class_list":["post-7018","post","type-post","status-publish","format-standard","has-post-thumbnail","hentry","category-actualitat"],"blocksy_meta":{"styles_descriptor":{"styles":{"desktop":"","tablet":"","mobile":""},"google_fonts":[],"version":6}},"featured_image_urls_v2":{"full":["https:\/\/fundaciohospitalariesmartorell.org\/entre-tots\/wp-content\/uploads\/2023\/09\/Jornada-Guadarrama-4-scaled.jpeg",2560,1920,false],"thumbnail":["https:\/\/fundaciohospitalariesmartorell.org\/entre-tots\/wp-content\/uploads\/2023\/09\/Jornada-Guadarrama-4-150x150.jpeg",150,150,true],"medium":["https:\/\/fundaciohospitalariesmartorell.org\/entre-tots\/wp-content\/uploads\/2023\/09\/Jornada-Guadarrama-4-300x225.jpeg",300,225,true],"medium_large":["https:\/\/fundaciohospitalariesmartorell.org\/entre-tots\/wp-content\/uploads\/2023\/09\/Jornada-Guadarrama-4-768x576.jpeg",768,576,true],"large":["https:\/\/fundaciohospitalariesmartorell.org\/entre-tots\/wp-content\/uploads\/2023\/09\/Jornada-Guadarrama-4-1024x768.jpeg",1024,768,true],"1536x1536":["https:\/\/fundaciohospitalariesmartorell.org\/entre-tots\/wp-content\/uploads\/2023\/09\/Jornada-Guadarrama-4-1536x1152.jpeg",1536,1152,true],"2048x2048":["https:\/\/fundaciohospitalariesmartorell.org\/entre-tots\/wp-content\/uploads\/2023\/09\/Jornada-Guadarrama-4-2048x1536.jpeg",2048,1536,true],"mailpoet_newsletter_max":["https:\/\/fundaciohospitalariesmartorell.org\/entre-tots\/wp-content\/uploads\/2023\/09\/Jornada-Guadarrama-4-1320x990.jpeg",1320,990,true]},"post_excerpt_stackable_v2":"<p>Els dies 19 i 20 de setembre va tenir lloc a Guadarrama, Madrid la VII Trobada de Consells de Direcci\u00f3 de Germanes Hospital\u00e0ries, sota el lema \u201cProtagonistes del Canvi en l\u2019Hospitalitat\u201d. Aquesta trobada es va centrar en els models relacionals del nostre Marc d&#8217;Identitat, tot aproximant-nos a diferents temes d&#8217;actualitat en identitat hospital\u00e0ria, en les persones, en el di\u00e0leg amb la societat, la sostenibilitat econ\u00f2mica, assistencial i educativa, aix\u00ed com el di\u00e0leg de la nostra Instituci\u00f3 amb la societat i el model assistencial actual i de futur. La superiora provincial, sor Matilde Porras, va ser l\u2019encarregada d\u2019inaugurar la trobada. Va&hellip;<\/p>\n","category_list_v2":"<a href=\"https:\/\/fundaciohospitalariesmartorell.org\/entre-tots\/category\/actualitat\/\" rel=\"category tag\">ACTUALITAT<\/a>","author_info_v2":{"name":"Sagrat Cor","url":"https:\/\/fundaciohospitalariesmartorell.org\/entre-tots\/author\/daniel\/"},"comments_num_v2":"0 comments","_links":{"self":[{"href":"https:\/\/fundaciohospitalariesmartorell.org\/entre-tots\/wp-json\/wp\/v2\/posts\/7018","targetHints":{"allow":["GET"]}}],"collection":[{"href":"https:\/\/fundaciohospitalariesmartorell.org\/entre-tots\/wp-json\/wp\/v2\/posts"}],"about":[{"href":"https:\/\/fundaciohospitalariesmartorell.org\/entre-tots\/wp-json\/wp\/v2\/types\/post"}],"author":[{"embeddable":true,"href":"https:\/\/fundaciohospitalariesmartorell.org\/entre-tots\/wp-json\/wp\/v2\/users\/2"}],"replies":[{"embeddable":true,"href":"https:\/\/fundaciohospitalariesmartorell.org\/entre-tots\/wp-json\/wp\/v2\/comments?post=7018"}],"version-history":[{"count":7,"href":"https:\/\/fundaciohospitalariesmartorell.org\/entre-tots\/wp-json\/wp\/v2\/posts\/7018\/revisions"}],"predecessor-version":[{"id":7171,"href":"https:\/\/fundaciohospitalariesmartorell.org\/entre-tots\/wp-json\/wp\/v2\/posts\/7018\/revisions\/7171"}],"wp:featuredmedia":[{"embeddable":true,"href":"https:\/\/fundaciohospitalariesmartorell.org\/entre-tots\/wp-json\/wp\/v2\/media\/7025"}],"wp:attachment":[{"href":"https:\/\/fundaciohospitalariesmartorell.org\/entre-tots\/wp-json\/wp\/v2\/media?parent=7018"}],"wp:term":[{"taxonomy":"category","embeddable":true,"href":"https:\/\/fundaciohospitalariesmartorell.org\/entre-tots\/wp-json\/wp\/v2\/categories?post=7018"},{"taxonomy":"post_tag","embeddable":true,"href":"https:\/\/fundaciohospitalariesmartorell.org\/entre-tots\/wp-json\/wp\/v2\/tags?post=7018"}],"curies":[{"name":"wp","href":"https:\/\/api.w.org\/{rel}","templated":true}]}}