{"id":7062,"date":"2023-09-30T10:00:38","date_gmt":"2023-09-30T08:00:38","guid":{"rendered":"https:\/\/hospitalsagratcormartorell.org\/entre-tots\/?p=7062"},"modified":"2023-10-02T22:53:36","modified_gmt":"2023-10-02T20:53:36","slug":"roger-ballesca-els-nens-de-sis-anys-tenen-impuls-sexual","status":"publish","type":"post","link":"https:\/\/fundaciohospitalariesmartorell.org\/entre-tots\/2023\/09\/roger-ballesca-els-nens-de-sis-anys-tenen-impuls-sexual\/","title":{"rendered":"Roger Ballesc\u00e0: &#8220;Els nens de sis anys tenen impuls sexual&#8221;"},"content":{"rendered":"\n<p>El cas d&#8217;una presumpta agressi\u00f3 sexual de tres nens de sis anys a una companya de classe a Extremadura ha obert el debat sobre qu\u00e8 pot haver dut els infants a fer-ho i sobre si se&#8217;ls pot considerar agressors sexuals. Per analitzar-ho, <em>El m\u00f3n a RAC1<\/em> ha parlat amb Roger Ballesc\u00e0, coordinador de l\u2019\u00c0rea de Salut Mental Infantojuvenil de l\u2019Hospital Sagrat Cor i vicesecretari del Col\u00b7legi de Psicologia de Catalunya, i amb Anna Salvia, experta en educaci\u00f3 sexual.<\/p>\n\n\n\n<p><a href=\"https:\/\/www.rac1.cat\/el-mon\/20230921\/113674\/psicoleg-infantil-nens-sis-anys-tenen-impuls-sexual.html\">https:\/\/www.rac1.cat\/el-mon\/20230921\/113674\/psicoleg-infantil-nens-sis-anys-tenen-impuls-sexual.html<\/a><\/p>\n","protected":false},"excerpt":{"rendered":"<p>El cas d&#8217;una presumpta agressi\u00f3 sexual de tres nens de sis anys a una companya de classe a Extremadura ha obert el debat sobre qu\u00e8 pot haver dut els infants a fer-ho i sobre si se&#8217;ls pot considerar agressors sexuals. Per analitzar-ho, El m\u00f3n a RAC1 ha parlat amb Roger Ballesc\u00e0, coordinador de l\u2019\u00c0rea de [&hellip;]<\/p>\n","protected":false},"author":2,"featured_media":0,"comment_status":"closed","ping_status":"closed","sticky":false,"template":"","format":"standard","meta":{"footnotes":""},"categories":[44],"tags":[],"class_list":["post-7062","post","type-post","status-publish","format-standard","hentry","category-entre-noticies"],"blocksy_meta":{"styles_descriptor":{"styles":{"desktop":"","tablet":"","mobile":""},"google_fonts":[],"version":6}},"featured_image_urls_v2":{"full":"","thumbnail":"","medium":"","medium_large":"","large":"","1536x1536":"","2048x2048":"","mailpoet_newsletter_max":""},"post_excerpt_stackable_v2":"<p>El cas d&#8217;una presumpta agressi\u00f3 sexual de tres nens de sis anys a una companya de classe a Extremadura ha obert el debat sobre qu\u00e8 pot haver dut els infants a fer-ho i sobre si se&#8217;ls pot considerar agressors sexuals. Per analitzar-ho, El m\u00f3n a RAC1 ha parlat amb Roger Ballesc\u00e0, coordinador de l\u2019\u00c0rea de Salut Mental Infantojuvenil de l\u2019Hospital Sagrat Cor i vicesecretari del Col\u00b7legi de Psicologia de Catalunya, i amb Anna Salvia, experta en educaci\u00f3 sexual. https:\/\/www.rac1.cat\/el-mon\/20230921\/113674\/psicoleg-infantil-nens-sis-anys-tenen-impuls-sexual.html<\/p>\n","category_list_v2":"<a href=\"https:\/\/fundaciohospitalariesmartorell.org\/entre-tots\/category\/entre-noticies\/\" rel=\"category tag\">ENTRE NOT\u00cdCIES<\/a>","author_info_v2":{"name":"Sagrat Cor","url":"https:\/\/fundaciohospitalariesmartorell.org\/entre-tots\/author\/daniel\/"},"comments_num_v2":"0 comments","_links":{"self":[{"href":"https:\/\/fundaciohospitalariesmartorell.org\/entre-tots\/wp-json\/wp\/v2\/posts\/7062","targetHints":{"allow":["GET"]}}],"collection":[{"href":"https:\/\/fundaciohospitalariesmartorell.org\/entre-tots\/wp-json\/wp\/v2\/posts"}],"about":[{"href":"https:\/\/fundaciohospitalariesmartorell.org\/entre-tots\/wp-json\/wp\/v2\/types\/post"}],"author":[{"embeddable":true,"href":"https:\/\/fundaciohospitalariesmartorell.org\/entre-tots\/wp-json\/wp\/v2\/users\/2"}],"replies":[{"embeddable":true,"href":"https:\/\/fundaciohospitalariesmartorell.org\/entre-tots\/wp-json\/wp\/v2\/comments?post=7062"}],"version-history":[{"count":2,"href":"https:\/\/fundaciohospitalariesmartorell.org\/entre-tots\/wp-json\/wp\/v2\/posts\/7062\/revisions"}],"predecessor-version":[{"id":7064,"href":"https:\/\/fundaciohospitalariesmartorell.org\/entre-tots\/wp-json\/wp\/v2\/posts\/7062\/revisions\/7064"}],"wp:attachment":[{"href":"https:\/\/fundaciohospitalariesmartorell.org\/entre-tots\/wp-json\/wp\/v2\/media?parent=7062"}],"wp:term":[{"taxonomy":"category","embeddable":true,"href":"https:\/\/fundaciohospitalariesmartorell.org\/entre-tots\/wp-json\/wp\/v2\/categories?post=7062"},{"taxonomy":"post_tag","embeddable":true,"href":"https:\/\/fundaciohospitalariesmartorell.org\/entre-tots\/wp-json\/wp\/v2\/tags?post=7062"}],"curies":[{"name":"wp","href":"https:\/\/api.w.org\/{rel}","templated":true}]}}