{"id":7065,"date":"2023-09-30T09:00:47","date_gmt":"2023-09-30T07:00:47","guid":{"rendered":"https:\/\/hospitalsagratcormartorell.org\/entre-tots\/?p=7065"},"modified":"2023-12-28T17:00:02","modified_gmt":"2023-12-28T15:00:02","slug":"lescola-un-lloc-de-risc-pero-tambe-de-proteccio-davant-del-suicidi","status":"publish","type":"post","link":"https:\/\/fundaciohospitalariesmartorell.org\/entre-tots\/2023\/09\/lescola-un-lloc-de-risc-pero-tambe-de-proteccio-davant-del-suicidi\/","title":{"rendered":"L\u2019escola, un lloc de risc per\u00f2 tamb\u00e9 de protecci\u00f3 davant del su\u00efcidi"},"content":{"rendered":"\n<p>Amb motiu del Dia Internacional per a la Prevenci\u00f3 del Su\u00efcidi, el diari <em>Ara<\/em> va publicar un extens reportatge sobre la situaci\u00f3 actual a Catalunya en l\u2019\u00e0mbit escolar. Roger Ballesc\u00e0, coordinador de l\u2019\u00c0rea de Salut Mental Infantojuvenil de l\u2019Hospital Sagrat Cor, va ser un dels experts que van participar-hi.<\/p>\n\n\n\n<p><a href=\"https:\/\/www.ara.cat\/societat\/salut\/suicidi-l-adolescencia-l-escola-pot-lloc-risc-tambe-proteccio_130_4795336.html\">https:\/\/www.ara.cat\/societat\/salut\/suicidi-l-adolescencia-l-escola-pot-lloc-risc-tambe-proteccio_130_4795336.html<\/a><\/p>\n","protected":false},"excerpt":{"rendered":"<p>Amb motiu del Dia Internacional per a la Prevenci\u00f3 del Su\u00efcidi, el diari Ara va publicar un extens reportatge sobre la situaci\u00f3 actual a Catalunya en l\u2019\u00e0mbit escolar. Roger Ballesc\u00e0, coordinador de l\u2019\u00c0rea de Salut Mental Infantojuvenil de l\u2019Hospital Sagrat Cor, va ser un dels experts que van participar-hi. https:\/\/www.ara.cat\/societat\/salut\/suicidi-l-adolescencia-l-escola-pot-lloc-risc-tambe-proteccio_130_4795336.html<\/p>\n","protected":false},"author":2,"featured_media":0,"comment_status":"closed","ping_status":"closed","sticky":false,"template":"","format":"standard","meta":{"footnotes":""},"categories":[44],"tags":[],"class_list":["post-7065","post","type-post","status-publish","format-standard","hentry","category-entre-noticies"],"blocksy_meta":{"styles_descriptor":{"styles":{"desktop":"","tablet":"","mobile":""},"google_fonts":[],"version":6}},"featured_image_urls_v2":{"full":"","thumbnail":"","medium":"","medium_large":"","large":"","1536x1536":"","2048x2048":"","mailpoet_newsletter_max":""},"post_excerpt_stackable_v2":"<p>Amb motiu del Dia Internacional per a la Prevenci\u00f3 del Su\u00efcidi, el diari Ara va publicar un extens reportatge sobre la situaci\u00f3 actual a Catalunya en l\u2019\u00e0mbit escolar. Roger Ballesc\u00e0, coordinador de l\u2019\u00c0rea de Salut Mental Infantojuvenil de l\u2019Hospital Sagrat Cor, va ser un dels experts que van participar-hi. https:\/\/www.ara.cat\/societat\/salut\/suicidi-l-adolescencia-l-escola-pot-lloc-risc-tambe-proteccio_130_4795336.html<\/p>\n","category_list_v2":"<a href=\"https:\/\/fundaciohospitalariesmartorell.org\/entre-tots\/category\/entre-noticies\/\" rel=\"category tag\">ENTRE NOT\u00cdCIES<\/a>","author_info_v2":{"name":"Sagrat Cor","url":"https:\/\/fundaciohospitalariesmartorell.org\/entre-tots\/author\/daniel\/"},"comments_num_v2":"0 comments","_links":{"self":[{"href":"https:\/\/fundaciohospitalariesmartorell.org\/entre-tots\/wp-json\/wp\/v2\/posts\/7065","targetHints":{"allow":["GET"]}}],"collection":[{"href":"https:\/\/fundaciohospitalariesmartorell.org\/entre-tots\/wp-json\/wp\/v2\/posts"}],"about":[{"href":"https:\/\/fundaciohospitalariesmartorell.org\/entre-tots\/wp-json\/wp\/v2\/types\/post"}],"author":[{"embeddable":true,"href":"https:\/\/fundaciohospitalariesmartorell.org\/entre-tots\/wp-json\/wp\/v2\/users\/2"}],"replies":[{"embeddable":true,"href":"https:\/\/fundaciohospitalariesmartorell.org\/entre-tots\/wp-json\/wp\/v2\/comments?post=7065"}],"version-history":[{"count":2,"href":"https:\/\/fundaciohospitalariesmartorell.org\/entre-tots\/wp-json\/wp\/v2\/posts\/7065\/revisions"}],"predecessor-version":[{"id":7067,"href":"https:\/\/fundaciohospitalariesmartorell.org\/entre-tots\/wp-json\/wp\/v2\/posts\/7065\/revisions\/7067"}],"wp:attachment":[{"href":"https:\/\/fundaciohospitalariesmartorell.org\/entre-tots\/wp-json\/wp\/v2\/media?parent=7065"}],"wp:term":[{"taxonomy":"category","embeddable":true,"href":"https:\/\/fundaciohospitalariesmartorell.org\/entre-tots\/wp-json\/wp\/v2\/categories?post=7065"},{"taxonomy":"post_tag","embeddable":true,"href":"https:\/\/fundaciohospitalariesmartorell.org\/entre-tots\/wp-json\/wp\/v2\/tags?post=7065"}],"curies":[{"name":"wp","href":"https:\/\/api.w.org\/{rel}","templated":true}]}}