{"id":7068,"date":"2023-09-30T08:00:02","date_gmt":"2023-09-30T06:00:02","guid":{"rendered":"https:\/\/hospitalsagratcormartorell.org\/entre-tots\/?p=7068"},"modified":"2023-10-02T22:53:58","modified_gmt":"2023-10-02T20:53:58","slug":"el-doctor-luis-gil-explica-la-sindrome-de-meige","status":"publish","type":"post","link":"https:\/\/fundaciohospitalariesmartorell.org\/entre-tots\/2023\/09\/el-doctor-luis-gil-explica-la-sindrome-de-meige\/","title":{"rendered":"El doctor Luis Gil explica la s\u00edndrome de Meige"},"content":{"rendered":"\n<p>Rosa Alarc\u00f3n, regidora del PSC a l\u2019Ajuntament de Barcelona, va presentar la dimissi\u00f3 per motius de salut com a conseq\u00fc\u00e8ncia de l\u2019afecci\u00f3 que pateix, associada a la s\u00edndrome de Meige. El doctor Luis Gil va explicar a <em>Nius<\/em> en qu\u00e8 consisteix aquesta malaltia.<\/p>\n\n\n\n<p><a href=\"https:\/\/www.niusdiario.es\/espana\/catalunya\/20230829\/concejal-barcelona-rosa-alarcon-psc-dimite-meige-motivos-salud_18_010333539.html\">https:\/\/www.niusdiario.es\/espana\/catalunya\/20230829\/concejal-barcelona-rosa-alarcon-psc-dimite-meige-motivos-salud_18_010333539.html<\/a><\/p>\n","protected":false},"excerpt":{"rendered":"<p>Rosa Alarc\u00f3n, regidora del PSC a l\u2019Ajuntament de Barcelona, va presentar la dimissi\u00f3 per motius de salut com a conseq\u00fc\u00e8ncia de l\u2019afecci\u00f3 que pateix, associada a la s\u00edndrome de Meige. El doctor Luis Gil va explicar a Nius en qu\u00e8 consisteix aquesta malaltia. https:\/\/www.niusdiario.es\/espana\/catalunya\/20230829\/concejal-barcelona-rosa-alarcon-psc-dimite-meige-motivos-salud_18_010333539.html<\/p>\n","protected":false},"author":2,"featured_media":0,"comment_status":"closed","ping_status":"closed","sticky":false,"template":"","format":"standard","meta":{"footnotes":""},"categories":[44],"tags":[],"class_list":["post-7068","post","type-post","status-publish","format-standard","hentry","category-entre-noticies"],"blocksy_meta":{"styles_descriptor":{"styles":{"desktop":"","tablet":"","mobile":""},"google_fonts":[],"version":6}},"featured_image_urls_v2":{"full":"","thumbnail":"","medium":"","medium_large":"","large":"","1536x1536":"","2048x2048":"","mailpoet_newsletter_max":""},"post_excerpt_stackable_v2":"<p>Rosa Alarc\u00f3n, regidora del PSC a l\u2019Ajuntament de Barcelona, va presentar la dimissi\u00f3 per motius de salut com a conseq\u00fc\u00e8ncia de l\u2019afecci\u00f3 que pateix, associada a la s\u00edndrome de Meige. El doctor Luis Gil va explicar a Nius en qu\u00e8 consisteix aquesta malaltia. https:\/\/www.niusdiario.es\/espana\/catalunya\/20230829\/concejal-barcelona-rosa-alarcon-psc-dimite-meige-motivos-salud_18_010333539.html<\/p>\n","category_list_v2":"<a href=\"https:\/\/fundaciohospitalariesmartorell.org\/entre-tots\/category\/entre-noticies\/\" rel=\"category tag\">ENTRE NOT\u00cdCIES<\/a>","author_info_v2":{"name":"Sagrat Cor","url":"https:\/\/fundaciohospitalariesmartorell.org\/entre-tots\/author\/daniel\/"},"comments_num_v2":"0 comments","_links":{"self":[{"href":"https:\/\/fundaciohospitalariesmartorell.org\/entre-tots\/wp-json\/wp\/v2\/posts\/7068","targetHints":{"allow":["GET"]}}],"collection":[{"href":"https:\/\/fundaciohospitalariesmartorell.org\/entre-tots\/wp-json\/wp\/v2\/posts"}],"about":[{"href":"https:\/\/fundaciohospitalariesmartorell.org\/entre-tots\/wp-json\/wp\/v2\/types\/post"}],"author":[{"embeddable":true,"href":"https:\/\/fundaciohospitalariesmartorell.org\/entre-tots\/wp-json\/wp\/v2\/users\/2"}],"replies":[{"embeddable":true,"href":"https:\/\/fundaciohospitalariesmartorell.org\/entre-tots\/wp-json\/wp\/v2\/comments?post=7068"}],"version-history":[{"count":2,"href":"https:\/\/fundaciohospitalariesmartorell.org\/entre-tots\/wp-json\/wp\/v2\/posts\/7068\/revisions"}],"predecessor-version":[{"id":7070,"href":"https:\/\/fundaciohospitalariesmartorell.org\/entre-tots\/wp-json\/wp\/v2\/posts\/7068\/revisions\/7070"}],"wp:attachment":[{"href":"https:\/\/fundaciohospitalariesmartorell.org\/entre-tots\/wp-json\/wp\/v2\/media?parent=7068"}],"wp:term":[{"taxonomy":"category","embeddable":true,"href":"https:\/\/fundaciohospitalariesmartorell.org\/entre-tots\/wp-json\/wp\/v2\/categories?post=7068"},{"taxonomy":"post_tag","embeddable":true,"href":"https:\/\/fundaciohospitalariesmartorell.org\/entre-tots\/wp-json\/wp\/v2\/tags?post=7068"}],"curies":[{"name":"wp","href":"https:\/\/api.w.org\/{rel}","templated":true}]}}