{"id":7071,"date":"2023-09-30T07:00:48","date_gmt":"2023-09-30T05:00:48","guid":{"rendered":"https:\/\/hospitalsagratcormartorell.org\/entre-tots\/?p=7071"},"modified":"2023-10-02T22:54:10","modified_gmt":"2023-10-02T20:54:10","slug":"creix-la-llista-despera-per-accedir-al-psicoleg-per-lalta-demanda-i-la-falta-de-professionals","status":"publish","type":"post","link":"https:\/\/fundaciohospitalariesmartorell.org\/entre-tots\/2023\/09\/creix-la-llista-despera-per-accedir-al-psicoleg-per-lalta-demanda-i-la-falta-de-professionals\/","title":{"rendered":"Creix la llista d\u2019espera per accedir al psic\u00f2leg per l\u2019alta demanda i la falta de professionals"},"content":{"rendered":"\n<p>A RTV Vilafranca van explicar la falta de psic\u00f2legs a Catalunya, un problema que es va agreujar despr\u00e9s de la pand\u00e8mia. La doctora Pilar Muley, psiquiatra a l\u2019Hospital Sagrat Cor, va ser una de les expertes consultades per al reportatge.<\/p>\n\n\n\n<p><a href=\"https:\/\/www.rtvvilafranca.cat\/2023\/08\/creix-la-llista-despera-per-accedir-al-psicoleg-per-lalta-demanda-i-la-falta-de-professionals\/\">https:\/\/www.rtvvilafranca.cat\/2023\/08\/creix-la-llista-despera-per-accedir-al-psicoleg-per-lalta-demanda-i-la-falta-de-professionals\/<\/a><\/p>\n","protected":false},"excerpt":{"rendered":"<p>A RTV Vilafranca van explicar la falta de psic\u00f2legs a Catalunya, un problema que es va agreujar despr\u00e9s de la pand\u00e8mia. La doctora Pilar Muley, psiquiatra a l\u2019Hospital Sagrat Cor, va ser una de les expertes consultades per al reportatge. https:\/\/www.rtvvilafranca.cat\/2023\/08\/creix-la-llista-despera-per-accedir-al-psicoleg-per-lalta-demanda-i-la-falta-de-professionals\/<\/p>\n","protected":false},"author":2,"featured_media":0,"comment_status":"closed","ping_status":"closed","sticky":false,"template":"","format":"standard","meta":{"footnotes":""},"categories":[44],"tags":[],"class_list":["post-7071","post","type-post","status-publish","format-standard","hentry","category-entre-noticies"],"blocksy_meta":{"styles_descriptor":{"styles":{"desktop":"","tablet":"","mobile":""},"google_fonts":[],"version":6}},"featured_image_urls_v2":{"full":"","thumbnail":"","medium":"","medium_large":"","large":"","1536x1536":"","2048x2048":"","mailpoet_newsletter_max":""},"post_excerpt_stackable_v2":"<p>A RTV Vilafranca van explicar la falta de psic\u00f2legs a Catalunya, un problema que es va agreujar despr\u00e9s de la pand\u00e8mia. La doctora Pilar Muley, psiquiatra a l\u2019Hospital Sagrat Cor, va ser una de les expertes consultades per al reportatge. https:\/\/www.rtvvilafranca.cat\/2023\/08\/creix-la-llista-despera-per-accedir-al-psicoleg-per-lalta-demanda-i-la-falta-de-professionals\/<\/p>\n","category_list_v2":"<a href=\"https:\/\/fundaciohospitalariesmartorell.org\/entre-tots\/category\/entre-noticies\/\" rel=\"category tag\">ENTRE NOT\u00cdCIES<\/a>","author_info_v2":{"name":"Sagrat Cor","url":"https:\/\/fundaciohospitalariesmartorell.org\/entre-tots\/author\/daniel\/"},"comments_num_v2":"0 comments","_links":{"self":[{"href":"https:\/\/fundaciohospitalariesmartorell.org\/entre-tots\/wp-json\/wp\/v2\/posts\/7071","targetHints":{"allow":["GET"]}}],"collection":[{"href":"https:\/\/fundaciohospitalariesmartorell.org\/entre-tots\/wp-json\/wp\/v2\/posts"}],"about":[{"href":"https:\/\/fundaciohospitalariesmartorell.org\/entre-tots\/wp-json\/wp\/v2\/types\/post"}],"author":[{"embeddable":true,"href":"https:\/\/fundaciohospitalariesmartorell.org\/entre-tots\/wp-json\/wp\/v2\/users\/2"}],"replies":[{"embeddable":true,"href":"https:\/\/fundaciohospitalariesmartorell.org\/entre-tots\/wp-json\/wp\/v2\/comments?post=7071"}],"version-history":[{"count":3,"href":"https:\/\/fundaciohospitalariesmartorell.org\/entre-tots\/wp-json\/wp\/v2\/posts\/7071\/revisions"}],"predecessor-version":[{"id":7074,"href":"https:\/\/fundaciohospitalariesmartorell.org\/entre-tots\/wp-json\/wp\/v2\/posts\/7071\/revisions\/7074"}],"wp:attachment":[{"href":"https:\/\/fundaciohospitalariesmartorell.org\/entre-tots\/wp-json\/wp\/v2\/media?parent=7071"}],"wp:term":[{"taxonomy":"category","embeddable":true,"href":"https:\/\/fundaciohospitalariesmartorell.org\/entre-tots\/wp-json\/wp\/v2\/categories?post=7071"},{"taxonomy":"post_tag","embeddable":true,"href":"https:\/\/fundaciohospitalariesmartorell.org\/entre-tots\/wp-json\/wp\/v2\/tags?post=7071"}],"curies":[{"name":"wp","href":"https:\/\/api.w.org\/{rel}","templated":true}]}}