{"id":7075,"date":"2023-09-30T06:00:47","date_gmt":"2023-09-30T04:00:47","guid":{"rendered":"https:\/\/hospitalsagratcormartorell.org\/entre-tots\/?p=7075"},"modified":"2023-10-02T22:54:23","modified_gmt":"2023-10-02T20:54:23","slug":"la-inauguracio-del-nou-edifici-assistencial-a-catalunya-radio","status":"publish","type":"post","link":"https:\/\/fundaciohospitalariesmartorell.org\/entre-tots\/2023\/09\/la-inauguracio-del-nou-edifici-assistencial-a-catalunya-radio\/","title":{"rendered":"La inauguraci\u00f3 del nou edifici assistencial a Catalunya R\u00e0dio"},"content":{"rendered":"\n<p>Al programa <em>La tarda de Catalunya R\u00e0dio<\/em> es van fer ress\u00f2 de la inauguraci\u00f3 del nou edifici assistencial de l\u2019Hospital Sagrat Cor, que va tenir lloc el 6 de setembre i a la qual va acudir el conseller de Salut, Manel Balcells.<\/p>\n\n\n\n<p>Podeu escoltar la not\u00edcia <a href=\"https:\/\/hospitalsagratcormartorell.org\/entre-tots\/wp-content\/uploads\/2023\/09\/20230906-Catalunya-Radio-La-tarda-Inauguracio-nova-unitat-assistencial.mp3\" target=\"_blank\" rel=\"noreferrer noopener\">aqu\u00ed<\/a><\/p>\n","protected":false},"excerpt":{"rendered":"<p>Al programa La tarda de Catalunya R\u00e0dio es van fer ress\u00f2 de la inauguraci\u00f3 del nou edifici assistencial de l\u2019Hospital Sagrat Cor, que va tenir lloc el 6 de setembre i a la qual va acudir el conseller de Salut, Manel Balcells. Podeu escoltar la not\u00edcia aqu\u00ed<\/p>\n","protected":false},"author":2,"featured_media":0,"comment_status":"closed","ping_status":"closed","sticky":false,"template":"","format":"standard","meta":{"footnotes":""},"categories":[44],"tags":[],"class_list":["post-7075","post","type-post","status-publish","format-standard","hentry","category-entre-noticies"],"blocksy_meta":{"styles_descriptor":{"styles":{"desktop":"","tablet":"","mobile":""},"google_fonts":[],"version":6}},"featured_image_urls_v2":{"full":"","thumbnail":"","medium":"","medium_large":"","large":"","1536x1536":"","2048x2048":"","mailpoet_newsletter_max":""},"post_excerpt_stackable_v2":"<p>Al programa La tarda de Catalunya R\u00e0dio es van fer ress\u00f2 de la inauguraci\u00f3 del nou edifici assistencial de l\u2019Hospital Sagrat Cor, que va tenir lloc el 6 de setembre i a la qual va acudir el conseller de Salut, Manel Balcells. Podeu escoltar la not\u00edcia aqu\u00ed<\/p>\n","category_list_v2":"<a href=\"https:\/\/fundaciohospitalariesmartorell.org\/entre-tots\/category\/entre-noticies\/\" rel=\"category tag\">ENTRE NOT\u00cdCIES<\/a>","author_info_v2":{"name":"Sagrat Cor","url":"https:\/\/fundaciohospitalariesmartorell.org\/entre-tots\/author\/daniel\/"},"comments_num_v2":"0 comments","_links":{"self":[{"href":"https:\/\/fundaciohospitalariesmartorell.org\/entre-tots\/wp-json\/wp\/v2\/posts\/7075","targetHints":{"allow":["GET"]}}],"collection":[{"href":"https:\/\/fundaciohospitalariesmartorell.org\/entre-tots\/wp-json\/wp\/v2\/posts"}],"about":[{"href":"https:\/\/fundaciohospitalariesmartorell.org\/entre-tots\/wp-json\/wp\/v2\/types\/post"}],"author":[{"embeddable":true,"href":"https:\/\/fundaciohospitalariesmartorell.org\/entre-tots\/wp-json\/wp\/v2\/users\/2"}],"replies":[{"embeddable":true,"href":"https:\/\/fundaciohospitalariesmartorell.org\/entre-tots\/wp-json\/wp\/v2\/comments?post=7075"}],"version-history":[{"count":2,"href":"https:\/\/fundaciohospitalariesmartorell.org\/entre-tots\/wp-json\/wp\/v2\/posts\/7075\/revisions"}],"predecessor-version":[{"id":7078,"href":"https:\/\/fundaciohospitalariesmartorell.org\/entre-tots\/wp-json\/wp\/v2\/posts\/7075\/revisions\/7078"}],"wp:attachment":[{"href":"https:\/\/fundaciohospitalariesmartorell.org\/entre-tots\/wp-json\/wp\/v2\/media?parent=7075"}],"wp:term":[{"taxonomy":"category","embeddable":true,"href":"https:\/\/fundaciohospitalariesmartorell.org\/entre-tots\/wp-json\/wp\/v2\/categories?post=7075"},{"taxonomy":"post_tag","embeddable":true,"href":"https:\/\/fundaciohospitalariesmartorell.org\/entre-tots\/wp-json\/wp\/v2\/tags?post=7075"}],"curies":[{"name":"wp","href":"https:\/\/api.w.org\/{rel}","templated":true}]}}