{"id":7138,"date":"2023-09-29T05:00:18","date_gmt":"2023-09-29T03:00:18","guid":{"rendered":"https:\/\/hospitalsagratcormartorell.org\/entre-tots\/?p=7138"},"modified":"2023-10-03T13:23:23","modified_gmt":"2023-10-03T11:23:23","slug":"lhospital-sagrat-cor-disposa-dun-espai-de-silenci-interconfessional","status":"publish","type":"post","link":"https:\/\/fundaciohospitalariesmartorell.org\/entre-tots\/2023\/09\/lhospital-sagrat-cor-disposa-dun-espai-de-silenci-interconfessional\/","title":{"rendered":"L\u2019Hospital Sagrat Cor disposa d\u2019un espai de silenci\/interconfessional"},"content":{"rendered":"<figure class=\"wp-block-post-featured-image\"><img loading=\"lazy\" decoding=\"async\" width=\"2560\" height=\"2560\" src=\"https:\/\/fundaciohospitalariesmartorell.org\/entre-tots\/wp-content\/uploads\/2023\/10\/20230913_102953-scaled.jpg\" class=\"attachment-post-thumbnail size-post-thumbnail wp-post-image\" alt=\"\" style=\"object-fit:cover;\" srcset=\"https:\/\/fundaciohospitalariesmartorell.org\/entre-tots\/wp-content\/uploads\/2023\/10\/20230913_102953-scaled.jpg 2560w, https:\/\/fundaciohospitalariesmartorell.org\/entre-tots\/wp-content\/uploads\/2023\/10\/20230913_102953-300x300.jpg 300w, https:\/\/fundaciohospitalariesmartorell.org\/entre-tots\/wp-content\/uploads\/2023\/10\/20230913_102953-1024x1024.jpg 1024w, https:\/\/fundaciohospitalariesmartorell.org\/entre-tots\/wp-content\/uploads\/2023\/10\/20230913_102953-150x150.jpg 150w, https:\/\/fundaciohospitalariesmartorell.org\/entre-tots\/wp-content\/uploads\/2023\/10\/20230913_102953-768x768.jpg 768w, https:\/\/fundaciohospitalariesmartorell.org\/entre-tots\/wp-content\/uploads\/2023\/10\/20230913_102953-1536x1536.jpg 1536w, https:\/\/fundaciohospitalariesmartorell.org\/entre-tots\/wp-content\/uploads\/2023\/10\/20230913_102953-2048x2048.jpg 2048w, https:\/\/fundaciohospitalariesmartorell.org\/entre-tots\/wp-content\/uploads\/2023\/10\/20230913_102953-1320x1320.jpg 1320w\" sizes=\"auto, (max-width: 2560px) 100vw, 2560px\" \/><\/figure>\n\n\n<p>Des del servei PAER de l\u2019Hospital Sagrat Cor es va crear i posar en marxa, el passat mes de setembre, un espai de silenci\/interconfessional, ubicat a l\u2019edifici social del Centre. El seu objectiu \u00e9s oferir un \u00e0rea on abordar les necessitats espirituals de les diverses tradicions religioses, aix\u00ed com realitzar activitats assistencials amb persones usu\u00e0ries o de descans\/reflexi\u00f3\/meditaci\u00f3 per part del personal col\u00b7laborador.<\/p>\n\n\n\n<p>\u201cEl silenci \u00e9s un espai terap\u00e8utic que pot ser un recurs per a tota la comunitat hospital\u00e0ria i l\u2019atenci\u00f3 a la diversitat de tradicions religioses \u00e9s un valor que neix de l\u2019Hospitalitat\u201d, destaca Roberto Narvaiz, coordinador del Servei d\u2019Atenci\u00f3 Espiritual i Religiosa, i ide\u00f2leg d\u2019aquesta iniciativa.<\/p>\n\n\n\n<p>El 13 de setembre va tenir lloc una jornada de portes obertes a fi de donar a con\u00e8ixer l\u2019espai de silenci\/interconfessional, on ja s\u2019hi estan duent a terme algunes activitats amb pacients<\/p>\n","protected":false},"excerpt":{"rendered":"<p>Des del servei PAER de l\u2019Hospital Sagrat Cor es va crear i posar en marxa, el passat mes de setembre, un espai de silenci\/interconfessional, ubicat a l\u2019edifici social del Centre. El seu objectiu \u00e9s oferir un \u00e0rea on abordar les necessitats espirituals de les diverses tradicions religioses, aix\u00ed com realitzar activitats assistencials amb persones usu\u00e0ries [&hellip;]<\/p>\n","protected":false},"author":2,"featured_media":7140,"comment_status":"closed","ping_status":"closed","sticky":false,"template":"","format":"standard","meta":{"footnotes":""},"categories":[27],"tags":[],"class_list":["post-7138","post","type-post","status-publish","format-standard","has-post-thumbnail","hentry","category-actualitat"],"blocksy_meta":{"styles_descriptor":{"styles":{"desktop":"","tablet":"","mobile":""},"google_fonts":[],"version":6}},"featured_image_urls_v2":{"full":["https:\/\/fundaciohospitalariesmartorell.org\/entre-tots\/wp-content\/uploads\/2023\/10\/20230913_102953-scaled.jpg",2560,2560,false],"thumbnail":["https:\/\/fundaciohospitalariesmartorell.org\/entre-tots\/wp-content\/uploads\/2023\/10\/20230913_102953-150x150.jpg",150,150,true],"medium":["https:\/\/fundaciohospitalariesmartorell.org\/entre-tots\/wp-content\/uploads\/2023\/10\/20230913_102953-300x300.jpg",300,300,true],"medium_large":["https:\/\/fundaciohospitalariesmartorell.org\/entre-tots\/wp-content\/uploads\/2023\/10\/20230913_102953-768x768.jpg",768,768,true],"large":["https:\/\/fundaciohospitalariesmartorell.org\/entre-tots\/wp-content\/uploads\/2023\/10\/20230913_102953-1024x1024.jpg",1024,1024,true],"1536x1536":["https:\/\/fundaciohospitalariesmartorell.org\/entre-tots\/wp-content\/uploads\/2023\/10\/20230913_102953-1536x1536.jpg",1536,1536,true],"2048x2048":["https:\/\/fundaciohospitalariesmartorell.org\/entre-tots\/wp-content\/uploads\/2023\/10\/20230913_102953-2048x2048.jpg",2048,2048,true],"mailpoet_newsletter_max":["https:\/\/fundaciohospitalariesmartorell.org\/entre-tots\/wp-content\/uploads\/2023\/10\/20230913_102953-1320x1320.jpg",1320,1320,true]},"post_excerpt_stackable_v2":"<p>Des del servei PAER de l\u2019Hospital Sagrat Cor es va crear i posar en marxa, el passat mes de setembre, un espai de silenci\/interconfessional, ubicat a l\u2019edifici social del Centre. El seu objectiu \u00e9s oferir un \u00e0rea on abordar les necessitats espirituals de les diverses tradicions religioses, aix\u00ed com realitzar activitats assistencials amb persones usu\u00e0ries o de descans\/reflexi\u00f3\/meditaci\u00f3 per part del personal col\u00b7laborador. \u201cEl silenci \u00e9s un espai terap\u00e8utic que pot ser un recurs per a tota la comunitat hospital\u00e0ria i l\u2019atenci\u00f3 a la diversitat de tradicions religioses \u00e9s un valor que neix de l\u2019Hospitalitat\u201d, destaca Roberto Narvaiz, coordinador del&hellip;<\/p>\n","category_list_v2":"<a href=\"https:\/\/fundaciohospitalariesmartorell.org\/entre-tots\/category\/actualitat\/\" rel=\"category tag\">ACTUALITAT<\/a>","author_info_v2":{"name":"Sagrat Cor","url":"https:\/\/fundaciohospitalariesmartorell.org\/entre-tots\/author\/daniel\/"},"comments_num_v2":"0 comments","_links":{"self":[{"href":"https:\/\/fundaciohospitalariesmartorell.org\/entre-tots\/wp-json\/wp\/v2\/posts\/7138","targetHints":{"allow":["GET"]}}],"collection":[{"href":"https:\/\/fundaciohospitalariesmartorell.org\/entre-tots\/wp-json\/wp\/v2\/posts"}],"about":[{"href":"https:\/\/fundaciohospitalariesmartorell.org\/entre-tots\/wp-json\/wp\/v2\/types\/post"}],"author":[{"embeddable":true,"href":"https:\/\/fundaciohospitalariesmartorell.org\/entre-tots\/wp-json\/wp\/v2\/users\/2"}],"replies":[{"embeddable":true,"href":"https:\/\/fundaciohospitalariesmartorell.org\/entre-tots\/wp-json\/wp\/v2\/comments?post=7138"}],"version-history":[{"count":6,"href":"https:\/\/fundaciohospitalariesmartorell.org\/entre-tots\/wp-json\/wp\/v2\/posts\/7138\/revisions"}],"predecessor-version":[{"id":7207,"href":"https:\/\/fundaciohospitalariesmartorell.org\/entre-tots\/wp-json\/wp\/v2\/posts\/7138\/revisions\/7207"}],"wp:featuredmedia":[{"embeddable":true,"href":"https:\/\/fundaciohospitalariesmartorell.org\/entre-tots\/wp-json\/wp\/v2\/media\/7140"}],"wp:attachment":[{"href":"https:\/\/fundaciohospitalariesmartorell.org\/entre-tots\/wp-json\/wp\/v2\/media?parent=7138"}],"wp:term":[{"taxonomy":"category","embeddable":true,"href":"https:\/\/fundaciohospitalariesmartorell.org\/entre-tots\/wp-json\/wp\/v2\/categories?post=7138"},{"taxonomy":"post_tag","embeddable":true,"href":"https:\/\/fundaciohospitalariesmartorell.org\/entre-tots\/wp-json\/wp\/v2\/tags?post=7138"}],"curies":[{"name":"wp","href":"https:\/\/api.w.org\/{rel}","templated":true}]}}