{"id":7142,"date":"2023-09-29T06:00:43","date_gmt":"2023-09-29T04:00:43","guid":{"rendered":"https:\/\/hospitalsagratcormartorell.org\/entre-tots\/?p=7142"},"modified":"2023-10-02T22:43:21","modified_gmt":"2023-10-02T20:43:21","slug":"som-referents-en-psicogeriatria-en-un-reportatge-sobre-suicidis-i-depressions-a-la-tercera-edat","status":"publish","type":"post","link":"https:\/\/fundaciohospitalariesmartorell.org\/entre-tots\/2023\/09\/som-referents-en-psicogeriatria-en-un-reportatge-sobre-suicidis-i-depressions-a-la-tercera-edat\/","title":{"rendered":"Som referents en Psicogeriatria en un reportatge sobre su\u00efcidis i depressions a la tercera edat"},"content":{"rendered":"<figure class=\"wp-block-post-featured-image\"><img loading=\"lazy\" decoding=\"async\" width=\"2048\" height=\"1900\" src=\"https:\/\/fundaciohospitalariesmartorell.org\/entre-tots\/wp-content\/uploads\/2023\/10\/IMG-20231002-WA0068.jpg\" class=\"attachment-post-thumbnail size-post-thumbnail wp-post-image\" alt=\"\" style=\"object-fit:cover;\" srcset=\"https:\/\/fundaciohospitalariesmartorell.org\/entre-tots\/wp-content\/uploads\/2023\/10\/IMG-20231002-WA0068.jpg 2048w, https:\/\/fundaciohospitalariesmartorell.org\/entre-tots\/wp-content\/uploads\/2023\/10\/IMG-20231002-WA0068-300x278.jpg 300w, https:\/\/fundaciohospitalariesmartorell.org\/entre-tots\/wp-content\/uploads\/2023\/10\/IMG-20231002-WA0068-1024x950.jpg 1024w, https:\/\/fundaciohospitalariesmartorell.org\/entre-tots\/wp-content\/uploads\/2023\/10\/IMG-20231002-WA0068-768x713.jpg 768w, https:\/\/fundaciohospitalariesmartorell.org\/entre-tots\/wp-content\/uploads\/2023\/10\/IMG-20231002-WA0068-1536x1425.jpg 1536w, https:\/\/fundaciohospitalariesmartorell.org\/entre-tots\/wp-content\/uploads\/2023\/10\/IMG-20231002-WA0068-1320x1225.jpg 1320w\" sizes=\"auto, (max-width: 2048px) 100vw, 2048px\" \/><\/figure>\n\n\n<p>Una periodista i una fot\u00f2grafa de&nbsp;<em>El Peri\u00f3dico<\/em>&nbsp;es van despla\u00e7ar el mes de setembre a l\u2019Hospital Sagrat Cor per elaborar un reportatge d\u2019un tema molt rellevant i encara bastant desconegut: els problemes de salut mental en gent gran.&nbsp;<\/p>\n\n\n\n<p>Per a la pe\u00e7a informativa van recollir declaracions del doctor Manel S\u00e1nchez, subdirector m\u00e8dic i coordinador d\u2019hospitalitzaci\u00f3 i de psiquiatria geri\u00e0trica del nostre Centre, i, tamb\u00e9, president de la Societat Espanyola de Psicogeriatria.&nbsp;<\/p>\n\n\n\n<p>El Dr. S\u00e1nchez assenyala en la cr\u00f2nica que la psicogeriatria segueix sense tenir el reconeixement necessari al nostre pa\u00eds i que, malgrat l\u2019alta prevalen\u00e7a de problemes de salut mental en gent gran, encara hi ha una enorme dificultat per oferir una atenci\u00f3 especialitzada per manca de recursos. De fet, l\u2019Hospital Sagrat Cor disposa de l\u2019\u00fanica unitat d\u2019aguts de psiquiatria geri\u00e0trica de Catalunya. A nivell de tot l\u2019Estat nom\u00e9s n\u2019hi ha dues, la primera que es va crear va ser la nostra i, la segona, a l\u2019hospital Dr. R.&nbsp;Lafora&nbsp;de Madrid.&nbsp;&nbsp;<\/p>\n\n\n\n<p>La not\u00edcia tamb\u00e9 recull&nbsp;declaracions d&#8217;una usu\u00e0ria que va estar ingressada al nostre Centre&nbsp;i que va accedir a donar el seu testimoni al mitj\u00e0 de comunicaci\u00f3, junt amb el seu fill, a fi que es visualitzi una realitat tan freq\u00fcent com invisible.&nbsp;<\/p>\n\n\n\n<p>Podeu accedir al reportatge, publicat el 26 de setembre, als seg\u00fcents enlla\u00e7os:&nbsp;<\/p>\n\n\n\n<p><a href=\"https:\/\/www.elperiodico.com\/es\/sociedad\/20230926\/testimonio-tercera-edad-intentos-suicidio-salud-mental-92545716\" target=\"_blank\" rel=\"noreferrer noopener\">&#8220;Tengo 74 a\u00f1os y me he intentado suicidar dos veces: perd\u00ed la ilusi\u00f3n de vivir&#8221;<\/a>&nbsp;<\/p>\n\n\n\n<p><a href=\"https:\/\/www.elperiodico.com\/es\/sociedad\/20230926\/suicidios-depresion-disparan-salud-mental-mayores-ancianos-soledad-92546771\" target=\"_blank\" rel=\"noreferrer noopener\">Los suicidios y depresiones se disparan a partir de los 70 a\u00f1os: &#8220;Se sienten abandonados por la sociedad&#8221;<\/a>&nbsp;<\/p>\n","protected":false},"excerpt":{"rendered":"<p>Una periodista i una fot\u00f2grafa de&nbsp;El Peri\u00f3dico&nbsp;es van despla\u00e7ar el mes de setembre a l\u2019Hospital Sagrat Cor per elaborar un reportatge d\u2019un tema molt rellevant i encara bastant desconegut: els problemes de salut mental en gent gran.&nbsp; Per a la pe\u00e7a informativa van recollir declaracions del doctor Manel S\u00e1nchez, subdirector m\u00e8dic i coordinador d\u2019hospitalitzaci\u00f3 i [&hellip;]<\/p>\n","protected":false},"author":2,"featured_media":7144,"comment_status":"closed","ping_status":"closed","sticky":false,"template":"","format":"standard","meta":{"footnotes":""},"categories":[27],"tags":[],"class_list":["post-7142","post","type-post","status-publish","format-standard","has-post-thumbnail","hentry","category-actualitat"],"blocksy_meta":{"styles_descriptor":{"styles":{"desktop":"","tablet":"","mobile":""},"google_fonts":[],"version":6}},"featured_image_urls_v2":{"full":["https:\/\/fundaciohospitalariesmartorell.org\/entre-tots\/wp-content\/uploads\/2023\/10\/IMG-20231002-WA0068.jpg",2048,1900,false],"thumbnail":["https:\/\/fundaciohospitalariesmartorell.org\/entre-tots\/wp-content\/uploads\/2023\/10\/IMG-20231002-WA0068-150x150.jpg",150,150,true],"medium":["https:\/\/fundaciohospitalariesmartorell.org\/entre-tots\/wp-content\/uploads\/2023\/10\/IMG-20231002-WA0068-300x278.jpg",300,278,true],"medium_large":["https:\/\/fundaciohospitalariesmartorell.org\/entre-tots\/wp-content\/uploads\/2023\/10\/IMG-20231002-WA0068-768x713.jpg",768,713,true],"large":["https:\/\/fundaciohospitalariesmartorell.org\/entre-tots\/wp-content\/uploads\/2023\/10\/IMG-20231002-WA0068-1024x950.jpg",1024,950,true],"1536x1536":["https:\/\/fundaciohospitalariesmartorell.org\/entre-tots\/wp-content\/uploads\/2023\/10\/IMG-20231002-WA0068-1536x1425.jpg",1536,1425,true],"2048x2048":["https:\/\/fundaciohospitalariesmartorell.org\/entre-tots\/wp-content\/uploads\/2023\/10\/IMG-20231002-WA0068.jpg",2048,1900,false],"mailpoet_newsletter_max":["https:\/\/fundaciohospitalariesmartorell.org\/entre-tots\/wp-content\/uploads\/2023\/10\/IMG-20231002-WA0068-1320x1225.jpg",1320,1225,true]},"post_excerpt_stackable_v2":"<p>Una periodista i una fot\u00f2grafa de&nbsp;El Peri\u00f3dico&nbsp;es van despla\u00e7ar el mes de setembre a l\u2019Hospital Sagrat Cor per elaborar un reportatge d\u2019un tema molt rellevant i encara bastant desconegut: els problemes de salut mental en gent gran.&nbsp; Per a la pe\u00e7a informativa van recollir declaracions del doctor Manel S\u00e1nchez, subdirector m\u00e8dic i coordinador d\u2019hospitalitzaci\u00f3 i de psiquiatria geri\u00e0trica del nostre Centre, i, tamb\u00e9, president de la Societat Espanyola de Psicogeriatria.&nbsp; El Dr. S\u00e1nchez assenyala en la cr\u00f2nica que la psicogeriatria segueix sense tenir el reconeixement necessari al nostre pa\u00eds i que, malgrat l\u2019alta prevalen\u00e7a de problemes de salut mental en&hellip;<\/p>\n","category_list_v2":"<a href=\"https:\/\/fundaciohospitalariesmartorell.org\/entre-tots\/category\/actualitat\/\" rel=\"category tag\">ACTUALITAT<\/a>","author_info_v2":{"name":"Sagrat Cor","url":"https:\/\/fundaciohospitalariesmartorell.org\/entre-tots\/author\/daniel\/"},"comments_num_v2":"0 comments","_links":{"self":[{"href":"https:\/\/fundaciohospitalariesmartorell.org\/entre-tots\/wp-json\/wp\/v2\/posts\/7142","targetHints":{"allow":["GET"]}}],"collection":[{"href":"https:\/\/fundaciohospitalariesmartorell.org\/entre-tots\/wp-json\/wp\/v2\/posts"}],"about":[{"href":"https:\/\/fundaciohospitalariesmartorell.org\/entre-tots\/wp-json\/wp\/v2\/types\/post"}],"author":[{"embeddable":true,"href":"https:\/\/fundaciohospitalariesmartorell.org\/entre-tots\/wp-json\/wp\/v2\/users\/2"}],"replies":[{"embeddable":true,"href":"https:\/\/fundaciohospitalariesmartorell.org\/entre-tots\/wp-json\/wp\/v2\/comments?post=7142"}],"version-history":[{"count":4,"href":"https:\/\/fundaciohospitalariesmartorell.org\/entre-tots\/wp-json\/wp\/v2\/posts\/7142\/revisions"}],"predecessor-version":[{"id":7176,"href":"https:\/\/fundaciohospitalariesmartorell.org\/entre-tots\/wp-json\/wp\/v2\/posts\/7142\/revisions\/7176"}],"wp:featuredmedia":[{"embeddable":true,"href":"https:\/\/fundaciohospitalariesmartorell.org\/entre-tots\/wp-json\/wp\/v2\/media\/7144"}],"wp:attachment":[{"href":"https:\/\/fundaciohospitalariesmartorell.org\/entre-tots\/wp-json\/wp\/v2\/media?parent=7142"}],"wp:term":[{"taxonomy":"category","embeddable":true,"href":"https:\/\/fundaciohospitalariesmartorell.org\/entre-tots\/wp-json\/wp\/v2\/categories?post=7142"},{"taxonomy":"post_tag","embeddable":true,"href":"https:\/\/fundaciohospitalariesmartorell.org\/entre-tots\/wp-json\/wp\/v2\/tags?post=7142"}],"curies":[{"name":"wp","href":"https:\/\/api.w.org\/{rel}","templated":true}]}}