{"id":7233,"date":"2023-10-28T19:51:19","date_gmt":"2023-10-28T17:51:19","guid":{"rendered":"https:\/\/hospitalsagratcormartorell.org\/entre-tots\/?p=7233"},"modified":"2023-10-31T11:07:23","modified_gmt":"2023-10-31T09:07:23","slug":"participem-en-lelaboracio-dun-document-de-consens-per-a-la-rehabilitacio-dadults-amb-lesio-cerebral-sobrevinguda","status":"publish","type":"post","link":"https:\/\/fundaciohospitalariesmartorell.org\/entre-tots\/2023\/10\/participem-en-lelaboracio-dun-document-de-consens-per-a-la-rehabilitacio-dadults-amb-lesio-cerebral-sobrevinguda\/","title":{"rendered":"Participem en l\u2019elaboraci\u00f3 d\u2019un document de consens per a la rehabilitaci\u00f3 d\u2019adults amb lesi\u00f3 cerebral sobrevinguda"},"content":{"rendered":"<figure class=\"wp-block-post-featured-image\"><img loading=\"lazy\" decoding=\"async\" width=\"2140\" height=\"1452\" src=\"https:\/\/fundaciohospitalariesmartorell.org\/entre-tots\/wp-content\/uploads\/2023\/10\/Captura-de-pantalla-2023-10-28-a-les-19.50.57.jpg\" class=\"attachment-post-thumbnail size-post-thumbnail wp-post-image\" alt=\"\" style=\"object-fit:cover;\" srcset=\"https:\/\/fundaciohospitalariesmartorell.org\/entre-tots\/wp-content\/uploads\/2023\/10\/Captura-de-pantalla-2023-10-28-a-les-19.50.57.jpg 2140w, https:\/\/fundaciohospitalariesmartorell.org\/entre-tots\/wp-content\/uploads\/2023\/10\/Captura-de-pantalla-2023-10-28-a-les-19.50.57-300x204.jpg 300w, https:\/\/fundaciohospitalariesmartorell.org\/entre-tots\/wp-content\/uploads\/2023\/10\/Captura-de-pantalla-2023-10-28-a-les-19.50.57-1024x695.jpg 1024w, https:\/\/fundaciohospitalariesmartorell.org\/entre-tots\/wp-content\/uploads\/2023\/10\/Captura-de-pantalla-2023-10-28-a-les-19.50.57-768x521.jpg 768w, https:\/\/fundaciohospitalariesmartorell.org\/entre-tots\/wp-content\/uploads\/2023\/10\/Captura-de-pantalla-2023-10-28-a-les-19.50.57-1536x1042.jpg 1536w, https:\/\/fundaciohospitalariesmartorell.org\/entre-tots\/wp-content\/uploads\/2023\/10\/Captura-de-pantalla-2023-10-28-a-les-19.50.57-2048x1390.jpg 2048w, https:\/\/fundaciohospitalariesmartorell.org\/entre-tots\/wp-content\/uploads\/2023\/10\/Captura-de-pantalla-2023-10-28-a-les-19.50.57-1320x896.jpg 1320w\" sizes=\"auto, (max-width: 2140px) 100vw, 2140px\" \/><\/figure>\n\n\n<p>El 27 de setembre va tenir lloc a la Casa Provincial de l\u2019Hospital Beata Mar\u00eda Ana de Madrid la primera reuni\u00f3 dels fisioterapeutes i especialistes en Rehabilitaci\u00f3 i Medicina F\u00edsica dels diferents centres de la Xarxa Menni de Dany Cerebral&nbsp; de Germanes Hospital\u00e0ries. Aquests professionals han creat un grup de treball per intercanviar coneixements i acordar les millors pr\u00e0ctiques i tenen l\u2019objectiu d\u2019elaborar un document de consens sobre com s\u2019ha de treballar des de l\u2019\u00c0rea de Fisioter\u00e0pia en el proc\u00e9s de rehabilitaci\u00f3 de persones adultes amb lesi\u00f3 cerebral sobrevinguda, especialment l\u2019ictus, en el conjunt dels Serveis de Neurorehabilitaci\u00f3 de la Xarxa Menni. Entre els professionals que s\u2019hi van reunir hi havia Juan Antonio Guzm\u00e1n, fisioterapeuta responsable del Servei de Rehabilitaci\u00f3 F\u00edsica de l\u2019Hospital Sagrat Cor.<\/p>\n\n\n\n<p>Va ser una trobada interdisciplin\u00e0ria productiva i enriquidora, que va suposar un primer pas per continuar treballant en temes tan importants com la determinaci\u00f3 dels protocols m\u00e9s habituals, com per exemple la rehabilitaci\u00f3 de la marxa, les transfer\u00e8ncies, l\u2019espatlla dolorosa o la prevenci\u00f3 de caigudes, aix\u00ed com l\u2019avaluaci\u00f3 dels resultats i l\u2019\u00fas de la tecnologia, entre d\u2019altres.<\/p>\n\n\n\n<p>Aquesta cita va permetre la creaci\u00f3 de grups de treball amb objectius ambiciosos, moderats pel doctor Ignacio Quemada, director de la Xarxa Menni de Dany Cerebral. El primer grup far\u00e0 l\u2019avaluaci\u00f3 b\u00e0sica a l\u2019\u00c0rea de Fisioter\u00e0pia de Pacients amb Dany Cerebral Adquirit, mentre que el segon s\u2019encarregar\u00e0 de crear una guia d\u2019objectius per a la rehabilitaci\u00f3 d\u2019aquests pacients.<\/p>\n\n\n\n<p>\u201cL\u2019objectiu en ambd\u00f3s casos \u00e9s la creaci\u00f3 d\u2019un document que descrigui amb claredat el m\u00e8tode d\u2019avaluaci\u00f3 i el llistat d\u2019objectius, plantejant un per\u00edode de treball d\u2019entre sis i nou mesos, que ha d\u2019acabar abans de l\u2019estiu del 2024\u201d, destaca Juan Antonio Guzm\u00e1n. Tamb\u00e9 afegeix que \u00e9s la primera vegada que l\u2019Hospital Sagrat Cor participa activament en l\u2019elaboraci\u00f3 de guies per a l\u2019avaluaci\u00f3 i la rehabilitaci\u00f3 dels pacients amb dany cerebral adquirit. \u201cTot aix\u00f2 pret\u00e9n proporcionar la millor atenci\u00f3 possible als diferents centres hospitalaris i ambulatoris de qu\u00e8 disposem\u201d, afegeix, i tamb\u00e9 destaca com aquestes guies facilitaran la formaci\u00f3 dels professionals que es vagin incorporant als diversos centres de la Xarxa Menni.<\/p>\n","protected":false},"excerpt":{"rendered":"<p>El 27 de setembre va tenir lloc a la Casa Provincial de l\u2019Hospital Beata Mar\u00eda Ana de Madrid la primera reuni\u00f3 dels fisioterapeutes i especialistes en Rehabilitaci\u00f3 i Medicina F\u00edsica dels diferents centres de la Xarxa Menni de Dany Cerebral&nbsp; de Germanes Hospital\u00e0ries. Aquests professionals han creat un grup de treball per intercanviar coneixements i [&hellip;]<\/p>\n","protected":false},"author":2,"featured_media":7236,"comment_status":"closed","ping_status":"closed","sticky":false,"template":"","format":"standard","meta":{"footnotes":""},"categories":[27],"tags":[],"class_list":["post-7233","post","type-post","status-publish","format-standard","has-post-thumbnail","hentry","category-actualitat"],"blocksy_meta":{"styles_descriptor":{"styles":{"desktop":"","tablet":"","mobile":""},"google_fonts":[],"version":6}},"featured_image_urls_v2":{"full":["https:\/\/fundaciohospitalariesmartorell.org\/entre-tots\/wp-content\/uploads\/2023\/10\/Captura-de-pantalla-2023-10-28-a-les-19.50.57.jpg",2140,1452,false],"thumbnail":["https:\/\/fundaciohospitalariesmartorell.org\/entre-tots\/wp-content\/uploads\/2023\/10\/Captura-de-pantalla-2023-10-28-a-les-19.50.57-150x150.jpg",150,150,true],"medium":["https:\/\/fundaciohospitalariesmartorell.org\/entre-tots\/wp-content\/uploads\/2023\/10\/Captura-de-pantalla-2023-10-28-a-les-19.50.57-300x204.jpg",300,204,true],"medium_large":["https:\/\/fundaciohospitalariesmartorell.org\/entre-tots\/wp-content\/uploads\/2023\/10\/Captura-de-pantalla-2023-10-28-a-les-19.50.57-768x521.jpg",768,521,true],"large":["https:\/\/fundaciohospitalariesmartorell.org\/entre-tots\/wp-content\/uploads\/2023\/10\/Captura-de-pantalla-2023-10-28-a-les-19.50.57-1024x695.jpg",1024,695,true],"1536x1536":["https:\/\/fundaciohospitalariesmartorell.org\/entre-tots\/wp-content\/uploads\/2023\/10\/Captura-de-pantalla-2023-10-28-a-les-19.50.57-1536x1042.jpg",1536,1042,true],"2048x2048":["https:\/\/fundaciohospitalariesmartorell.org\/entre-tots\/wp-content\/uploads\/2023\/10\/Captura-de-pantalla-2023-10-28-a-les-19.50.57-2048x1390.jpg",2048,1390,true],"mailpoet_newsletter_max":["https:\/\/fundaciohospitalariesmartorell.org\/entre-tots\/wp-content\/uploads\/2023\/10\/Captura-de-pantalla-2023-10-28-a-les-19.50.57-1320x896.jpg",1320,896,true]},"post_excerpt_stackable_v2":"<p>El 27 de setembre va tenir lloc a la Casa Provincial de l\u2019Hospital Beata Mar\u00eda Ana de Madrid la primera reuni\u00f3 dels fisioterapeutes i especialistes en Rehabilitaci\u00f3 i Medicina F\u00edsica dels diferents centres de la Xarxa Menni de Dany Cerebral&nbsp; de Germanes Hospital\u00e0ries. Aquests professionals han creat un grup de treball per intercanviar coneixements i acordar les millors pr\u00e0ctiques i tenen l\u2019objectiu d\u2019elaborar un document de consens sobre com s\u2019ha de treballar des de l\u2019\u00c0rea de Fisioter\u00e0pia en el proc\u00e9s de rehabilitaci\u00f3 de persones adultes amb lesi\u00f3 cerebral sobrevinguda, especialment l\u2019ictus, en el conjunt dels Serveis de Neurorehabilitaci\u00f3 de la&hellip;<\/p>\n","category_list_v2":"<a href=\"https:\/\/fundaciohospitalariesmartorell.org\/entre-tots\/category\/actualitat\/\" rel=\"category tag\">ACTUALITAT<\/a>","author_info_v2":{"name":"Sagrat Cor","url":"https:\/\/fundaciohospitalariesmartorell.org\/entre-tots\/author\/daniel\/"},"comments_num_v2":"0 comments","_links":{"self":[{"href":"https:\/\/fundaciohospitalariesmartorell.org\/entre-tots\/wp-json\/wp\/v2\/posts\/7233","targetHints":{"allow":["GET"]}}],"collection":[{"href":"https:\/\/fundaciohospitalariesmartorell.org\/entre-tots\/wp-json\/wp\/v2\/posts"}],"about":[{"href":"https:\/\/fundaciohospitalariesmartorell.org\/entre-tots\/wp-json\/wp\/v2\/types\/post"}],"author":[{"embeddable":true,"href":"https:\/\/fundaciohospitalariesmartorell.org\/entre-tots\/wp-json\/wp\/v2\/users\/2"}],"replies":[{"embeddable":true,"href":"https:\/\/fundaciohospitalariesmartorell.org\/entre-tots\/wp-json\/wp\/v2\/comments?post=7233"}],"version-history":[{"count":3,"href":"https:\/\/fundaciohospitalariesmartorell.org\/entre-tots\/wp-json\/wp\/v2\/posts\/7233\/revisions"}],"predecessor-version":[{"id":7418,"href":"https:\/\/fundaciohospitalariesmartorell.org\/entre-tots\/wp-json\/wp\/v2\/posts\/7233\/revisions\/7418"}],"wp:featuredmedia":[{"embeddable":true,"href":"https:\/\/fundaciohospitalariesmartorell.org\/entre-tots\/wp-json\/wp\/v2\/media\/7236"}],"wp:attachment":[{"href":"https:\/\/fundaciohospitalariesmartorell.org\/entre-tots\/wp-json\/wp\/v2\/media?parent=7233"}],"wp:term":[{"taxonomy":"category","embeddable":true,"href":"https:\/\/fundaciohospitalariesmartorell.org\/entre-tots\/wp-json\/wp\/v2\/categories?post=7233"},{"taxonomy":"post_tag","embeddable":true,"href":"https:\/\/fundaciohospitalariesmartorell.org\/entre-tots\/wp-json\/wp\/v2\/tags?post=7233"}],"curies":[{"name":"wp","href":"https:\/\/api.w.org\/{rel}","templated":true}]}}