{"id":7238,"date":"2023-10-28T19:53:27","date_gmt":"2023-10-28T17:53:27","guid":{"rendered":"https:\/\/hospitalsagratcormartorell.org\/entre-tots\/?p=7238"},"modified":"2023-10-31T12:57:20","modified_gmt":"2023-10-31T10:57:20","slug":"lhospital-sagrat-cor-present-a-les-ii-jornades-de-formadors-en-el-marc-didentitat","status":"publish","type":"post","link":"https:\/\/fundaciohospitalariesmartorell.org\/entre-tots\/2023\/10\/lhospital-sagrat-cor-present-a-les-ii-jornades-de-formadors-en-el-marc-didentitat\/","title":{"rendered":"L\u2019Hospital Sagrat Cor, present a les II Jornades de Formadors en el Marc d\u2019Identitat"},"content":{"rendered":"<figure class=\"wp-block-post-featured-image\"><img loading=\"lazy\" decoding=\"async\" width=\"2560\" height=\"1595\" src=\"https:\/\/fundaciohospitalariesmartorell.org\/entre-tots\/wp-content\/uploads\/2023\/10\/Captura-de-pantalla-2023-10-28-a-les-19.52.13-scaled.jpg\" class=\"attachment-post-thumbnail size-post-thumbnail wp-post-image\" alt=\"\" style=\"object-fit:cover;\" srcset=\"https:\/\/fundaciohospitalariesmartorell.org\/entre-tots\/wp-content\/uploads\/2023\/10\/Captura-de-pantalla-2023-10-28-a-les-19.52.13-scaled.jpg 2560w, https:\/\/fundaciohospitalariesmartorell.org\/entre-tots\/wp-content\/uploads\/2023\/10\/Captura-de-pantalla-2023-10-28-a-les-19.52.13-300x187.jpg 300w, https:\/\/fundaciohospitalariesmartorell.org\/entre-tots\/wp-content\/uploads\/2023\/10\/Captura-de-pantalla-2023-10-28-a-les-19.52.13-1024x638.jpg 1024w, https:\/\/fundaciohospitalariesmartorell.org\/entre-tots\/wp-content\/uploads\/2023\/10\/Captura-de-pantalla-2023-10-28-a-les-19.52.13-768x479.jpg 768w, https:\/\/fundaciohospitalariesmartorell.org\/entre-tots\/wp-content\/uploads\/2023\/10\/Captura-de-pantalla-2023-10-28-a-les-19.52.13-1536x957.jpg 1536w, https:\/\/fundaciohospitalariesmartorell.org\/entre-tots\/wp-content\/uploads\/2023\/10\/Captura-de-pantalla-2023-10-28-a-les-19.52.13-2048x1276.jpg 2048w, https:\/\/fundaciohospitalariesmartorell.org\/entre-tots\/wp-content\/uploads\/2023\/10\/Captura-de-pantalla-2023-10-28-a-les-19.52.13-1320x822.jpg 1320w\" sizes=\"auto, (max-width: 2560px) 100vw, 2560px\" \/><\/figure>\n\n\n<p>Del 4 al 6 d\u2019octubre va tenir lloc a les oficines centrals de Germanes Hospital\u00e0ries de Madrid la darrera sessi\u00f3 de les II Jornades de Formadors en el Marc d\u2019Identitat. Les anteriors van tenir lloc al mar\u00e7 i al juny d\u2019aquest mateix any. D\u2019aquesta manera es completa una formaci\u00f3 en qu\u00e8, a m\u00e9s d\u2019adquirir coneixements te\u00f2rics, s\u2019ha potenciat la vinculaci\u00f3 dels assistents amb la identitat hospital\u00e0ria. Per part de l\u2019Hospital Sagrat Cor hi va assistir Gloria L\u00f3pez, treballadora social del Centre de Salut Mental Infantojuvenil de Martorell.<\/p>\n\n\n\n<p>Al llarg del curs, els participants van con\u00e8ixer el Pla General de Formaci\u00f3 en el Marc d\u2019Identitat i el seu paper fonamental, i van reflexionar sobre els reptes que se\u2019ls plantegen com a nous formadors. Tamb\u00e9 se\u2019ls van oferir eines b\u00e0siques, sobretot de comunicaci\u00f3, per transmetre els vuit valors fonamentals que defineixen la missi\u00f3 i la visi\u00f3 de la nostra Instituci\u00f3, i que li atorguen un car\u00e0cter \u00fanic i definitori. Es van centrar sobretot en la import\u00e0ncia de la transmissi\u00f3 del valor de l\u2019Hospitalitat a l\u2019hora d\u2019exercir la seva tasca assistencial.<\/p>\n\n\n\n<p>En aquestes jornades, els participants tamb\u00e9 van poder trobar-se amb els primers formadors locals que van assistir a la jornada anterior, del 2017, per crear entre tots una xarxa de treball conjunt. Els participants tamb\u00e9 es van encarregar de fer diverses presentacions, centrades en els diferents valors que conformen la identitat de Germanes Hospital\u00e0ries. Un cop acabades aquestes jornades, els nous formadors oferiran suport i col\u00b7laboraci\u00f3 als que ja hi ha per dur a terme les diferents formacions, establertes en tres nivells diferents: un primer nivell per a les noves incorporacions, on seran iniciats en els valors de la Instituci\u00f3; un segon nivell per a incorporacions que ja fa sis mesos que treballen en l\u2019objectiu d\u2019assentar coneixements, i un tercer nivell per a les incorporacions que ja tenen entre un i dos anys d\u2019experi\u00e8ncia, per aprofundir en tot plegat.<\/p>\n","protected":false},"excerpt":{"rendered":"<p>Del 4 al 6 d\u2019octubre va tenir lloc a les oficines centrals de Germanes Hospital\u00e0ries de Madrid la darrera sessi\u00f3 de les II Jornades de Formadors en el Marc d\u2019Identitat. Les anteriors van tenir lloc al mar\u00e7 i al juny d\u2019aquest mateix any. D\u2019aquesta manera es completa una formaci\u00f3 en qu\u00e8, a m\u00e9s d\u2019adquirir coneixements [&hellip;]<\/p>\n","protected":false},"author":2,"featured_media":7240,"comment_status":"closed","ping_status":"closed","sticky":false,"template":"","format":"standard","meta":{"footnotes":""},"categories":[27],"tags":[],"class_list":["post-7238","post","type-post","status-publish","format-standard","has-post-thumbnail","hentry","category-actualitat"],"blocksy_meta":{"styles_descriptor":{"styles":{"desktop":"","tablet":"","mobile":""},"google_fonts":[],"version":6}},"featured_image_urls_v2":{"full":["https:\/\/fundaciohospitalariesmartorell.org\/entre-tots\/wp-content\/uploads\/2023\/10\/Captura-de-pantalla-2023-10-28-a-les-19.52.13-scaled.jpg",2560,1595,false],"thumbnail":["https:\/\/fundaciohospitalariesmartorell.org\/entre-tots\/wp-content\/uploads\/2023\/10\/Captura-de-pantalla-2023-10-28-a-les-19.52.13-150x150.jpg",150,150,true],"medium":["https:\/\/fundaciohospitalariesmartorell.org\/entre-tots\/wp-content\/uploads\/2023\/10\/Captura-de-pantalla-2023-10-28-a-les-19.52.13-300x187.jpg",300,187,true],"medium_large":["https:\/\/fundaciohospitalariesmartorell.org\/entre-tots\/wp-content\/uploads\/2023\/10\/Captura-de-pantalla-2023-10-28-a-les-19.52.13-768x479.jpg",768,479,true],"large":["https:\/\/fundaciohospitalariesmartorell.org\/entre-tots\/wp-content\/uploads\/2023\/10\/Captura-de-pantalla-2023-10-28-a-les-19.52.13-1024x638.jpg",1024,638,true],"1536x1536":["https:\/\/fundaciohospitalariesmartorell.org\/entre-tots\/wp-content\/uploads\/2023\/10\/Captura-de-pantalla-2023-10-28-a-les-19.52.13-1536x957.jpg",1536,957,true],"2048x2048":["https:\/\/fundaciohospitalariesmartorell.org\/entre-tots\/wp-content\/uploads\/2023\/10\/Captura-de-pantalla-2023-10-28-a-les-19.52.13-2048x1276.jpg",2048,1276,true],"mailpoet_newsletter_max":["https:\/\/fundaciohospitalariesmartorell.org\/entre-tots\/wp-content\/uploads\/2023\/10\/Captura-de-pantalla-2023-10-28-a-les-19.52.13-1320x822.jpg",1320,822,true]},"post_excerpt_stackable_v2":"<p>Del 4 al 6 d\u2019octubre va tenir lloc a les oficines centrals de Germanes Hospital\u00e0ries de Madrid la darrera sessi\u00f3 de les II Jornades de Formadors en el Marc d\u2019Identitat. Les anteriors van tenir lloc al mar\u00e7 i al juny d\u2019aquest mateix any. D\u2019aquesta manera es completa una formaci\u00f3 en qu\u00e8, a m\u00e9s d\u2019adquirir coneixements te\u00f2rics, s\u2019ha potenciat la vinculaci\u00f3 dels assistents amb la identitat hospital\u00e0ria. Per part de l\u2019Hospital Sagrat Cor hi va assistir Gloria L\u00f3pez, treballadora social del Centre de Salut Mental Infantojuvenil de Martorell. Al llarg del curs, els participants van con\u00e8ixer el Pla General de Formaci\u00f3&hellip;<\/p>\n","category_list_v2":"<a href=\"https:\/\/fundaciohospitalariesmartorell.org\/entre-tots\/category\/actualitat\/\" rel=\"category tag\">ACTUALITAT<\/a>","author_info_v2":{"name":"Sagrat Cor","url":"https:\/\/fundaciohospitalariesmartorell.org\/entre-tots\/author\/daniel\/"},"comments_num_v2":"0 comments","_links":{"self":[{"href":"https:\/\/fundaciohospitalariesmartorell.org\/entre-tots\/wp-json\/wp\/v2\/posts\/7238","targetHints":{"allow":["GET"]}}],"collection":[{"href":"https:\/\/fundaciohospitalariesmartorell.org\/entre-tots\/wp-json\/wp\/v2\/posts"}],"about":[{"href":"https:\/\/fundaciohospitalariesmartorell.org\/entre-tots\/wp-json\/wp\/v2\/types\/post"}],"author":[{"embeddable":true,"href":"https:\/\/fundaciohospitalariesmartorell.org\/entre-tots\/wp-json\/wp\/v2\/users\/2"}],"replies":[{"embeddable":true,"href":"https:\/\/fundaciohospitalariesmartorell.org\/entre-tots\/wp-json\/wp\/v2\/comments?post=7238"}],"version-history":[{"count":4,"href":"https:\/\/fundaciohospitalariesmartorell.org\/entre-tots\/wp-json\/wp\/v2\/posts\/7238\/revisions"}],"predecessor-version":[{"id":7434,"href":"https:\/\/fundaciohospitalariesmartorell.org\/entre-tots\/wp-json\/wp\/v2\/posts\/7238\/revisions\/7434"}],"wp:featuredmedia":[{"embeddable":true,"href":"https:\/\/fundaciohospitalariesmartorell.org\/entre-tots\/wp-json\/wp\/v2\/media\/7240"}],"wp:attachment":[{"href":"https:\/\/fundaciohospitalariesmartorell.org\/entre-tots\/wp-json\/wp\/v2\/media?parent=7238"}],"wp:term":[{"taxonomy":"category","embeddable":true,"href":"https:\/\/fundaciohospitalariesmartorell.org\/entre-tots\/wp-json\/wp\/v2\/categories?post=7238"},{"taxonomy":"post_tag","embeddable":true,"href":"https:\/\/fundaciohospitalariesmartorell.org\/entre-tots\/wp-json\/wp\/v2\/tags?post=7238"}],"curies":[{"name":"wp","href":"https:\/\/api.w.org\/{rel}","templated":true}]}}