{"id":7242,"date":"2023-10-28T19:57:37","date_gmt":"2023-10-28T17:57:37","guid":{"rendered":"https:\/\/hospitalsagratcormartorell.org\/entre-tots\/?p=7242"},"modified":"2023-10-30T16:48:30","modified_gmt":"2023-10-30T14:48:30","slug":"sinicia-el-primer-modul-de-litinerari-de-lideratge-per-a-comandaments-intermedis-i-persones-clau-de-germanes-hospitalaries","status":"publish","type":"post","link":"https:\/\/fundaciohospitalariesmartorell.org\/entre-tots\/2023\/10\/sinicia-el-primer-modul-de-litinerari-de-lideratge-per-a-comandaments-intermedis-i-persones-clau-de-germanes-hospitalaries\/","title":{"rendered":"S&#8217;inicia el primer m\u00f2dul de l&#8217;itinerari de lideratge per a comandaments intermedis i persones clau de Germanes Hospital\u00e0ries"},"content":{"rendered":"<figure class=\"wp-block-post-featured-image\"><img loading=\"lazy\" decoding=\"async\" width=\"2048\" height=\"1536\" src=\"https:\/\/fundaciohospitalariesmartorell.org\/entre-tots\/wp-content\/uploads\/2023\/10\/23_10_25_ITINERARI-LIDERATGE_01.jpg\" class=\"attachment-post-thumbnail size-post-thumbnail wp-post-image\" alt=\"\" style=\"object-fit:cover;\" srcset=\"https:\/\/fundaciohospitalariesmartorell.org\/entre-tots\/wp-content\/uploads\/2023\/10\/23_10_25_ITINERARI-LIDERATGE_01.jpg 2048w, https:\/\/fundaciohospitalariesmartorell.org\/entre-tots\/wp-content\/uploads\/2023\/10\/23_10_25_ITINERARI-LIDERATGE_01-300x225.jpg 300w, https:\/\/fundaciohospitalariesmartorell.org\/entre-tots\/wp-content\/uploads\/2023\/10\/23_10_25_ITINERARI-LIDERATGE_01-1024x768.jpg 1024w, https:\/\/fundaciohospitalariesmartorell.org\/entre-tots\/wp-content\/uploads\/2023\/10\/23_10_25_ITINERARI-LIDERATGE_01-768x576.jpg 768w, https:\/\/fundaciohospitalariesmartorell.org\/entre-tots\/wp-content\/uploads\/2023\/10\/23_10_25_ITINERARI-LIDERATGE_01-1536x1152.jpg 1536w, https:\/\/fundaciohospitalariesmartorell.org\/entre-tots\/wp-content\/uploads\/2023\/10\/23_10_25_ITINERARI-LIDERATGE_01-1320x990.jpg 1320w\" sizes=\"auto, (max-width: 2048px) 100vw, 2048px\" \/><\/figure>\n\n\n<p>Aquest mes d&#8217;octubre s&#8217;ha donat inici al primer m\u00f2dul de l&#8217;itinerari de lideratge per a comandaments intermedis i persones clau de Germanes Hospital\u00e0ries, en el qual participen professionals de l&#8217;Hospital Sagrat Cor.&nbsp;&nbsp;<\/p>\n\n\n\n<p>El primer m\u00f2dul, que ha tingut lloc a l&#8217;Hospital Sant Rafael de Barcelona, s&#8217;ha&nbsp;centrat en autolideratge i, de la m\u00e0 de F\u00e9lix Sanz, les persones participants han pogut descobrir quins s\u00f3n els seus &#8220;disparadors&#8221;, \u00e9s a dir, els factors que els fan perdre el control, &#8220;descarrilar&#8221; i perdre lideratge, aix\u00ed com aprendre estrat\u00e8gies conductuals per reduir els &#8220;descarriladors&#8221; de cadasc\u00fa.&nbsp;<\/p>\n\n\n\n<p>Amb el nom de &#8216;Avacemos junt@s. Hagamos de la Hospitalidad Excelencia&#8217; aquest itinerari s&#8217;ha desenvolupat de manera conjunta entre les Direccions de les \u00c0rees de Persones dels centres de Germanes de Catalunya -entre ells el nostre Hospital- i de Prov\u00edncia d&#8217;Espanya.\u00a0 L&#8217;Hospital Sagrat Cor ser\u00e0 l\u2019amfitri\u00f3 del seg\u00fcent m\u00f2dul, que tindr\u00e0 lloc el mes de novembre, i on es tractaran les habilitats de comunicaci\u00f3, en concret, en la claredat de les instruccions i en l&#8217;assertivitat, i del m\u00f2dul del mes d&#8217;abril, tamb\u00e9 centrat en les habilitats de comunicaci\u00f3, en aquest cas en les reunions i en parlar en p\u00fablic. Podeu accedir als m\u00f2duls que es desenvoluparan al nostre Centre (<a href=\"https:\/\/hospitalsagratcormartorell.org\/entre-tots\/wp-content\/uploads\/2023\/10\/liderazgo_poster3_def.pdf\" target=\"_blank\" rel=\"noreferrer noopener\">Novembre<\/a>\u00a0i\u00a0<a href=\"https:\/\/hospitalsagratcormartorell.org\/entre-tots\/wp-content\/uploads\/2023\/10\/liderazgo_poster7_def.pdf\" target=\"_blank\" rel=\"noreferrer noopener\">Abril<\/a>).<\/p>\n","protected":false},"excerpt":{"rendered":"<p>Aquest mes d&#8217;octubre s&#8217;ha donat inici al primer m\u00f2dul de l&#8217;itinerari de lideratge per a comandaments intermedis i persones clau de Germanes Hospital\u00e0ries, en el qual participen professionals de l&#8217;Hospital Sagrat Cor.&nbsp;&nbsp; El primer m\u00f2dul, que ha tingut lloc a l&#8217;Hospital Sant Rafael de Barcelona, s&#8217;ha&nbsp;centrat en autolideratge i, de la m\u00e0 de F\u00e9lix Sanz, [&hellip;]<\/p>\n","protected":false},"author":2,"featured_media":7244,"comment_status":"closed","ping_status":"closed","sticky":false,"template":"","format":"standard","meta":{"footnotes":""},"categories":[27],"tags":[],"class_list":["post-7242","post","type-post","status-publish","format-standard","has-post-thumbnail","hentry","category-actualitat"],"blocksy_meta":{"styles_descriptor":{"styles":{"desktop":"","tablet":"","mobile":""},"google_fonts":[],"version":6}},"featured_image_urls_v2":{"full":["https:\/\/fundaciohospitalariesmartorell.org\/entre-tots\/wp-content\/uploads\/2023\/10\/23_10_25_ITINERARI-LIDERATGE_01.jpg",2048,1536,false],"thumbnail":["https:\/\/fundaciohospitalariesmartorell.org\/entre-tots\/wp-content\/uploads\/2023\/10\/23_10_25_ITINERARI-LIDERATGE_01-150x150.jpg",150,150,true],"medium":["https:\/\/fundaciohospitalariesmartorell.org\/entre-tots\/wp-content\/uploads\/2023\/10\/23_10_25_ITINERARI-LIDERATGE_01-300x225.jpg",300,225,true],"medium_large":["https:\/\/fundaciohospitalariesmartorell.org\/entre-tots\/wp-content\/uploads\/2023\/10\/23_10_25_ITINERARI-LIDERATGE_01-768x576.jpg",768,576,true],"large":["https:\/\/fundaciohospitalariesmartorell.org\/entre-tots\/wp-content\/uploads\/2023\/10\/23_10_25_ITINERARI-LIDERATGE_01-1024x768.jpg",1024,768,true],"1536x1536":["https:\/\/fundaciohospitalariesmartorell.org\/entre-tots\/wp-content\/uploads\/2023\/10\/23_10_25_ITINERARI-LIDERATGE_01-1536x1152.jpg",1536,1152,true],"2048x2048":["https:\/\/fundaciohospitalariesmartorell.org\/entre-tots\/wp-content\/uploads\/2023\/10\/23_10_25_ITINERARI-LIDERATGE_01.jpg",2048,1536,false],"mailpoet_newsletter_max":["https:\/\/fundaciohospitalariesmartorell.org\/entre-tots\/wp-content\/uploads\/2023\/10\/23_10_25_ITINERARI-LIDERATGE_01-1320x990.jpg",1320,990,true]},"post_excerpt_stackable_v2":"<p>Aquest mes d&#8217;octubre s&#8217;ha donat inici al primer m\u00f2dul de l&#8217;itinerari de lideratge per a comandaments intermedis i persones clau de Germanes Hospital\u00e0ries, en el qual participen professionals de l&#8217;Hospital Sagrat Cor.&nbsp;&nbsp; El primer m\u00f2dul, que ha tingut lloc a l&#8217;Hospital Sant Rafael de Barcelona, s&#8217;ha&nbsp;centrat en autolideratge i, de la m\u00e0 de F\u00e9lix Sanz, les persones participants han pogut descobrir quins s\u00f3n els seus &#8220;disparadors&#8221;, \u00e9s a dir, els factors que els fan perdre el control, &#8220;descarrilar&#8221; i perdre lideratge, aix\u00ed com aprendre estrat\u00e8gies conductuals per reduir els &#8220;descarriladors&#8221; de cadasc\u00fa.&nbsp; Amb el nom de &#8216;Avacemos junt@s. Hagamos de&hellip;<\/p>\n","category_list_v2":"<a href=\"https:\/\/fundaciohospitalariesmartorell.org\/entre-tots\/category\/actualitat\/\" rel=\"category tag\">ACTUALITAT<\/a>","author_info_v2":{"name":"Sagrat Cor","url":"https:\/\/fundaciohospitalariesmartorell.org\/entre-tots\/author\/daniel\/"},"comments_num_v2":"0 comments","_links":{"self":[{"href":"https:\/\/fundaciohospitalariesmartorell.org\/entre-tots\/wp-json\/wp\/v2\/posts\/7242","targetHints":{"allow":["GET"]}}],"collection":[{"href":"https:\/\/fundaciohospitalariesmartorell.org\/entre-tots\/wp-json\/wp\/v2\/posts"}],"about":[{"href":"https:\/\/fundaciohospitalariesmartorell.org\/entre-tots\/wp-json\/wp\/v2\/types\/post"}],"author":[{"embeddable":true,"href":"https:\/\/fundaciohospitalariesmartorell.org\/entre-tots\/wp-json\/wp\/v2\/users\/2"}],"replies":[{"embeddable":true,"href":"https:\/\/fundaciohospitalariesmartorell.org\/entre-tots\/wp-json\/wp\/v2\/comments?post=7242"}],"version-history":[{"count":2,"href":"https:\/\/fundaciohospitalariesmartorell.org\/entre-tots\/wp-json\/wp\/v2\/posts\/7242\/revisions"}],"predecessor-version":[{"id":7247,"href":"https:\/\/fundaciohospitalariesmartorell.org\/entre-tots\/wp-json\/wp\/v2\/posts\/7242\/revisions\/7247"}],"wp:featuredmedia":[{"embeddable":true,"href":"https:\/\/fundaciohospitalariesmartorell.org\/entre-tots\/wp-json\/wp\/v2\/media\/7244"}],"wp:attachment":[{"href":"https:\/\/fundaciohospitalariesmartorell.org\/entre-tots\/wp-json\/wp\/v2\/media?parent=7242"}],"wp:term":[{"taxonomy":"category","embeddable":true,"href":"https:\/\/fundaciohospitalariesmartorell.org\/entre-tots\/wp-json\/wp\/v2\/categories?post=7242"},{"taxonomy":"post_tag","embeddable":true,"href":"https:\/\/fundaciohospitalariesmartorell.org\/entre-tots\/wp-json\/wp\/v2\/tags?post=7242"}],"curies":[{"name":"wp","href":"https:\/\/api.w.org\/{rel}","templated":true}]}}