{"id":7248,"date":"2023-10-28T20:01:27","date_gmt":"2023-10-28T18:01:27","guid":{"rendered":"https:\/\/hospitalsagratcormartorell.org\/entre-tots\/?p=7248"},"modified":"2023-10-30T16:50:49","modified_gmt":"2023-10-30T14:50:49","slug":"assistim-al-iii-congres-nacional-de-voluntariat-de-malaga","status":"publish","type":"post","link":"https:\/\/fundaciohospitalariesmartorell.org\/entre-tots\/2023\/10\/assistim-al-iii-congres-nacional-de-voluntariat-de-malaga\/","title":{"rendered":"Assistim al III Congr\u00e9s Nacional de Voluntariat de M\u00e0laga"},"content":{"rendered":"<figure class=\"wp-block-post-featured-image\"><img loading=\"lazy\" decoding=\"async\" width=\"768\" height=\"512\" src=\"https:\/\/fundaciohospitalariesmartorell.org\/entre-tots\/wp-content\/uploads\/2023\/10\/Charla-Alejandro-Florit-y-Sebastian-Mora-768x512-1.jpeg\" class=\"attachment-post-thumbnail size-post-thumbnail wp-post-image\" alt=\"\" style=\"object-fit:cover;\" srcset=\"https:\/\/fundaciohospitalariesmartorell.org\/entre-tots\/wp-content\/uploads\/2023\/10\/Charla-Alejandro-Florit-y-Sebastian-Mora-768x512-1.jpeg 768w, https:\/\/fundaciohospitalariesmartorell.org\/entre-tots\/wp-content\/uploads\/2023\/10\/Charla-Alejandro-Florit-y-Sebastian-Mora-768x512-1-300x200.jpeg 300w\" sizes=\"auto, (max-width: 768px) 100vw, 768px\" \/><\/figure>\n\n\n<p>Del 29 de setembre a l&#8217;1 d&#8217;octubre es va celebrar a M\u00e0laga el III Congr\u00e9s Nacional de Voluntariat de Germanes Hospital\u00e0ries Prov\u00edncia d&#8217;Espanya, que va reunir m\u00e9s de 150 participants procedents de tot Espanya, entre els quals hi va haver una representaci\u00f3 de l&#8217;Hospital Sagrat Cor. La trobada tamb\u00e9 es va poder seguir de manera virtual.<\/p>\n\n\n\n<p>\u201cHa estat una oportunitat per aprendre els uns dels altres. Una experi\u00e8ncia enriquidora per aprofundir en la tasca del voluntariat i de reconeixement a totes aquelles persones que comparteixen el temps amb els nostres pacients\u201d, explica Mercedes P\u00e9rez, treballadora social de la Unitat de Rehabilitaci\u00f3 de l&#8217;Hospital Sagrat Cor i coordinadora del Voluntariat, que va ser una de les assistents al congr\u00e9s.<\/p>\n\n\n\n<p>Divendres al mat\u00ed va arrencar el congr\u00e9s amb una trobada de coordinadors de voluntariat dels nostres centres. Els 20 coordinadors van tenir un espai on van poder compartir experi\u00e8ncies, consolidar el seu lideratge com a coordinadors i promoure noves maneres d&#8217;impulsar el voluntariat a tots els nivells. A la tarda es va rebre les m\u00e9s de 150 persones volunt\u00e0ries que, des de 21 centres hospitalaris, van acudir a aquesta trobada nacional. Va ser un primer moment de trobada on presentar-nos, con\u00e8ixer-nos i recon\u00e8ixer-nos com a \u201cprotagonistes d&#8217;hospitalitat\u201d.<\/p>\n\n\n\n<p>El dissabte al mat\u00ed sor Matilde Porras, superiora provincial, va inaugurar la jornada amb un agra\u00efment especial a totes les persones que, com a voluntaris i volunt\u00e0ries, formen part de la comunitat hospital\u00e0ria. Va tenir unes paraules de reconeixement per la tasca tan especial que fan en el dia a dia als nostres centres, una tasca desinteressada en qu\u00e8 s&#8217;inverteix una cosa molt valuosa a la nostra societat actual: el temps.<\/p>\n\n\n\n<figure class=\"wp-block-gallery has-nested-images columns-default is-cropped wp-block-gallery-1 is-layout-flex wp-block-gallery-is-layout-flex\">\n<figure class=\"wp-block-image size-large\"><img loading=\"lazy\" decoding=\"async\" width=\"744\" height=\"418\" data-id=\"7252\" src=\"https:\/\/hospitalsagratcormartorell.org\/entre-tots\/wp-content\/uploads\/2023\/10\/Publico-Gala-744x418-1.jpeg\" alt=\"\" class=\"wp-image-7252\" srcset=\"https:\/\/fundaciohospitalariesmartorell.org\/entre-tots\/wp-content\/uploads\/2023\/10\/Publico-Gala-744x418-1.jpeg 744w, https:\/\/fundaciohospitalariesmartorell.org\/entre-tots\/wp-content\/uploads\/2023\/10\/Publico-Gala-744x418-1-300x169.jpeg 300w\" sizes=\"auto, (max-width: 744px) 100vw, 744px\" \/><\/figure>\n\n\n\n<figure class=\"wp-block-image size-large\"><img loading=\"lazy\" decoding=\"async\" width=\"768\" height=\"512\" data-id=\"7253\" src=\"https:\/\/hospitalsagratcormartorell.org\/entre-tots\/wp-content\/uploads\/2023\/10\/WhatsApp-Image-2023-09-30-at-13.18.49-2-768x512-1.jpeg\" alt=\"\" class=\"wp-image-7253\" srcset=\"https:\/\/fundaciohospitalariesmartorell.org\/entre-tots\/wp-content\/uploads\/2023\/10\/WhatsApp-Image-2023-09-30-at-13.18.49-2-768x512-1.jpeg 768w, https:\/\/fundaciohospitalariesmartorell.org\/entre-tots\/wp-content\/uploads\/2023\/10\/WhatsApp-Image-2023-09-30-at-13.18.49-2-768x512-1-300x200.jpeg 300w\" sizes=\"auto, (max-width: 768px) 100vw, 768px\" \/><\/figure>\n<\/figure>\n\n\n\n<p>Despr\u00e9s de la salutaci\u00f3 inicial, Alejandro Florit, director de l&#8217;\u00e0rea d&#8217;Identitat Hospital\u00e0ria, va donar la benvinguda a les persones participants i va presentar el primer convidat de la jornada, Sebasti\u00e1n Mora, professor de la Universitat Pontif\u00edcia Comillas i exsecretari general de C\u00e0ritas Espanyola. A la seva confer\u00e8ncia va parlar del dinamisme de l&#8217;hospitalitat i dins aquest dinamisme hi va situar la tasca del voluntariat.<\/p>\n\n\n\n<p>Despr\u00e9s de la confer\u00e8ncia de Sebasti\u00e1n Mora es va donar pas a la taula Voluntariat \u201centre tots\u201d, que va moderar Javier S\u00e1nchez, coordinador de pastoral i voluntariat del centre de Ciempozuelos. En aquesta taula, Flor Alcolea, psic\u00f2loga a Nueva Opci\u00f3n, una associaci\u00f3 de dany cerebral de Val\u00e8ncia, va compartir la seva experi\u00e8ncia com a volunt\u00e0ria internacional amb Germanes Hospital\u00e0ries a Maputo (Mo\u00e7ambic). Posteriorment, Eva Algaba, responsable de Desenvolupament Sostenible de Germanes Hospital\u00e0ries, va presentar el programa d&#8217;acollida per a fam\u00edlies refugiades a causa de la guerra d&#8217;Ucra\u00efna. Despr\u00e9s, Ra\u00fal Torres, responsable de voluntariat del centre de Germanes Hospital\u00e0ries de Saragossa, va presentar el seu projecte de \u201cVoluntariat Inclusiu a l\u2019Arag\u00f3\u201d. Finalment, Gloria L\u00f3pez, treballadora social de l&#8217;Hospital Sagrat Cor, va parlar del \u201cVoluntariat de llarg recorregut\u201d.<\/p>\n\n\n\n<figure class=\"wp-block-image size-large\"><img loading=\"lazy\" decoding=\"async\" width=\"1024\" height=\"623\" src=\"https:\/\/hospitalsagratcormartorell.org\/entre-tots\/wp-content\/uploads\/2023\/10\/Foto-grupo-Horizontal-III-Congreso-Nacional-de-Voluntariado-Cut-1024x623.jpeg\" alt=\"\" class=\"wp-image-7251\" srcset=\"https:\/\/fundaciohospitalariesmartorell.org\/entre-tots\/wp-content\/uploads\/2023\/10\/Foto-grupo-Horizontal-III-Congreso-Nacional-de-Voluntariado-Cut-1024x623.jpeg 1024w, https:\/\/fundaciohospitalariesmartorell.org\/entre-tots\/wp-content\/uploads\/2023\/10\/Foto-grupo-Horizontal-III-Congreso-Nacional-de-Voluntariado-Cut-300x183.jpeg 300w, https:\/\/fundaciohospitalariesmartorell.org\/entre-tots\/wp-content\/uploads\/2023\/10\/Foto-grupo-Horizontal-III-Congreso-Nacional-de-Voluntariado-Cut-768x467.jpeg 768w, https:\/\/fundaciohospitalariesmartorell.org\/entre-tots\/wp-content\/uploads\/2023\/10\/Foto-grupo-Horizontal-III-Congreso-Nacional-de-Voluntariado-Cut-1536x935.jpeg 1536w, https:\/\/fundaciohospitalariesmartorell.org\/entre-tots\/wp-content\/uploads\/2023\/10\/Foto-grupo-Horizontal-III-Congreso-Nacional-de-Voluntariado-Cut-1320x803.jpeg 1320w, https:\/\/fundaciohospitalariesmartorell.org\/entre-tots\/wp-content\/uploads\/2023\/10\/Foto-grupo-Horizontal-III-Congreso-Nacional-de-Voluntariado-Cut.jpeg 1776w\" sizes=\"auto, (max-width: 1024px) 100vw, 1024px\" \/><\/figure>\n","protected":false},"excerpt":{"rendered":"<p>Del 29 de setembre a l&#8217;1 d&#8217;octubre es va celebrar a M\u00e0laga el III Congr\u00e9s Nacional de Voluntariat de Germanes Hospital\u00e0ries Prov\u00edncia d&#8217;Espanya, que va reunir m\u00e9s de 150 participants procedents de tot Espanya, entre els quals hi va haver una representaci\u00f3 de l&#8217;Hospital Sagrat Cor. La trobada tamb\u00e9 es va poder seguir de manera [&hellip;]<\/p>\n","protected":false},"author":2,"featured_media":7250,"comment_status":"closed","ping_status":"closed","sticky":false,"template":"","format":"standard","meta":{"footnotes":""},"categories":[27],"tags":[],"class_list":["post-7248","post","type-post","status-publish","format-standard","has-post-thumbnail","hentry","category-actualitat"],"blocksy_meta":{"styles_descriptor":{"styles":{"desktop":"","tablet":"","mobile":""},"google_fonts":[],"version":6}},"featured_image_urls_v2":{"full":["https:\/\/fundaciohospitalariesmartorell.org\/entre-tots\/wp-content\/uploads\/2023\/10\/Charla-Alejandro-Florit-y-Sebastian-Mora-768x512-1.jpeg",768,512,false],"thumbnail":["https:\/\/fundaciohospitalariesmartorell.org\/entre-tots\/wp-content\/uploads\/2023\/10\/Charla-Alejandro-Florit-y-Sebastian-Mora-768x512-1-150x150.jpeg",150,150,true],"medium":["https:\/\/fundaciohospitalariesmartorell.org\/entre-tots\/wp-content\/uploads\/2023\/10\/Charla-Alejandro-Florit-y-Sebastian-Mora-768x512-1-300x200.jpeg",300,200,true],"medium_large":["https:\/\/fundaciohospitalariesmartorell.org\/entre-tots\/wp-content\/uploads\/2023\/10\/Charla-Alejandro-Florit-y-Sebastian-Mora-768x512-1.jpeg",768,512,false],"large":["https:\/\/fundaciohospitalariesmartorell.org\/entre-tots\/wp-content\/uploads\/2023\/10\/Charla-Alejandro-Florit-y-Sebastian-Mora-768x512-1.jpeg",768,512,false],"1536x1536":["https:\/\/fundaciohospitalariesmartorell.org\/entre-tots\/wp-content\/uploads\/2023\/10\/Charla-Alejandro-Florit-y-Sebastian-Mora-768x512-1.jpeg",768,512,false],"2048x2048":["https:\/\/fundaciohospitalariesmartorell.org\/entre-tots\/wp-content\/uploads\/2023\/10\/Charla-Alejandro-Florit-y-Sebastian-Mora-768x512-1.jpeg",768,512,false],"mailpoet_newsletter_max":["https:\/\/fundaciohospitalariesmartorell.org\/entre-tots\/wp-content\/uploads\/2023\/10\/Charla-Alejandro-Florit-y-Sebastian-Mora-768x512-1.jpeg",768,512,false]},"post_excerpt_stackable_v2":"<p>Del 29 de setembre a l&#8217;1 d&#8217;octubre es va celebrar a M\u00e0laga el III Congr\u00e9s Nacional de Voluntariat de Germanes Hospital\u00e0ries Prov\u00edncia d&#8217;Espanya, que va reunir m\u00e9s de 150 participants procedents de tot Espanya, entre els quals hi va haver una representaci\u00f3 de l&#8217;Hospital Sagrat Cor. La trobada tamb\u00e9 es va poder seguir de manera virtual. \u201cHa estat una oportunitat per aprendre els uns dels altres. Una experi\u00e8ncia enriquidora per aprofundir en la tasca del voluntariat i de reconeixement a totes aquelles persones que comparteixen el temps amb els nostres pacients\u201d, explica Mercedes P\u00e9rez, treballadora social de la Unitat de&hellip;<\/p>\n","category_list_v2":"<a href=\"https:\/\/fundaciohospitalariesmartorell.org\/entre-tots\/category\/actualitat\/\" rel=\"category tag\">ACTUALITAT<\/a>","author_info_v2":{"name":"Sagrat Cor","url":"https:\/\/fundaciohospitalariesmartorell.org\/entre-tots\/author\/daniel\/"},"comments_num_v2":"0 comments","_links":{"self":[{"href":"https:\/\/fundaciohospitalariesmartorell.org\/entre-tots\/wp-json\/wp\/v2\/posts\/7248","targetHints":{"allow":["GET"]}}],"collection":[{"href":"https:\/\/fundaciohospitalariesmartorell.org\/entre-tots\/wp-json\/wp\/v2\/posts"}],"about":[{"href":"https:\/\/fundaciohospitalariesmartorell.org\/entre-tots\/wp-json\/wp\/v2\/types\/post"}],"author":[{"embeddable":true,"href":"https:\/\/fundaciohospitalariesmartorell.org\/entre-tots\/wp-json\/wp\/v2\/users\/2"}],"replies":[{"embeddable":true,"href":"https:\/\/fundaciohospitalariesmartorell.org\/entre-tots\/wp-json\/wp\/v2\/comments?post=7248"}],"version-history":[{"count":2,"href":"https:\/\/fundaciohospitalariesmartorell.org\/entre-tots\/wp-json\/wp\/v2\/posts\/7248\/revisions"}],"predecessor-version":[{"id":7254,"href":"https:\/\/fundaciohospitalariesmartorell.org\/entre-tots\/wp-json\/wp\/v2\/posts\/7248\/revisions\/7254"}],"wp:featuredmedia":[{"embeddable":true,"href":"https:\/\/fundaciohospitalariesmartorell.org\/entre-tots\/wp-json\/wp\/v2\/media\/7250"}],"wp:attachment":[{"href":"https:\/\/fundaciohospitalariesmartorell.org\/entre-tots\/wp-json\/wp\/v2\/media?parent=7248"}],"wp:term":[{"taxonomy":"category","embeddable":true,"href":"https:\/\/fundaciohospitalariesmartorell.org\/entre-tots\/wp-json\/wp\/v2\/categories?post=7248"},{"taxonomy":"post_tag","embeddable":true,"href":"https:\/\/fundaciohospitalariesmartorell.org\/entre-tots\/wp-json\/wp\/v2\/tags?post=7248"}],"curies":[{"name":"wp","href":"https:\/\/api.w.org\/{rel}","templated":true}]}}