{"id":7257,"date":"2023-10-28T20:10:40","date_gmt":"2023-10-28T18:10:40","guid":{"rendered":"https:\/\/hospitalsagratcormartorell.org\/entre-tots\/?p=7257"},"modified":"2023-10-31T11:02:57","modified_gmt":"2023-10-31T09:02:57","slug":"la-rehabilitacion-fisica-de-los-pacientes-con-ictus","status":"publish","type":"post","link":"https:\/\/fundaciohospitalariesmartorell.org\/entre-tots\/2023\/10\/la-rehabilitacion-fisica-de-los-pacientes-con-ictus\/","title":{"rendered":"La rehabilitaci\u00f3n f\u00edsica de los pacientes con ictus"},"content":{"rendered":"<figure class=\"wp-block-post-featured-image\"><img loading=\"lazy\" decoding=\"async\" width=\"1998\" height=\"1334\" src=\"https:\/\/fundaciohospitalariesmartorell.org\/entre-tots\/wp-content\/uploads\/2023\/10\/Captura-de-pantalla-2023-10-28-a-les-20.05.34.jpg\" class=\"attachment-post-thumbnail size-post-thumbnail wp-post-image\" alt=\"\" style=\"object-fit:cover;\" srcset=\"https:\/\/fundaciohospitalariesmartorell.org\/entre-tots\/wp-content\/uploads\/2023\/10\/Captura-de-pantalla-2023-10-28-a-les-20.05.34.jpg 1998w, https:\/\/fundaciohospitalariesmartorell.org\/entre-tots\/wp-content\/uploads\/2023\/10\/Captura-de-pantalla-2023-10-28-a-les-20.05.34-300x200.jpg 300w, https:\/\/fundaciohospitalariesmartorell.org\/entre-tots\/wp-content\/uploads\/2023\/10\/Captura-de-pantalla-2023-10-28-a-les-20.05.34-1024x684.jpg 1024w, https:\/\/fundaciohospitalariesmartorell.org\/entre-tots\/wp-content\/uploads\/2023\/10\/Captura-de-pantalla-2023-10-28-a-les-20.05.34-768x513.jpg 768w, https:\/\/fundaciohospitalariesmartorell.org\/entre-tots\/wp-content\/uploads\/2023\/10\/Captura-de-pantalla-2023-10-28-a-les-20.05.34-1536x1026.jpg 1536w, https:\/\/fundaciohospitalariesmartorell.org\/entre-tots\/wp-content\/uploads\/2023\/10\/Captura-de-pantalla-2023-10-28-a-les-20.05.34-1320x881.jpg 1320w\" sizes=\"auto, (max-width: 1998px) 100vw, 1998px\" \/><\/figure>\n\n\n<div class=\"wp-block-stackable-heading stk-block-heading stk-block-heading--v2 stk-block stk-ac8bb98\" id=\"juan-antonio-guzman\" data-block-id=\"ac8bb98\"><style>.stk-ac8bb98{margin-bottom:20px !important}<\/style><h5 class=\"stk-block-heading__text\">Juan Antonio Guzm\u00e1n<\/h5><\/div>\n\n\n\n<p>El ictus constituye la segunda causa de deterioro cognitivo y el primer motivo de discapacidad en la poblaci\u00f3n adulta. Seg\u00fan el plan de acci\u00f3n europeo, si no se toman medidas para mejorar la prevenci\u00f3n y promover los h\u00e1bitos de vida saludables, los casos de ictus habr\u00e1n aumentado un 34 % en 2030.<\/p>\n\n\n\n<p>Cada siete minutos se est\u00e1 produciendo un ictus en Espa\u00f1a y dos de cada tres personas que lo han padecido tienen m\u00e1s de 65 a\u00f1os. Sin embargo, en las \u00faltimas dos d\u00e9cadas ha aumentado un 25 % el n\u00famero de casos entre personas con edades comprendidas entre los 20 y 64 a\u00f1os.<\/p>\n\n\n\n<p>En Catalu\u00f1a unas 13.000 personas presentan cada a\u00f1o un ictus, una enfermedad que cambia la vida de las personas y que, en nuestra comunidad, es la&nbsp;primera causa de muerte en las mujeres&nbsp;y la&nbsp;segunda en los hombres.&nbsp;<\/p>\n\n\n\n<p>Al menos un 50 % de los casos de ictus se podr\u00edan evitar con una adecuada prevenci\u00f3n de los factores de riesgo modificables asociados a esta enfermedad.<\/p>\n\n\n\n<p><strong>Situaci\u00f3n al alta de los pacientes con ictus<\/strong><\/p>\n\n\n\n<figure class=\"wp-block-image alignright size-large is-resized\"><img loading=\"lazy\" decoding=\"async\" width=\"1024\" height=\"756\" src=\"https:\/\/hospitalsagratcormartorell.org\/entre-tots\/wp-content\/uploads\/2023\/10\/Captura-de-pantalla-2023-10-31-a-les-10.01.38-1024x756.jpg\" alt=\"\" class=\"wp-image-7414\" style=\"aspect-ratio:1.3544973544973544;width:450px\" srcset=\"https:\/\/fundaciohospitalariesmartorell.org\/entre-tots\/wp-content\/uploads\/2023\/10\/Captura-de-pantalla-2023-10-31-a-les-10.01.38-1024x756.jpg 1024w, https:\/\/fundaciohospitalariesmartorell.org\/entre-tots\/wp-content\/uploads\/2023\/10\/Captura-de-pantalla-2023-10-31-a-les-10.01.38-300x222.jpg 300w, https:\/\/fundaciohospitalariesmartorell.org\/entre-tots\/wp-content\/uploads\/2023\/10\/Captura-de-pantalla-2023-10-31-a-les-10.01.38-768x567.jpg 768w, https:\/\/fundaciohospitalariesmartorell.org\/entre-tots\/wp-content\/uploads\/2023\/10\/Captura-de-pantalla-2023-10-31-a-les-10.01.38-1536x1134.jpg 1536w, https:\/\/fundaciohospitalariesmartorell.org\/entre-tots\/wp-content\/uploads\/2023\/10\/Captura-de-pantalla-2023-10-31-a-les-10.01.38-1320x975.jpg 1320w, https:\/\/fundaciohospitalariesmartorell.org\/entre-tots\/wp-content\/uploads\/2023\/10\/Captura-de-pantalla-2023-10-31-a-les-10.01.38.jpg 1774w\" sizes=\"auto, (max-width: 1024px) 100vw, 1024px\" \/><\/figure>\n\n\n\n<p>En Catalu\u00f1a, al recibir el alta de los hospitales de agudos, un 24 % de los pacientes con ictus van derivados a centros sociosanitarios para continuar la rehabilitaci\u00f3n f\u00edsica.<\/p>\n\n\n\n<p>En el Hospital Sagrat Cor, y concretamente en su \u00c1rea Sociosanitaria \u2013somos centro de referencia para pacientes en el sector del Baix Llobregat Nord\u2013, ingresan en sus diferentes unidades todos aquellos pacientes derivados por ictus que necesitan llevar a cabo un programa de rehabilitaci\u00f3n f\u00edsica.<\/p>\n\n\n\n<p>La existencia de diversas unidades permite el ingreso del paciente en la unidad m\u00e1s apropiada, despu\u00e9s de una evaluaci\u00f3n, y garantiza la continuidad asistencial en el proceso de rehabilitaci\u00f3n, lo que evita la fragmentaci\u00f3n del proceso.<\/p>\n\n\n\n<p>El Hospital Sagrat Cor dispone de un Servicio de Rehabilitaci\u00f3n F\u00edsica que cuenta con las estructuras necesarias, tanto instalaciones como dispositivos, as\u00ed como con un equipo de profesionales multidisciplinar, formado por fisioterapeutas, terapeutas ocupacionales y logopeda. Esto permite ofrecer una rehabilitaci\u00f3n integral y altamente especializada, trabajando los d\u00e9ficits que presente el paciente en las \u00e1reas funcionales, cognitivas, de comunicaci\u00f3n y de la degluci\u00f3n, con el objetivo prioritario de facilitar la independencia y la reintegraci\u00f3n al entorno previo familiar, social y laboral.<\/p>\n\n\n\n<p>El inicio precoz de la neurorehabilitaci\u00f3n, la duraci\u00f3n adecuada del tratamiento y la intensidad oportuna conllevan mayor recuperaci\u00f3n funcional y menores tasas de mortalidad, de institucionalizaci\u00f3n y de estancia hospitalaria.<\/p>\n\n\n\n<p><strong>Aumento en los pacientes atendidos<\/strong><\/p>\n\n\n\n<figure class=\"wp-block-image size-large\"><img loading=\"lazy\" decoding=\"async\" width=\"1024\" height=\"946\" src=\"https:\/\/hospitalsagratcormartorell.org\/entre-tots\/wp-content\/uploads\/2023\/10\/Captura-de-pantalla-2023-10-28-a-les-20.05.50-1024x946.jpg\" alt=\"\" class=\"wp-image-7261\" srcset=\"https:\/\/fundaciohospitalariesmartorell.org\/entre-tots\/wp-content\/uploads\/2023\/10\/Captura-de-pantalla-2023-10-28-a-les-20.05.50-1024x946.jpg 1024w, https:\/\/fundaciohospitalariesmartorell.org\/entre-tots\/wp-content\/uploads\/2023\/10\/Captura-de-pantalla-2023-10-28-a-les-20.05.50-300x277.jpg 300w, https:\/\/fundaciohospitalariesmartorell.org\/entre-tots\/wp-content\/uploads\/2023\/10\/Captura-de-pantalla-2023-10-28-a-les-20.05.50-768x709.jpg 768w, https:\/\/fundaciohospitalariesmartorell.org\/entre-tots\/wp-content\/uploads\/2023\/10\/Captura-de-pantalla-2023-10-28-a-les-20.05.50.jpg 1096w\" sizes=\"auto, (max-width: 1024px) 100vw, 1024px\" \/><\/figure>\n\n\n\n<p>Durante el a\u00f1o 2022 la estancia media de pacientes con ictus en la Unidad de Estancia Media Polivalente fue de 33 d\u00edas y en la de Larga Estancia, de 98 d\u00edas. En los \u00faltimos a\u00f1os el n\u00famero de pacientes atendidos por ictus en el servicio de rehabilitaci\u00f3n f\u00edsica ha ido aumentando de forma notable, pasando de 58 pacientes en el 2018 a 101 pacientes en el a\u00f1o 2022.<\/p>\n\n\n\n<figure class=\"wp-block-image alignright size-full is-resized\"><img loading=\"lazy\" decoding=\"async\" width=\"1316\" height=\"2376\" src=\"https:\/\/hospitalsagratcormartorell.org\/entre-tots\/wp-content\/uploads\/2023\/10\/Captura-de-pantalla-2023-10-28-a-les-20.06.00.jpg\" alt=\"\" class=\"wp-image-7260\" style=\"aspect-ratio:0.5537109375;width:300px\" srcset=\"https:\/\/fundaciohospitalariesmartorell.org\/entre-tots\/wp-content\/uploads\/2023\/10\/Captura-de-pantalla-2023-10-28-a-les-20.06.00.jpg 1316w, https:\/\/fundaciohospitalariesmartorell.org\/entre-tots\/wp-content\/uploads\/2023\/10\/Captura-de-pantalla-2023-10-28-a-les-20.06.00-166x300.jpg 166w, https:\/\/fundaciohospitalariesmartorell.org\/entre-tots\/wp-content\/uploads\/2023\/10\/Captura-de-pantalla-2023-10-28-a-les-20.06.00-567x1024.jpg 567w, https:\/\/fundaciohospitalariesmartorell.org\/entre-tots\/wp-content\/uploads\/2023\/10\/Captura-de-pantalla-2023-10-28-a-les-20.06.00-768x1387.jpg 768w, https:\/\/fundaciohospitalariesmartorell.org\/entre-tots\/wp-content\/uploads\/2023\/10\/Captura-de-pantalla-2023-10-28-a-les-20.06.00-851x1536.jpg 851w, https:\/\/fundaciohospitalariesmartorell.org\/entre-tots\/wp-content\/uploads\/2023\/10\/Captura-de-pantalla-2023-10-28-a-les-20.06.00-1134x2048.jpg 1134w\" sizes=\"auto, (max-width: 1316px) 100vw, 1316px\" \/><\/figure>\n\n\n\n<p>La mayor\u00eda de las derivaciones al \u00c1rea Sociosanitaria proceden de otros hospitales como el Hospital Sant Joan de D\u00e9u de Martorell, el Hospital de Bellvitge o el Hospital General de Catalunya, as\u00ed como de centros de atenci\u00f3n primaria.<\/p>\n\n\n\n<p>Al recibir el alta de hospitalizaci\u00f3n de nuestro centro un 75,4 % vuelve a su domicilio, un 15 % contin\u00faa el tratamiento a nivel ambulatorio en el Hospital de D\u00eda y un 9,6 % son derivaciones o <em>exitus<\/em>.<\/p>\n\n\n\n<p>Habr\u00eda que destacar as\u00ed mismo que el Hospital Sagrat Cor pertenece a la Red Menni de Da\u00f1o Cerebral de Hermanas Hospitalarias como centro af\u00edn desde hace unos a\u00f1os.<\/p>\n","protected":false},"excerpt":{"rendered":"<p>Juan Antonio Guzm\u00e1n El ictus constituye la segunda causa de deterioro cognitivo y el primer motivo de discapacidad en la poblaci\u00f3n adulta. Seg\u00fan el plan de acci\u00f3n europeo, si no se toman medidas para mejorar la prevenci\u00f3n y promover los h\u00e1bitos de vida saludables, los casos de ictus habr\u00e1n aumentado un 34 % en 2030. [&hellip;]<\/p>\n","protected":false},"author":2,"featured_media":7262,"comment_status":"closed","ping_status":"closed","sticky":false,"template":"","format":"standard","meta":{"footnotes":""},"categories":[27],"tags":[],"class_list":["post-7257","post","type-post","status-publish","format-standard","has-post-thumbnail","hentry","category-actualitat"],"blocksy_meta":{"styles_descriptor":{"styles":{"desktop":"","tablet":"","mobile":""},"google_fonts":[],"version":6}},"featured_image_urls_v2":{"full":["https:\/\/fundaciohospitalariesmartorell.org\/entre-tots\/wp-content\/uploads\/2023\/10\/Captura-de-pantalla-2023-10-28-a-les-20.05.34.jpg",1998,1334,false],"thumbnail":["https:\/\/fundaciohospitalariesmartorell.org\/entre-tots\/wp-content\/uploads\/2023\/10\/Captura-de-pantalla-2023-10-28-a-les-20.05.34-150x150.jpg",150,150,true],"medium":["https:\/\/fundaciohospitalariesmartorell.org\/entre-tots\/wp-content\/uploads\/2023\/10\/Captura-de-pantalla-2023-10-28-a-les-20.05.34-300x200.jpg",300,200,true],"medium_large":["https:\/\/fundaciohospitalariesmartorell.org\/entre-tots\/wp-content\/uploads\/2023\/10\/Captura-de-pantalla-2023-10-28-a-les-20.05.34-768x513.jpg",768,513,true],"large":["https:\/\/fundaciohospitalariesmartorell.org\/entre-tots\/wp-content\/uploads\/2023\/10\/Captura-de-pantalla-2023-10-28-a-les-20.05.34-1024x684.jpg",1024,684,true],"1536x1536":["https:\/\/fundaciohospitalariesmartorell.org\/entre-tots\/wp-content\/uploads\/2023\/10\/Captura-de-pantalla-2023-10-28-a-les-20.05.34-1536x1026.jpg",1536,1026,true],"2048x2048":["https:\/\/fundaciohospitalariesmartorell.org\/entre-tots\/wp-content\/uploads\/2023\/10\/Captura-de-pantalla-2023-10-28-a-les-20.05.34.jpg",1998,1334,false],"mailpoet_newsletter_max":["https:\/\/fundaciohospitalariesmartorell.org\/entre-tots\/wp-content\/uploads\/2023\/10\/Captura-de-pantalla-2023-10-28-a-les-20.05.34-1320x881.jpg",1320,881,true]},"post_excerpt_stackable_v2":"<p>Juan Antonio Guzm\u00e1n El ictus constituye la segunda causa de deterioro cognitivo y el primer motivo de discapacidad en la poblaci\u00f3n adulta. Seg\u00fan el plan de acci\u00f3n europeo, si no se toman medidas para mejorar la prevenci\u00f3n y promover los h\u00e1bitos de vida saludables, los casos de ictus habr\u00e1n aumentado un 34 % en 2030. Cada siete minutos se est\u00e1 produciendo un ictus en Espa\u00f1a y dos de cada tres personas que lo han padecido tienen m\u00e1s de 65 a\u00f1os. Sin embargo, en las \u00faltimas dos d\u00e9cadas ha aumentado un 25 % el n\u00famero de casos entre personas con edades&hellip;<\/p>\n","category_list_v2":"<a href=\"https:\/\/fundaciohospitalariesmartorell.org\/entre-tots\/category\/actualitat\/\" rel=\"category tag\">ACTUALITAT<\/a>","author_info_v2":{"name":"Sagrat Cor","url":"https:\/\/fundaciohospitalariesmartorell.org\/entre-tots\/author\/daniel\/"},"comments_num_v2":"0 comments","_links":{"self":[{"href":"https:\/\/fundaciohospitalariesmartorell.org\/entre-tots\/wp-json\/wp\/v2\/posts\/7257","targetHints":{"allow":["GET"]}}],"collection":[{"href":"https:\/\/fundaciohospitalariesmartorell.org\/entre-tots\/wp-json\/wp\/v2\/posts"}],"about":[{"href":"https:\/\/fundaciohospitalariesmartorell.org\/entre-tots\/wp-json\/wp\/v2\/types\/post"}],"author":[{"embeddable":true,"href":"https:\/\/fundaciohospitalariesmartorell.org\/entre-tots\/wp-json\/wp\/v2\/users\/2"}],"replies":[{"embeddable":true,"href":"https:\/\/fundaciohospitalariesmartorell.org\/entre-tots\/wp-json\/wp\/v2\/comments?post=7257"}],"version-history":[{"count":6,"href":"https:\/\/fundaciohospitalariesmartorell.org\/entre-tots\/wp-json\/wp\/v2\/posts\/7257\/revisions"}],"predecessor-version":[{"id":7416,"href":"https:\/\/fundaciohospitalariesmartorell.org\/entre-tots\/wp-json\/wp\/v2\/posts\/7257\/revisions\/7416"}],"wp:featuredmedia":[{"embeddable":true,"href":"https:\/\/fundaciohospitalariesmartorell.org\/entre-tots\/wp-json\/wp\/v2\/media\/7262"}],"wp:attachment":[{"href":"https:\/\/fundaciohospitalariesmartorell.org\/entre-tots\/wp-json\/wp\/v2\/media?parent=7257"}],"wp:term":[{"taxonomy":"category","embeddable":true,"href":"https:\/\/fundaciohospitalariesmartorell.org\/entre-tots\/wp-json\/wp\/v2\/categories?post=7257"},{"taxonomy":"post_tag","embeddable":true,"href":"https:\/\/fundaciohospitalariesmartorell.org\/entre-tots\/wp-json\/wp\/v2\/tags?post=7257"}],"curies":[{"name":"wp","href":"https:\/\/api.w.org\/{rel}","templated":true}]}}