{"id":7265,"date":"2023-10-28T20:13:21","date_gmt":"2023-10-28T18:13:21","guid":{"rendered":"https:\/\/hospitalsagratcormartorell.org\/entre-tots\/?p=7265"},"modified":"2023-10-31T10:57:57","modified_gmt":"2023-10-31T08:57:57","slug":"participem-a-la-i-jornada-a-catalunya-sobre-el-trastorn-obsessiu-compulsiu","status":"publish","type":"post","link":"https:\/\/fundaciohospitalariesmartorell.org\/entre-tots\/2023\/10\/participem-a-la-i-jornada-a-catalunya-sobre-el-trastorn-obsessiu-compulsiu\/","title":{"rendered":"Participem a la I Jornada a Catalunya sobre el Trastorn Obsessiu Compulsiu"},"content":{"rendered":"<figure class=\"wp-block-post-featured-image\"><img loading=\"lazy\" decoding=\"async\" width=\"1977\" height=\"1080\" src=\"https:\/\/fundaciohospitalariesmartorell.org\/entre-tots\/wp-content\/uploads\/2023\/10\/3cc1404c-0d1f-48e3-ab64-5499c57ba1c0.jpeg\" class=\"attachment-post-thumbnail size-post-thumbnail wp-post-image\" alt=\"\" style=\"object-fit:cover;\" srcset=\"https:\/\/fundaciohospitalariesmartorell.org\/entre-tots\/wp-content\/uploads\/2023\/10\/3cc1404c-0d1f-48e3-ab64-5499c57ba1c0.jpeg 1977w, https:\/\/fundaciohospitalariesmartorell.org\/entre-tots\/wp-content\/uploads\/2023\/10\/3cc1404c-0d1f-48e3-ab64-5499c57ba1c0-300x164.jpeg 300w, https:\/\/fundaciohospitalariesmartorell.org\/entre-tots\/wp-content\/uploads\/2023\/10\/3cc1404c-0d1f-48e3-ab64-5499c57ba1c0-1024x559.jpeg 1024w, https:\/\/fundaciohospitalariesmartorell.org\/entre-tots\/wp-content\/uploads\/2023\/10\/3cc1404c-0d1f-48e3-ab64-5499c57ba1c0-768x420.jpeg 768w, https:\/\/fundaciohospitalariesmartorell.org\/entre-tots\/wp-content\/uploads\/2023\/10\/3cc1404c-0d1f-48e3-ab64-5499c57ba1c0-1536x839.jpeg 1536w, https:\/\/fundaciohospitalariesmartorell.org\/entre-tots\/wp-content\/uploads\/2023\/10\/3cc1404c-0d1f-48e3-ab64-5499c57ba1c0-1320x721.jpeg 1320w\" sizes=\"auto, (max-width: 1977px) 100vw, 1977px\" \/><\/figure>\n\n\n<p>El Trastorn Obsessiu Compulsiu o TOC \u00e9s un trastorn de salut mental que impedeix dur a terme una vida plena i que pot suposar obstacles importants per a les persones que el pateixen. Per oferir una perspectiva general sobre aquesta patologia i com dur-ne a terme un abordatge integral tant en adults com en infants i adolescents, l\u2019Associaci\u00f3 TOC Catalunya&nbsp;va organitzar&nbsp;el 6 d\u2019octubre la I Jornada a Catalunya sobre el TOC, que&nbsp;va tenir&nbsp;lloc al Col\u00b7legi Oficial de Psicologia de Catalunya (COPC), que tamb\u00e9&nbsp;va col\u00b7laborar&nbsp;a la celebraci\u00f3 d\u2019aquest esdeveniment i en el qual&nbsp;van participar&nbsp;activament professionals de l\u2019Hospital.<\/p>\n\n\n\n<p>En concret&nbsp;van estar&nbsp;dos: Roger Ballesc\u00e0, coordinador de l\u2019\u00c0rea de Salut Mental Infantojuvenil, i la doctora Nuria Jaurrieta, psic\u00f2loga de la Unitat d\u2019Aguts. Tots dos&nbsp;van formar&nbsp;part de la taula rodona en qu\u00e8 es&nbsp;van abordar&nbsp;les diferents perspectives en els tractaments terap\u00e8utics per a les persones que debuten amb un TOC, el primer com a moderador i la segona com a experta.<\/p>\n\n\n\n<p>A la taula&nbsp;es va parlar&nbsp;de la import\u00e0ncia de la psicoter\u00e0pia en aquests trastorns i la Dra. Jaurrieta hi&nbsp;va aportar&nbsp;la seva experi\u00e8ncia des de la perspectiva de la ter\u00e0pia cognitivoconductual, explicant la import\u00e0ncia de la t\u00e8cnica d\u2019exposici\u00f3-prevenci\u00f3-resposta i l\u2019efic\u00e0cia dels tractaments intensius. \u201cNo obstant aix\u00f2, amb les agendes que tenim els i les professionals, aix\u00f2 no acaba de ser viable i potser \u00e9s m\u00e9s efica\u00e7 un tractament intensiu de tres o quatre mesos que no fer una visita mensual als centres de salut mental d\u2019adults\u201d, va explicar la doctora Nuria Jaurrieta. L\u2019experta tamb\u00e9&nbsp;va incidir&nbsp;en la transcend\u00e8ncia que tenen les fam\u00edlies en aquests trastorns i quin paper poden arribar a jugar en el maneig del TOC.<\/p>\n","protected":false},"excerpt":{"rendered":"<p>El Trastorn Obsessiu Compulsiu o TOC \u00e9s un trastorn de salut mental que impedeix dur a terme una vida plena i que pot suposar obstacles importants per a les persones que el pateixen. Per oferir una perspectiva general sobre aquesta patologia i com dur-ne a terme un abordatge integral tant en adults com en infants [&hellip;]<\/p>\n","protected":false},"author":2,"featured_media":7267,"comment_status":"closed","ping_status":"closed","sticky":false,"template":"","format":"standard","meta":{"footnotes":""},"categories":[27],"tags":[],"class_list":["post-7265","post","type-post","status-publish","format-standard","has-post-thumbnail","hentry","category-actualitat"],"blocksy_meta":{"styles_descriptor":{"styles":{"desktop":"","tablet":"","mobile":""},"google_fonts":[],"version":6}},"featured_image_urls_v2":{"full":["https:\/\/fundaciohospitalariesmartorell.org\/entre-tots\/wp-content\/uploads\/2023\/10\/3cc1404c-0d1f-48e3-ab64-5499c57ba1c0.jpeg",1977,1080,false],"thumbnail":["https:\/\/fundaciohospitalariesmartorell.org\/entre-tots\/wp-content\/uploads\/2023\/10\/3cc1404c-0d1f-48e3-ab64-5499c57ba1c0-150x150.jpeg",150,150,true],"medium":["https:\/\/fundaciohospitalariesmartorell.org\/entre-tots\/wp-content\/uploads\/2023\/10\/3cc1404c-0d1f-48e3-ab64-5499c57ba1c0-300x164.jpeg",300,164,true],"medium_large":["https:\/\/fundaciohospitalariesmartorell.org\/entre-tots\/wp-content\/uploads\/2023\/10\/3cc1404c-0d1f-48e3-ab64-5499c57ba1c0-768x420.jpeg",768,420,true],"large":["https:\/\/fundaciohospitalariesmartorell.org\/entre-tots\/wp-content\/uploads\/2023\/10\/3cc1404c-0d1f-48e3-ab64-5499c57ba1c0-1024x559.jpeg",1024,559,true],"1536x1536":["https:\/\/fundaciohospitalariesmartorell.org\/entre-tots\/wp-content\/uploads\/2023\/10\/3cc1404c-0d1f-48e3-ab64-5499c57ba1c0-1536x839.jpeg",1536,839,true],"2048x2048":["https:\/\/fundaciohospitalariesmartorell.org\/entre-tots\/wp-content\/uploads\/2023\/10\/3cc1404c-0d1f-48e3-ab64-5499c57ba1c0.jpeg",1977,1080,false],"mailpoet_newsletter_max":["https:\/\/fundaciohospitalariesmartorell.org\/entre-tots\/wp-content\/uploads\/2023\/10\/3cc1404c-0d1f-48e3-ab64-5499c57ba1c0-1320x721.jpeg",1320,721,true]},"post_excerpt_stackable_v2":"<p>El Trastorn Obsessiu Compulsiu o TOC \u00e9s un trastorn de salut mental que impedeix dur a terme una vida plena i que pot suposar obstacles importants per a les persones que el pateixen. Per oferir una perspectiva general sobre aquesta patologia i com dur-ne a terme un abordatge integral tant en adults com en infants i adolescents, l\u2019Associaci\u00f3 TOC Catalunya&nbsp;va organitzar&nbsp;el 6 d\u2019octubre la I Jornada a Catalunya sobre el TOC, que&nbsp;va tenir&nbsp;lloc al Col\u00b7legi Oficial de Psicologia de Catalunya (COPC), que tamb\u00e9&nbsp;va col\u00b7laborar&nbsp;a la celebraci\u00f3 d\u2019aquest esdeveniment i en el qual&nbsp;van participar&nbsp;activament professionals de l\u2019Hospital. En concret&nbsp;van estar&nbsp;dos: Roger&hellip;<\/p>\n","category_list_v2":"<a href=\"https:\/\/fundaciohospitalariesmartorell.org\/entre-tots\/category\/actualitat\/\" rel=\"category tag\">ACTUALITAT<\/a>","author_info_v2":{"name":"Sagrat Cor","url":"https:\/\/fundaciohospitalariesmartorell.org\/entre-tots\/author\/daniel\/"},"comments_num_v2":"0 comments","_links":{"self":[{"href":"https:\/\/fundaciohospitalariesmartorell.org\/entre-tots\/wp-json\/wp\/v2\/posts\/7265","targetHints":{"allow":["GET"]}}],"collection":[{"href":"https:\/\/fundaciohospitalariesmartorell.org\/entre-tots\/wp-json\/wp\/v2\/posts"}],"about":[{"href":"https:\/\/fundaciohospitalariesmartorell.org\/entre-tots\/wp-json\/wp\/v2\/types\/post"}],"author":[{"embeddable":true,"href":"https:\/\/fundaciohospitalariesmartorell.org\/entre-tots\/wp-json\/wp\/v2\/users\/2"}],"replies":[{"embeddable":true,"href":"https:\/\/fundaciohospitalariesmartorell.org\/entre-tots\/wp-json\/wp\/v2\/comments?post=7265"}],"version-history":[{"count":3,"href":"https:\/\/fundaciohospitalariesmartorell.org\/entre-tots\/wp-json\/wp\/v2\/posts\/7265\/revisions"}],"predecessor-version":[{"id":7411,"href":"https:\/\/fundaciohospitalariesmartorell.org\/entre-tots\/wp-json\/wp\/v2\/posts\/7265\/revisions\/7411"}],"wp:featuredmedia":[{"embeddable":true,"href":"https:\/\/fundaciohospitalariesmartorell.org\/entre-tots\/wp-json\/wp\/v2\/media\/7267"}],"wp:attachment":[{"href":"https:\/\/fundaciohospitalariesmartorell.org\/entre-tots\/wp-json\/wp\/v2\/media?parent=7265"}],"wp:term":[{"taxonomy":"category","embeddable":true,"href":"https:\/\/fundaciohospitalariesmartorell.org\/entre-tots\/wp-json\/wp\/v2\/categories?post=7265"},{"taxonomy":"post_tag","embeddable":true,"href":"https:\/\/fundaciohospitalariesmartorell.org\/entre-tots\/wp-json\/wp\/v2\/tags?post=7265"}],"curies":[{"name":"wp","href":"https:\/\/api.w.org\/{rel}","templated":true}]}}