{"id":7269,"date":"2023-10-28T20:25:46","date_gmt":"2023-10-28T18:25:46","guid":{"rendered":"https:\/\/hospitalsagratcormartorell.org\/entre-tots\/?p=7269"},"modified":"2023-10-31T10:53:03","modified_gmt":"2023-10-31T08:53:03","slug":"roger-ballesca-participa-a-la-nova-campanya-de-germanes-hospitalaries-per-visibilitzar-la-importancia-de-la-salut-mental","status":"publish","type":"post","link":"https:\/\/fundaciohospitalariesmartorell.org\/entre-tots\/2023\/10\/roger-ballesca-participa-a-la-nova-campanya-de-germanes-hospitalaries-per-visibilitzar-la-importancia-de-la-salut-mental\/","title":{"rendered":"Roger Ballesc\u00e0 participa a la nova campanya de Germanes Hospital\u00e0ries per visibilitzar la import\u00e0ncia de la salut mental"},"content":{"rendered":"<figure class=\"wp-block-post-featured-image\"><img loading=\"lazy\" decoding=\"async\" width=\"709\" height=\"709\" src=\"https:\/\/fundaciohospitalariesmartorell.org\/entre-tots\/wp-content\/uploads\/2023\/10\/thumbnail_image001.jpg\" class=\"attachment-post-thumbnail size-post-thumbnail wp-post-image\" alt=\"\" style=\"object-fit:cover;\" srcset=\"https:\/\/fundaciohospitalariesmartorell.org\/entre-tots\/wp-content\/uploads\/2023\/10\/thumbnail_image001.jpg 709w, https:\/\/fundaciohospitalariesmartorell.org\/entre-tots\/wp-content\/uploads\/2023\/10\/thumbnail_image001-300x300.jpg 300w, https:\/\/fundaciohospitalariesmartorell.org\/entre-tots\/wp-content\/uploads\/2023\/10\/thumbnail_image001-150x150.jpg 150w\" sizes=\"auto, (max-width: 709px) 100vw, 709px\" \/><\/figure>\n\n\n<p>Amb motiu del Dia Mundial de la Salut Mental, Germanes Hospital\u00e0ries va engegar una nova campanya internacional amb el t\u00edtol \u201cTens una cita amb la salut mental\u201d. L\u2019objectiu d\u2019aquesta campanya era mostrar la necessitat que tenen moltes persones d\u2019anar a un especialista, i animar a no ignorar aquesta realitat. Una de les activitats que es van dur a terme va ser una confer\u00e8ncia en l\u00ednia, l\u201911 d\u2019octubre, en qu\u00e8 Roger Ballesc\u00e0, coordinador de l\u2019\u00c0rea de Salut Mental Infantojuvenil de l\u2019Hospital Sagrat Cor, va parlar sobre la import\u00e0ncia d\u2019un abordatge preco\u00e7 i especialitzat dels problemes de salut mental i de la batalla contra l\u2019estigma, un element crucial per afavorir una integraci\u00f3 millor i un millor tractament dels nens, les nenes i els i les adolescents que els pateixen.<\/p>\n\n\n\n<p>\u201cCada vegada som m\u00e9s conscients de la import\u00e0ncia de tenir cura de la nostra salut mental i de la dels nostres, i estem aconseguint reduir l\u2019estigma associat als trastorns mentals, malgrat que encara queda molt per fer\u201d, va explicar Ballesc\u00e0, que va incidir en el fet que aix\u00f2 \u00e9s especialment important en els per\u00edodes de la inf\u00e0ncia i de l\u2019adolesc\u00e8ncia, on es posen les bases per a un desenvolupament mental saludable, per\u00f2 tamb\u00e9 \u00e9s quan s\u2019inicien la major part dels trastorns mentals.<\/p>\n\n\n\n<p>Aix\u00ed, segons l\u2019Organitzaci\u00f3 Mundial de la Salut (OMS), la meitat dels trastorns mentals es presenten abans dels catorze anys, i aquest percentatge augmenta fins al 75% abans dels divuit. \u201cPer aix\u00f2 la cura de la salut mental ha de comen\u00e7ar des del moment zero de la vida, no quan ja aparegui un trastorn mental\u201d, va afegir l\u2019expert, que tamb\u00e9 va recalcar com vivim un moment d\u2019hiperexig\u00e8ncia per a la gent jove que, en canvi, xoca amb l\u2019exc\u00e9s de permissibilitat que ofereixen les fam\u00edlies. En aquest sentit tamb\u00e9 va criticar com des de les fam\u00edlies s\u2019est\u00e0 despla\u00e7ant la cura dels menors cap als professionals, moltes vegades per manca de temps, i que aix\u00f2 fa que la pres\u00e8ncia dels pares sigui cada cop menor.<\/p>\n\n\n\n<p>\u201c\u00c9s molt important poder conciliar la vida familiar. Avui veiem que molts pares no saben com acompanyar els seus fills, i aix\u00f2 acaba generant frustracions\u201d, va seguir explicant Ballesc\u00e0. A m\u00e9s va incidir en la import\u00e0ncia d\u2019aprendre a gestionar les emocions i va criticar que vivim en una societat amb massa etiquetes, i que moltes vegades categoritzem com a patologies mentals el que no deixen de ser comportaments habituals per l\u2019edat. \u201cSovint es medicalitza en exc\u00e9s la salut mental\u201d. A la xerrada, Roger Ballesc\u00e0 tamb\u00e9 va explicar la import\u00e0ncia de saber imposar l\u00edmits, per\u00f2 des d\u2019un marc en qu\u00e8 tamb\u00e9 s\u2019ofereixin eines per poder gestionar-los.<\/p>\n\n\n\n<p>Per acabar la seva pon\u00e8ncia, l\u2019expert de Sagrat Cor va incidir en la necessitat d\u2019invertir en la inf\u00e0ncia i posar-la al centre, fent que recuperin espais al carrer i a les fam\u00edlies.<\/p>\n\n\n\n<p>Podeu trobar la confer\u00e8ncia de Roger Ballesc\u00e0&nbsp;<a href=\"https:\/\/www.youtube.com\/watch?v=KKYRCpR-BL8\" target=\"_blank\" rel=\"noreferrer noopener\">aqu\u00ed<\/a>.<\/p>\n","protected":false},"excerpt":{"rendered":"<p>Amb motiu del Dia Mundial de la Salut Mental, Germanes Hospital\u00e0ries va engegar una nova campanya internacional amb el t\u00edtol \u201cTens una cita amb la salut mental\u201d. L\u2019objectiu d\u2019aquesta campanya era mostrar la necessitat que tenen moltes persones d\u2019anar a un especialista, i animar a no ignorar aquesta realitat. Una de les activitats que es [&hellip;]<\/p>\n","protected":false},"author":2,"featured_media":7272,"comment_status":"closed","ping_status":"closed","sticky":false,"template":"","format":"standard","meta":{"footnotes":""},"categories":[27],"tags":[],"class_list":["post-7269","post","type-post","status-publish","format-standard","has-post-thumbnail","hentry","category-actualitat"],"blocksy_meta":{"styles_descriptor":{"styles":{"desktop":"","tablet":"","mobile":""},"google_fonts":[],"version":6}},"featured_image_urls_v2":{"full":["https:\/\/fundaciohospitalariesmartorell.org\/entre-tots\/wp-content\/uploads\/2023\/10\/thumbnail_image001.jpg",709,709,false],"thumbnail":["https:\/\/fundaciohospitalariesmartorell.org\/entre-tots\/wp-content\/uploads\/2023\/10\/thumbnail_image001-150x150.jpg",150,150,true],"medium":["https:\/\/fundaciohospitalariesmartorell.org\/entre-tots\/wp-content\/uploads\/2023\/10\/thumbnail_image001-300x300.jpg",300,300,true],"medium_large":["https:\/\/fundaciohospitalariesmartorell.org\/entre-tots\/wp-content\/uploads\/2023\/10\/thumbnail_image001.jpg",709,709,false],"large":["https:\/\/fundaciohospitalariesmartorell.org\/entre-tots\/wp-content\/uploads\/2023\/10\/thumbnail_image001.jpg",709,709,false],"1536x1536":["https:\/\/fundaciohospitalariesmartorell.org\/entre-tots\/wp-content\/uploads\/2023\/10\/thumbnail_image001.jpg",709,709,false],"2048x2048":["https:\/\/fundaciohospitalariesmartorell.org\/entre-tots\/wp-content\/uploads\/2023\/10\/thumbnail_image001.jpg",709,709,false],"mailpoet_newsletter_max":["https:\/\/fundaciohospitalariesmartorell.org\/entre-tots\/wp-content\/uploads\/2023\/10\/thumbnail_image001.jpg",709,709,false]},"post_excerpt_stackable_v2":"<p>Amb motiu del Dia Mundial de la Salut Mental, Germanes Hospital\u00e0ries va engegar una nova campanya internacional amb el t\u00edtol \u201cTens una cita amb la salut mental\u201d. L\u2019objectiu d\u2019aquesta campanya era mostrar la necessitat que tenen moltes persones d\u2019anar a un especialista, i animar a no ignorar aquesta realitat. Una de les activitats que es van dur a terme va ser una confer\u00e8ncia en l\u00ednia, l\u201911 d\u2019octubre, en qu\u00e8 Roger Ballesc\u00e0, coordinador de l\u2019\u00c0rea de Salut Mental Infantojuvenil de l\u2019Hospital Sagrat Cor, va parlar sobre la import\u00e0ncia d\u2019un abordatge preco\u00e7 i especialitzat dels problemes de salut mental i de la&hellip;<\/p>\n","category_list_v2":"<a href=\"https:\/\/fundaciohospitalariesmartorell.org\/entre-tots\/category\/actualitat\/\" rel=\"category tag\">ACTUALITAT<\/a>","author_info_v2":{"name":"Sagrat Cor","url":"https:\/\/fundaciohospitalariesmartorell.org\/entre-tots\/author\/daniel\/"},"comments_num_v2":"0 comments","_links":{"self":[{"href":"https:\/\/fundaciohospitalariesmartorell.org\/entre-tots\/wp-json\/wp\/v2\/posts\/7269","targetHints":{"allow":["GET"]}}],"collection":[{"href":"https:\/\/fundaciohospitalariesmartorell.org\/entre-tots\/wp-json\/wp\/v2\/posts"}],"about":[{"href":"https:\/\/fundaciohospitalariesmartorell.org\/entre-tots\/wp-json\/wp\/v2\/types\/post"}],"author":[{"embeddable":true,"href":"https:\/\/fundaciohospitalariesmartorell.org\/entre-tots\/wp-json\/wp\/v2\/users\/2"}],"replies":[{"embeddable":true,"href":"https:\/\/fundaciohospitalariesmartorell.org\/entre-tots\/wp-json\/wp\/v2\/comments?post=7269"}],"version-history":[{"count":3,"href":"https:\/\/fundaciohospitalariesmartorell.org\/entre-tots\/wp-json\/wp\/v2\/posts\/7269\/revisions"}],"predecessor-version":[{"id":7409,"href":"https:\/\/fundaciohospitalariesmartorell.org\/entre-tots\/wp-json\/wp\/v2\/posts\/7269\/revisions\/7409"}],"wp:featuredmedia":[{"embeddable":true,"href":"https:\/\/fundaciohospitalariesmartorell.org\/entre-tots\/wp-json\/wp\/v2\/media\/7272"}],"wp:attachment":[{"href":"https:\/\/fundaciohospitalariesmartorell.org\/entre-tots\/wp-json\/wp\/v2\/media?parent=7269"}],"wp:term":[{"taxonomy":"category","embeddable":true,"href":"https:\/\/fundaciohospitalariesmartorell.org\/entre-tots\/wp-json\/wp\/v2\/categories?post=7269"},{"taxonomy":"post_tag","embeddable":true,"href":"https:\/\/fundaciohospitalariesmartorell.org\/entre-tots\/wp-json\/wp\/v2\/tags?post=7269"}],"curies":[{"name":"wp","href":"https:\/\/api.w.org\/{rel}","templated":true}]}}