{"id":7274,"date":"2023-10-28T20:27:11","date_gmt":"2023-10-28T18:27:11","guid":{"rendered":"https:\/\/hospitalsagratcormartorell.org\/entre-tots\/?p=7274"},"modified":"2023-10-31T10:47:32","modified_gmt":"2023-10-31T08:47:32","slug":"lhospital-sagrat-cor-encara-mes-connectat-amb-el-personal-collaborador-i-la-ciutadania","status":"publish","type":"post","link":"https:\/\/fundaciohospitalariesmartorell.org\/entre-tots\/2023\/10\/lhospital-sagrat-cor-encara-mes-connectat-amb-el-personal-collaborador-i-la-ciutadania\/","title":{"rendered":"L\u2019Hospital Sagrat Cor, encara m\u00e9s connectat amb el personal col.laborador i la ciutadania"},"content":{"rendered":"<figure class=\"wp-block-post-featured-image\"><img loading=\"lazy\" decoding=\"async\" width=\"1280\" height=\"720\" src=\"https:\/\/fundaciohospitalariesmartorell.org\/entre-tots\/wp-content\/uploads\/2023\/10\/xarxes-socials-HSC.png\" class=\"attachment-post-thumbnail size-post-thumbnail wp-post-image\" alt=\"\" style=\"object-fit:cover;\" srcset=\"https:\/\/fundaciohospitalariesmartorell.org\/entre-tots\/wp-content\/uploads\/2023\/10\/xarxes-socials-HSC.png 1280w, https:\/\/fundaciohospitalariesmartorell.org\/entre-tots\/wp-content\/uploads\/2023\/10\/xarxes-socials-HSC-300x169.png 300w, https:\/\/fundaciohospitalariesmartorell.org\/entre-tots\/wp-content\/uploads\/2023\/10\/xarxes-socials-HSC-1024x576.png 1024w, https:\/\/fundaciohospitalariesmartorell.org\/entre-tots\/wp-content\/uploads\/2023\/10\/xarxes-socials-HSC-768x432.png 768w\" sizes=\"auto, (max-width: 1280px) 100vw, 1280px\" \/><\/figure>\n\n\n<p>Aquest mes d\u2019octubre, coincidint amb la benedicci\u00f3 del nou edifici assistencial a Martorell de l&#8217;Hospital Sagrat Cor, presidida per moss\u00e8n Esteve, el Centre ha inaugurat m\u00e9s canals socials per estar m\u00e9s a prop de tots i totes vosaltres i de la ciutadania.<\/p>\n\n\n\n<p>En paraules de sor Isabel Bl\u00e1zquez, superiora del nostre Hospital, \u201cl\u2019Hospitalitat comen\u00e7a per obrir-vos les portes all\u00ed on sabem que hi ha el nostre p\u00fablic, ja sigueu tots vosaltres o b\u00e9 siguin totes les nostres persones usu\u00e0ries i la ciutadania en general\u201d. Per aquest motiu, s\u2019ha fet un esfor\u00e7 per obrir aquells canals que professionals tant de l\u2019Hospital, a Martorell, com d\u2019equipaments comunitaris, ens deman\u00e0veu de fa temps.<\/p>\n\n\n\n<p>Aix\u00ed, des del 2 d\u2019octubre ens podeu trobar activament a <a href=\"https:\/\/www.instagram.com\/hospital.sagratcor\/\">Instagram<\/a> i <a href=\"https:\/\/www.facebook.com\/hospitalsagratcor\">Facebook<\/a>, hem refor\u00e7at la nostra pres\u00e8ncia a <a href=\"https:\/\/www.linkedin.com\/company\/hospital-sagrat-cor-germanes-hospital%C3%A0ries\/\">LinkedIn<\/a>, hem augmentat la freq\u00fc\u00e8ncia de les nostres publicacions i hem fet p\u00fablic el nostre canal de YouTube amb la publicaci\u00f3 de v\u00eddeos per a tothom coincidint amb la <a href=\"https:\/\/www.youtube.com\/watch?v=WaCjKnaW6zw\">visita del Conseller Manel Balcells<\/a> el proppassat 6 de setembre.<\/p>\n\n\n\n<p>La nostra Congregaci\u00f3 es caracteritza per estar en cont\u00ednua evoluci\u00f3, sempre d\u2019acord amb l\u2019actualitat i amb la realitat de cada moment. En paraules del doctor Jes\u00fas Ezquerra, gerent de l\u2019Hospital Sagrat Cor: \u201cEn la nostra missi\u00f3 sempre hi ha l\u2019acollida, l\u2019assist\u00e8ncia, la cura especialitzada i l\u2019atenci\u00f3 a la vulnerabilitat i a totes les necessitats de les persones usu\u00e0ries, sempre en cada temps i en cada espai. Som especialistes en Salut Mental i atenci\u00f3 interm\u00e8dia i \u00e9s molt important que qui ho necessiti ens tingui de refer\u00e8ncia\u201d.<\/p>\n\n\n\n<p>Aquest esfor\u00e7, que respon a les necessitats actuals de comunicaci\u00f3 del Centre, tamb\u00e9 s\u2019alinea amb els diferents objectius estrat\u00e8gics de l\u2019Obra Hospital\u00e0ria i amb la necessitat de tenir una pres\u00e8ncia digital cada vegada m\u00e9s s\u00f2lida. Aix\u00ed, el nostre objectiu amb aquesta aposta per augmentar la pres\u00e8ncia de l\u2019Hospital Sagrat Cor a les xarxes socials \u00e9s rebre totes les persones que col\u00b7laboren amb nosaltres i tota la ciutadania de la manera m\u00e9s propera possible, fent possible que ens trobin en aquelles xarxes per on naveguen en el seu dia a dia i no que ens hagin de venir a buscar. Us animem a&nbsp; tots i totes a seguir-nos i a compartir en els nous canals de casa nostra, que des d\u2019ara tamb\u00e9 s\u00f3n casa vostra. <a href=\"https:\/\/www.instagram.com\/explore\/tags\/entretotshsc\/\">#EntreTotsHSC<\/a> fem i som l\u2019Hospital Sagrat Cor.<\/p>\n","protected":false},"excerpt":{"rendered":"<p>Aquest mes d\u2019octubre, coincidint amb la benedicci\u00f3 del nou edifici assistencial a Martorell de l&#8217;Hospital Sagrat Cor, presidida per moss\u00e8n Esteve, el Centre ha inaugurat m\u00e9s canals socials per estar m\u00e9s a prop de tots i totes vosaltres i de la ciutadania. En paraules de sor Isabel Bl\u00e1zquez, superiora del nostre Hospital, \u201cl\u2019Hospitalitat comen\u00e7a per [&hellip;]<\/p>\n","protected":false},"author":2,"featured_media":7276,"comment_status":"closed","ping_status":"closed","sticky":false,"template":"","format":"standard","meta":{"footnotes":""},"categories":[27],"tags":[],"class_list":["post-7274","post","type-post","status-publish","format-standard","has-post-thumbnail","hentry","category-actualitat"],"blocksy_meta":{"styles_descriptor":{"styles":{"desktop":"","tablet":"","mobile":""},"google_fonts":[],"version":6}},"featured_image_urls_v2":{"full":["https:\/\/fundaciohospitalariesmartorell.org\/entre-tots\/wp-content\/uploads\/2023\/10\/xarxes-socials-HSC.png",1280,720,false],"thumbnail":["https:\/\/fundaciohospitalariesmartorell.org\/entre-tots\/wp-content\/uploads\/2023\/10\/xarxes-socials-HSC-150x150.png",150,150,true],"medium":["https:\/\/fundaciohospitalariesmartorell.org\/entre-tots\/wp-content\/uploads\/2023\/10\/xarxes-socials-HSC-300x169.png",300,169,true],"medium_large":["https:\/\/fundaciohospitalariesmartorell.org\/entre-tots\/wp-content\/uploads\/2023\/10\/xarxes-socials-HSC-768x432.png",768,432,true],"large":["https:\/\/fundaciohospitalariesmartorell.org\/entre-tots\/wp-content\/uploads\/2023\/10\/xarxes-socials-HSC-1024x576.png",1024,576,true],"1536x1536":["https:\/\/fundaciohospitalariesmartorell.org\/entre-tots\/wp-content\/uploads\/2023\/10\/xarxes-socials-HSC.png",1280,720,false],"2048x2048":["https:\/\/fundaciohospitalariesmartorell.org\/entre-tots\/wp-content\/uploads\/2023\/10\/xarxes-socials-HSC.png",1280,720,false],"mailpoet_newsletter_max":["https:\/\/fundaciohospitalariesmartorell.org\/entre-tots\/wp-content\/uploads\/2023\/10\/xarxes-socials-HSC.png",1280,720,false]},"post_excerpt_stackable_v2":"<p>Aquest mes d\u2019octubre, coincidint amb la benedicci\u00f3 del nou edifici assistencial a Martorell de l&#8217;Hospital Sagrat Cor, presidida per moss\u00e8n Esteve, el Centre ha inaugurat m\u00e9s canals socials per estar m\u00e9s a prop de tots i totes vosaltres i de la ciutadania. En paraules de sor Isabel Bl\u00e1zquez, superiora del nostre Hospital, \u201cl\u2019Hospitalitat comen\u00e7a per obrir-vos les portes all\u00ed on sabem que hi ha el nostre p\u00fablic, ja sigueu tots vosaltres o b\u00e9 siguin totes les nostres persones usu\u00e0ries i la ciutadania en general\u201d. Per aquest motiu, s\u2019ha fet un esfor\u00e7 per obrir aquells canals que professionals tant de l\u2019Hospital,&hellip;<\/p>\n","category_list_v2":"<a href=\"https:\/\/fundaciohospitalariesmartorell.org\/entre-tots\/category\/actualitat\/\" rel=\"category tag\">ACTUALITAT<\/a>","author_info_v2":{"name":"Sagrat Cor","url":"https:\/\/fundaciohospitalariesmartorell.org\/entre-tots\/author\/daniel\/"},"comments_num_v2":"0 comments","_links":{"self":[{"href":"https:\/\/fundaciohospitalariesmartorell.org\/entre-tots\/wp-json\/wp\/v2\/posts\/7274","targetHints":{"allow":["GET"]}}],"collection":[{"href":"https:\/\/fundaciohospitalariesmartorell.org\/entre-tots\/wp-json\/wp\/v2\/posts"}],"about":[{"href":"https:\/\/fundaciohospitalariesmartorell.org\/entre-tots\/wp-json\/wp\/v2\/types\/post"}],"author":[{"embeddable":true,"href":"https:\/\/fundaciohospitalariesmartorell.org\/entre-tots\/wp-json\/wp\/v2\/users\/2"}],"replies":[{"embeddable":true,"href":"https:\/\/fundaciohospitalariesmartorell.org\/entre-tots\/wp-json\/wp\/v2\/comments?post=7274"}],"version-history":[{"count":3,"href":"https:\/\/fundaciohospitalariesmartorell.org\/entre-tots\/wp-json\/wp\/v2\/posts\/7274\/revisions"}],"predecessor-version":[{"id":7407,"href":"https:\/\/fundaciohospitalariesmartorell.org\/entre-tots\/wp-json\/wp\/v2\/posts\/7274\/revisions\/7407"}],"wp:featuredmedia":[{"embeddable":true,"href":"https:\/\/fundaciohospitalariesmartorell.org\/entre-tots\/wp-json\/wp\/v2\/media\/7276"}],"wp:attachment":[{"href":"https:\/\/fundaciohospitalariesmartorell.org\/entre-tots\/wp-json\/wp\/v2\/media?parent=7274"}],"wp:term":[{"taxonomy":"category","embeddable":true,"href":"https:\/\/fundaciohospitalariesmartorell.org\/entre-tots\/wp-json\/wp\/v2\/categories?post=7274"},{"taxonomy":"post_tag","embeddable":true,"href":"https:\/\/fundaciohospitalariesmartorell.org\/entre-tots\/wp-json\/wp\/v2\/tags?post=7274"}],"curies":[{"name":"wp","href":"https:\/\/api.w.org\/{rel}","templated":true}]}}