{"id":7278,"date":"2023-10-28T20:29:10","date_gmt":"2023-10-28T18:29:10","guid":{"rendered":"https:\/\/hospitalsagratcormartorell.org\/entre-tots\/?p=7278"},"modified":"2023-10-30T16:49:52","modified_gmt":"2023-10-30T14:49:52","slug":"renovem-el-segell-efqm-400","status":"publish","type":"post","link":"https:\/\/fundaciohospitalariesmartorell.org\/entre-tots\/2023\/10\/renovem-el-segell-efqm-400\/","title":{"rendered":"Renovem el segell EFQM 400"},"content":{"rendered":"<figure class=\"wp-block-post-featured-image\"><img loading=\"lazy\" decoding=\"async\" width=\"1742\" height=\"2350\" src=\"https:\/\/fundaciohospitalariesmartorell.org\/entre-tots\/wp-content\/uploads\/2023\/10\/Captura-de-pantalla-2023-10-28-a-les-20.28.53.jpg\" class=\"attachment-post-thumbnail size-post-thumbnail wp-post-image\" alt=\"\" style=\"object-fit:cover;\" srcset=\"https:\/\/fundaciohospitalariesmartorell.org\/entre-tots\/wp-content\/uploads\/2023\/10\/Captura-de-pantalla-2023-10-28-a-les-20.28.53.jpg 1742w, https:\/\/fundaciohospitalariesmartorell.org\/entre-tots\/wp-content\/uploads\/2023\/10\/Captura-de-pantalla-2023-10-28-a-les-20.28.53-222x300.jpg 222w, https:\/\/fundaciohospitalariesmartorell.org\/entre-tots\/wp-content\/uploads\/2023\/10\/Captura-de-pantalla-2023-10-28-a-les-20.28.53-759x1024.jpg 759w, https:\/\/fundaciohospitalariesmartorell.org\/entre-tots\/wp-content\/uploads\/2023\/10\/Captura-de-pantalla-2023-10-28-a-les-20.28.53-768x1036.jpg 768w, https:\/\/fundaciohospitalariesmartorell.org\/entre-tots\/wp-content\/uploads\/2023\/10\/Captura-de-pantalla-2023-10-28-a-les-20.28.53-1139x1536.jpg 1139w, https:\/\/fundaciohospitalariesmartorell.org\/entre-tots\/wp-content\/uploads\/2023\/10\/Captura-de-pantalla-2023-10-28-a-les-20.28.53-1518x2048.jpg 1518w, https:\/\/fundaciohospitalariesmartorell.org\/entre-tots\/wp-content\/uploads\/2023\/10\/Captura-de-pantalla-2023-10-28-a-les-20.28.53-1320x1781.jpg 1320w\" sizes=\"auto, (max-width: 1742px) 100vw, 1742px\" \/><\/figure>\n\n\n<p>L\u2019Hospital Sagrat Cor ha aconseguit renovar el segell EFQM 400, que li va ser atorgat per primera vegada el 2017. Aquesta \u00e9s l\u2019\u00fanica certificaci\u00f3 internacional que reconeix la gesti\u00f3 excel\u00b7lent, innovadora i sostenible de les organitzacions. \u00c9s l\u2019eina ideal per mesurar i accelerar la transformaci\u00f3 d\u2019una organitzaci\u00f3, ja que permet descobrir punts forts i aprofitar oportunitats de millora. Aquesta distinci\u00f3 internacional la concedeix el Club Excel\u00b7l\u00e8ncia en Gesti\u00f3 (CEG) quan s\u2019ha superat amb \u00e8xit l\u2019avaluaci\u00f3 externa duta a terme per AENOR.<\/p>\n\n\n\n<p>El proc\u00e9s de renovaci\u00f3 d\u2019aquest segell va comen\u00e7ar l\u2019octubre del 2022 amb una formaci\u00f3 dirigida a c\u00e0rrecs intermedis i persones clau de l\u2019Organitzaci\u00f3 amb la finalitat d\u2019elaborar la mem\u00f2ria EFQM, aprofundint en aquest model dirigit a fomentar el rendiment de les organitzacions i preparar-les per als reptes futurs. La Direcci\u00f3 de l\u2019Hospital vol agrair la implicaci\u00f3 dels i les professionals per aconseguir la renovaci\u00f3 d\u2019aquest reconeixement, que consolida el nostre Centre com una organitzaci\u00f3 referent en gesti\u00f3 innovadora, sostenible i excel\u00b7lent.<\/p>\n\n\n\n<p>L\u2019EFQM \u00e9s un model de gesti\u00f3 integral de l\u2019organitzaci\u00f3 basat en els resultats, que relaciona tots els factors o elements que contribueixen a obtenir-los en les persones usu\u00e0ries, la mateixa organitzaci\u00f3 i la societat. En definitiva, es tracta de donar resposta al Per qu\u00e8 \u2012Missi\u00f3, Visi\u00f3 i Valors\u2012, al Com \u2012lideratge, estrat\u00e8gia i processos de treball integrats\u2012 i al Qu\u00e8 \u2012resultats obtinguts\u2012 de la nostra feina. Es basa en la millora continuada a trav\u00e9s de la l\u00f2gica REDER, que inclou des de la definici\u00f3 dels resultats a obtenir, l\u2019elaboraci\u00f3 i l\u2019execuci\u00f3 del pla fins a l\u2019avaluaci\u00f3 dels resultats.<\/p>\n","protected":false},"excerpt":{"rendered":"<p>L\u2019Hospital Sagrat Cor ha aconseguit renovar el segell EFQM 400, que li va ser atorgat per primera vegada el 2017. Aquesta \u00e9s l\u2019\u00fanica certificaci\u00f3 internacional que reconeix la gesti\u00f3 excel\u00b7lent, innovadora i sostenible de les organitzacions. \u00c9s l\u2019eina ideal per mesurar i accelerar la transformaci\u00f3 d\u2019una organitzaci\u00f3, ja que permet descobrir punts forts i aprofitar [&hellip;]<\/p>\n","protected":false},"author":2,"featured_media":7280,"comment_status":"closed","ping_status":"closed","sticky":false,"template":"","format":"standard","meta":{"footnotes":""},"categories":[27],"tags":[],"class_list":["post-7278","post","type-post","status-publish","format-standard","has-post-thumbnail","hentry","category-actualitat"],"blocksy_meta":{"styles_descriptor":{"styles":{"desktop":"","tablet":"","mobile":""},"google_fonts":[],"version":6}},"featured_image_urls_v2":{"full":["https:\/\/fundaciohospitalariesmartorell.org\/entre-tots\/wp-content\/uploads\/2023\/10\/Captura-de-pantalla-2023-10-28-a-les-20.28.53.jpg",1742,2350,false],"thumbnail":["https:\/\/fundaciohospitalariesmartorell.org\/entre-tots\/wp-content\/uploads\/2023\/10\/Captura-de-pantalla-2023-10-28-a-les-20.28.53-150x150.jpg",150,150,true],"medium":["https:\/\/fundaciohospitalariesmartorell.org\/entre-tots\/wp-content\/uploads\/2023\/10\/Captura-de-pantalla-2023-10-28-a-les-20.28.53-222x300.jpg",222,300,true],"medium_large":["https:\/\/fundaciohospitalariesmartorell.org\/entre-tots\/wp-content\/uploads\/2023\/10\/Captura-de-pantalla-2023-10-28-a-les-20.28.53-768x1036.jpg",768,1036,true],"large":["https:\/\/fundaciohospitalariesmartorell.org\/entre-tots\/wp-content\/uploads\/2023\/10\/Captura-de-pantalla-2023-10-28-a-les-20.28.53-759x1024.jpg",759,1024,true],"1536x1536":["https:\/\/fundaciohospitalariesmartorell.org\/entre-tots\/wp-content\/uploads\/2023\/10\/Captura-de-pantalla-2023-10-28-a-les-20.28.53-1139x1536.jpg",1139,1536,true],"2048x2048":["https:\/\/fundaciohospitalariesmartorell.org\/entre-tots\/wp-content\/uploads\/2023\/10\/Captura-de-pantalla-2023-10-28-a-les-20.28.53-1518x2048.jpg",1518,2048,true],"mailpoet_newsletter_max":["https:\/\/fundaciohospitalariesmartorell.org\/entre-tots\/wp-content\/uploads\/2023\/10\/Captura-de-pantalla-2023-10-28-a-les-20.28.53-1320x1781.jpg",1320,1781,true]},"post_excerpt_stackable_v2":"<p>L\u2019Hospital Sagrat Cor ha aconseguit renovar el segell EFQM 400, que li va ser atorgat per primera vegada el 2017. Aquesta \u00e9s l\u2019\u00fanica certificaci\u00f3 internacional que reconeix la gesti\u00f3 excel\u00b7lent, innovadora i sostenible de les organitzacions. \u00c9s l\u2019eina ideal per mesurar i accelerar la transformaci\u00f3 d\u2019una organitzaci\u00f3, ja que permet descobrir punts forts i aprofitar oportunitats de millora. Aquesta distinci\u00f3 internacional la concedeix el Club Excel\u00b7l\u00e8ncia en Gesti\u00f3 (CEG) quan s\u2019ha superat amb \u00e8xit l\u2019avaluaci\u00f3 externa duta a terme per AENOR. El proc\u00e9s de renovaci\u00f3 d\u2019aquest segell va comen\u00e7ar l\u2019octubre del 2022 amb una formaci\u00f3 dirigida a c\u00e0rrecs intermedis i&hellip;<\/p>\n","category_list_v2":"<a href=\"https:\/\/fundaciohospitalariesmartorell.org\/entre-tots\/category\/actualitat\/\" rel=\"category tag\">ACTUALITAT<\/a>","author_info_v2":{"name":"Sagrat Cor","url":"https:\/\/fundaciohospitalariesmartorell.org\/entre-tots\/author\/daniel\/"},"comments_num_v2":"0 comments","_links":{"self":[{"href":"https:\/\/fundaciohospitalariesmartorell.org\/entre-tots\/wp-json\/wp\/v2\/posts\/7278","targetHints":{"allow":["GET"]}}],"collection":[{"href":"https:\/\/fundaciohospitalariesmartorell.org\/entre-tots\/wp-json\/wp\/v2\/posts"}],"about":[{"href":"https:\/\/fundaciohospitalariesmartorell.org\/entre-tots\/wp-json\/wp\/v2\/types\/post"}],"author":[{"embeddable":true,"href":"https:\/\/fundaciohospitalariesmartorell.org\/entre-tots\/wp-json\/wp\/v2\/users\/2"}],"replies":[{"embeddable":true,"href":"https:\/\/fundaciohospitalariesmartorell.org\/entre-tots\/wp-json\/wp\/v2\/comments?post=7278"}],"version-history":[{"count":2,"href":"https:\/\/fundaciohospitalariesmartorell.org\/entre-tots\/wp-json\/wp\/v2\/posts\/7278\/revisions"}],"predecessor-version":[{"id":7281,"href":"https:\/\/fundaciohospitalariesmartorell.org\/entre-tots\/wp-json\/wp\/v2\/posts\/7278\/revisions\/7281"}],"wp:featuredmedia":[{"embeddable":true,"href":"https:\/\/fundaciohospitalariesmartorell.org\/entre-tots\/wp-json\/wp\/v2\/media\/7280"}],"wp:attachment":[{"href":"https:\/\/fundaciohospitalariesmartorell.org\/entre-tots\/wp-json\/wp\/v2\/media?parent=7278"}],"wp:term":[{"taxonomy":"category","embeddable":true,"href":"https:\/\/fundaciohospitalariesmartorell.org\/entre-tots\/wp-json\/wp\/v2\/categories?post=7278"},{"taxonomy":"post_tag","embeddable":true,"href":"https:\/\/fundaciohospitalariesmartorell.org\/entre-tots\/wp-json\/wp\/v2\/tags?post=7278"}],"curies":[{"name":"wp","href":"https:\/\/api.w.org\/{rel}","templated":true}]}}