{"id":7282,"date":"2023-10-28T20:30:56","date_gmt":"2023-10-28T18:30:56","guid":{"rendered":"https:\/\/hospitalsagratcormartorell.org\/entre-tots\/?p=7282"},"modified":"2023-10-31T10:42:47","modified_gmt":"2023-10-31T08:42:47","slug":"som-referents-al-baix-llobregat-nord-en-la-rehabilitacio-de-pacients-amb-dany-cerebral-adquirit","status":"publish","type":"post","link":"https:\/\/fundaciohospitalariesmartorell.org\/entre-tots\/2023\/10\/som-referents-al-baix-llobregat-nord-en-la-rehabilitacio-de-pacients-amb-dany-cerebral-adquirit\/","title":{"rendered":"Som referents al Baix Llobregat Nord en la rehabilitaci\u00f3 de pacients amb Dany Cerebral Adquirit"},"content":{"rendered":"<figure class=\"wp-block-post-featured-image\"><img loading=\"lazy\" decoding=\"async\" width=\"1934\" height=\"1078\" src=\"https:\/\/fundaciohospitalariesmartorell.org\/entre-tots\/wp-content\/uploads\/2023\/10\/23_10_REFERENT-BAIX-LLOBREGAT_01.jpg\" class=\"attachment-post-thumbnail size-post-thumbnail wp-post-image\" alt=\"\" style=\"object-fit:cover;\" srcset=\"https:\/\/fundaciohospitalariesmartorell.org\/entre-tots\/wp-content\/uploads\/2023\/10\/23_10_REFERENT-BAIX-LLOBREGAT_01.jpg 1934w, https:\/\/fundaciohospitalariesmartorell.org\/entre-tots\/wp-content\/uploads\/2023\/10\/23_10_REFERENT-BAIX-LLOBREGAT_01-300x167.jpg 300w, https:\/\/fundaciohospitalariesmartorell.org\/entre-tots\/wp-content\/uploads\/2023\/10\/23_10_REFERENT-BAIX-LLOBREGAT_01-1024x571.jpg 1024w, https:\/\/fundaciohospitalariesmartorell.org\/entre-tots\/wp-content\/uploads\/2023\/10\/23_10_REFERENT-BAIX-LLOBREGAT_01-768x428.jpg 768w, https:\/\/fundaciohospitalariesmartorell.org\/entre-tots\/wp-content\/uploads\/2023\/10\/23_10_REFERENT-BAIX-LLOBREGAT_01-1536x856.jpg 1536w, https:\/\/fundaciohospitalariesmartorell.org\/entre-tots\/wp-content\/uploads\/2023\/10\/23_10_REFERENT-BAIX-LLOBREGAT_01-1320x736.jpg 1320w\" sizes=\"auto, (max-width: 1934px) 100vw, 1934px\" \/><\/figure>\n\n\n<p>Amb motiu del&nbsp;Dia Mundial del Dany Cerebral Adquirit (DCA), el 26 d&#8217;octubre, l&#8217;Hospital Sagrat Cor va voler donar a con\u00e8ixer la tasca que realitza en aquest \u00e0mbit amb la realitzaci\u00f3 d&#8217;un v\u00eddeo&nbsp;amb testimonis de professionals i persones usu\u00e0ries.&nbsp;&nbsp;<\/p>\n\n\n\n<p>El nostre centre&nbsp;\u00e9s referent al Baix Llobregat Nord en la rehabilitaci\u00f3 integral de pacients amb DCA. En aquest sentit, compta, des de fa m\u00e9s de 20 anys, amb un equip multidisciplinari que realitza un abordatge conjunt mitjan\u00e7ant diferents disciplines com la fisioter\u00e0pia, la ter\u00e0pia ocupacional i la logop\u00e8dia.<\/p>\n\n\n\n<p>Els i les pacients poden beneficiar-se d&#8217;aquesta atenci\u00f3 especialitzada a trav\u00e9s d&#8217;un ingr\u00e9s a l&#8217;\u00c0rea d&#8217;Atenci\u00f3 Interm\u00e8dia de l&#8217;Hospital, b\u00e9 a una unitat hospital\u00e0ria o b\u00e9 a l&#8217;Hospital de Dia.<\/p>\n\n\n\n<p>A m\u00e9s, l&#8217;Hospital Sagrat Cor \u00e9s un centre col\u00b7laborador de la Xarxa Menni de Dany Cerebral de Germanes Hospital\u00e0ries, pionera en la creaci\u00f3 de serveis de rehabilitaci\u00f3 especialitzats per a persones amb DCA i la qual est\u00e0 present a sis comunitats aut\u00f2nomes.<\/p>\n\n\n\n<p>Podeu veure el v\u00eddeo <a href=\"https:\/\/www.youtube.com\/watch?v=J208hDPIq6Q\">aqu\u00ed<\/a>.<\/p>\n","protected":false},"excerpt":{"rendered":"<p>Amb motiu del&nbsp;Dia Mundial del Dany Cerebral Adquirit (DCA), el 26 d&#8217;octubre, l&#8217;Hospital Sagrat Cor va voler donar a con\u00e8ixer la tasca que realitza en aquest \u00e0mbit amb la realitzaci\u00f3 d&#8217;un v\u00eddeo&nbsp;amb testimonis de professionals i persones usu\u00e0ries.&nbsp;&nbsp; El nostre centre&nbsp;\u00e9s referent al Baix Llobregat Nord en la rehabilitaci\u00f3 integral de pacients amb DCA. En [&hellip;]<\/p>\n","protected":false},"author":2,"featured_media":7284,"comment_status":"closed","ping_status":"closed","sticky":false,"template":"","format":"standard","meta":{"footnotes":""},"categories":[27],"tags":[],"class_list":["post-7282","post","type-post","status-publish","format-standard","has-post-thumbnail","hentry","category-actualitat"],"blocksy_meta":{"styles_descriptor":{"styles":{"desktop":"","tablet":"","mobile":""},"google_fonts":[],"version":6}},"featured_image_urls_v2":{"full":["https:\/\/fundaciohospitalariesmartorell.org\/entre-tots\/wp-content\/uploads\/2023\/10\/23_10_REFERENT-BAIX-LLOBREGAT_01.jpg",1934,1078,false],"thumbnail":["https:\/\/fundaciohospitalariesmartorell.org\/entre-tots\/wp-content\/uploads\/2023\/10\/23_10_REFERENT-BAIX-LLOBREGAT_01-150x150.jpg",150,150,true],"medium":["https:\/\/fundaciohospitalariesmartorell.org\/entre-tots\/wp-content\/uploads\/2023\/10\/23_10_REFERENT-BAIX-LLOBREGAT_01-300x167.jpg",300,167,true],"medium_large":["https:\/\/fundaciohospitalariesmartorell.org\/entre-tots\/wp-content\/uploads\/2023\/10\/23_10_REFERENT-BAIX-LLOBREGAT_01-768x428.jpg",768,428,true],"large":["https:\/\/fundaciohospitalariesmartorell.org\/entre-tots\/wp-content\/uploads\/2023\/10\/23_10_REFERENT-BAIX-LLOBREGAT_01-1024x571.jpg",1024,571,true],"1536x1536":["https:\/\/fundaciohospitalariesmartorell.org\/entre-tots\/wp-content\/uploads\/2023\/10\/23_10_REFERENT-BAIX-LLOBREGAT_01-1536x856.jpg",1536,856,true],"2048x2048":["https:\/\/fundaciohospitalariesmartorell.org\/entre-tots\/wp-content\/uploads\/2023\/10\/23_10_REFERENT-BAIX-LLOBREGAT_01.jpg",1934,1078,false],"mailpoet_newsletter_max":["https:\/\/fundaciohospitalariesmartorell.org\/entre-tots\/wp-content\/uploads\/2023\/10\/23_10_REFERENT-BAIX-LLOBREGAT_01-1320x736.jpg",1320,736,true]},"post_excerpt_stackable_v2":"<p>Amb motiu del&nbsp;Dia Mundial del Dany Cerebral Adquirit (DCA), el 26 d&#8217;octubre, l&#8217;Hospital Sagrat Cor va voler donar a con\u00e8ixer la tasca que realitza en aquest \u00e0mbit amb la realitzaci\u00f3 d&#8217;un v\u00eddeo&nbsp;amb testimonis de professionals i persones usu\u00e0ries.&nbsp;&nbsp; El nostre centre&nbsp;\u00e9s referent al Baix Llobregat Nord en la rehabilitaci\u00f3 integral de pacients amb DCA. En aquest sentit, compta, des de fa m\u00e9s de 20 anys, amb un equip multidisciplinari que realitza un abordatge conjunt mitjan\u00e7ant diferents disciplines com la fisioter\u00e0pia, la ter\u00e0pia ocupacional i la logop\u00e8dia. Els i les pacients poden beneficiar-se d&#8217;aquesta atenci\u00f3 especialitzada a trav\u00e9s d&#8217;un ingr\u00e9s a&hellip;<\/p>\n","category_list_v2":"<a href=\"https:\/\/fundaciohospitalariesmartorell.org\/entre-tots\/category\/actualitat\/\" rel=\"category tag\">ACTUALITAT<\/a>","author_info_v2":{"name":"Sagrat Cor","url":"https:\/\/fundaciohospitalariesmartorell.org\/entre-tots\/author\/daniel\/"},"comments_num_v2":"0 comments","_links":{"self":[{"href":"https:\/\/fundaciohospitalariesmartorell.org\/entre-tots\/wp-json\/wp\/v2\/posts\/7282","targetHints":{"allow":["GET"]}}],"collection":[{"href":"https:\/\/fundaciohospitalariesmartorell.org\/entre-tots\/wp-json\/wp\/v2\/posts"}],"about":[{"href":"https:\/\/fundaciohospitalariesmartorell.org\/entre-tots\/wp-json\/wp\/v2\/types\/post"}],"author":[{"embeddable":true,"href":"https:\/\/fundaciohospitalariesmartorell.org\/entre-tots\/wp-json\/wp\/v2\/users\/2"}],"replies":[{"embeddable":true,"href":"https:\/\/fundaciohospitalariesmartorell.org\/entre-tots\/wp-json\/wp\/v2\/comments?post=7282"}],"version-history":[{"count":5,"href":"https:\/\/fundaciohospitalariesmartorell.org\/entre-tots\/wp-json\/wp\/v2\/posts\/7282\/revisions"}],"predecessor-version":[{"id":7404,"href":"https:\/\/fundaciohospitalariesmartorell.org\/entre-tots\/wp-json\/wp\/v2\/posts\/7282\/revisions\/7404"}],"wp:featuredmedia":[{"embeddable":true,"href":"https:\/\/fundaciohospitalariesmartorell.org\/entre-tots\/wp-json\/wp\/v2\/media\/7284"}],"wp:attachment":[{"href":"https:\/\/fundaciohospitalariesmartorell.org\/entre-tots\/wp-json\/wp\/v2\/media?parent=7282"}],"wp:term":[{"taxonomy":"category","embeddable":true,"href":"https:\/\/fundaciohospitalariesmartorell.org\/entre-tots\/wp-json\/wp\/v2\/categories?post=7282"},{"taxonomy":"post_tag","embeddable":true,"href":"https:\/\/fundaciohospitalariesmartorell.org\/entre-tots\/wp-json\/wp\/v2\/tags?post=7282"}],"curies":[{"name":"wp","href":"https:\/\/api.w.org\/{rel}","templated":true}]}}