{"id":7287,"date":"2023-10-28T20:42:17","date_gmt":"2023-10-28T18:42:17","guid":{"rendered":"https:\/\/hospitalsagratcormartorell.org\/entre-tots\/?p=7287"},"modified":"2023-10-31T10:42:09","modified_gmt":"2023-10-31T08:42:09","slug":"celebrem-el-dia-mundial-de-la-salut-mental-amb-activitats-per-professionals-i-persones-usuaries","status":"publish","type":"post","link":"https:\/\/fundaciohospitalariesmartorell.org\/entre-tots\/2023\/10\/celebrem-el-dia-mundial-de-la-salut-mental-amb-activitats-per-professionals-i-persones-usuaries\/","title":{"rendered":"Celebrem el Dia Mundial de la Salut Mental amb activitats per a professionals i persones usu\u00e0ries"},"content":{"rendered":"<figure class=\"wp-block-post-featured-image\"><img loading=\"lazy\" decoding=\"async\" width=\"2560\" height=\"1127\" src=\"https:\/\/fundaciohospitalariesmartorell.org\/entre-tots\/wp-content\/uploads\/2023\/10\/Captura-de-pantalla-2023-10-28-a-les-20.36.33-scaled.jpg\" class=\"attachment-post-thumbnail size-post-thumbnail wp-post-image\" alt=\"\" style=\"object-fit:cover;\" srcset=\"https:\/\/fundaciohospitalariesmartorell.org\/entre-tots\/wp-content\/uploads\/2023\/10\/Captura-de-pantalla-2023-10-28-a-les-20.36.33-scaled.jpg 2560w, https:\/\/fundaciohospitalariesmartorell.org\/entre-tots\/wp-content\/uploads\/2023\/10\/Captura-de-pantalla-2023-10-28-a-les-20.36.33-300x132.jpg 300w, https:\/\/fundaciohospitalariesmartorell.org\/entre-tots\/wp-content\/uploads\/2023\/10\/Captura-de-pantalla-2023-10-28-a-les-20.36.33-1024x451.jpg 1024w, https:\/\/fundaciohospitalariesmartorell.org\/entre-tots\/wp-content\/uploads\/2023\/10\/Captura-de-pantalla-2023-10-28-a-les-20.36.33-768x338.jpg 768w, https:\/\/fundaciohospitalariesmartorell.org\/entre-tots\/wp-content\/uploads\/2023\/10\/Captura-de-pantalla-2023-10-28-a-les-20.36.33-1536x676.jpg 1536w, https:\/\/fundaciohospitalariesmartorell.org\/entre-tots\/wp-content\/uploads\/2023\/10\/Captura-de-pantalla-2023-10-28-a-les-20.36.33-2048x902.jpg 2048w, https:\/\/fundaciohospitalariesmartorell.org\/entre-tots\/wp-content\/uploads\/2023\/10\/Captura-de-pantalla-2023-10-28-a-les-20.36.33-1320x581.jpg 1320w\" sizes=\"auto, (max-width: 2560px) 100vw, 2560px\" \/><\/figure>\n\n\n<p>El 10 d&#8217;octubre va tenir lloc el Dia Mundial de la Salut Mental. Tot i que tradicionalment ha estat un tema envoltat d&#8217;estigmes, cada any es fan passes significatives per enderrocar aquests murs i crear un ambient d&#8217;acceptaci\u00f3 i de suport, i aquesta celebraci\u00f3 \u00e9s d&#8217;aquells moments clau en qu\u00e8 el focus es col\u00b7loca plenament en la import\u00e0ncia de cuidar-nos la ment igual que ens cuidem el cos. Un any m\u00e9s, l&#8217;Hospital Sagrat Cor ha organitzat tot un seguit d&#8217;activitats per sensibilitzar la comunitat i proporcionar eines crucials a aquelles persones que busquen suport.<\/p>\n\n\n\n<figure class=\"wp-block-image alignleft size-large is-resized\"><img loading=\"lazy\" decoding=\"async\" width=\"1024\" height=\"768\" src=\"https:\/\/hospitalsagratcormartorell.org\/entre-tots\/wp-content\/uploads\/2023\/10\/IMG-8952-1024x768.jpg\" alt=\"\" class=\"wp-image-7290\" style=\"width:300px\" srcset=\"https:\/\/fundaciohospitalariesmartorell.org\/entre-tots\/wp-content\/uploads\/2023\/10\/IMG-8952-1024x768.jpg 1024w, https:\/\/fundaciohospitalariesmartorell.org\/entre-tots\/wp-content\/uploads\/2023\/10\/IMG-8952-300x225.jpg 300w, https:\/\/fundaciohospitalariesmartorell.org\/entre-tots\/wp-content\/uploads\/2023\/10\/IMG-8952-768x576.jpg 768w, https:\/\/fundaciohospitalariesmartorell.org\/entre-tots\/wp-content\/uploads\/2023\/10\/IMG-8952-1536x1152.jpg 1536w, https:\/\/fundaciohospitalariesmartorell.org\/entre-tots\/wp-content\/uploads\/2023\/10\/IMG-8952-2048x1536.jpg 2048w, https:\/\/fundaciohospitalariesmartorell.org\/entre-tots\/wp-content\/uploads\/2023\/10\/IMG-8952-1320x990.jpg 1320w\" sizes=\"auto, (max-width: 1024px) 100vw, 1024px\" \/><\/figure>\n\n\n\n<p>Per exemple, la comissi\u00f3 del Cuida\u2019t X Cuidar, el projecte d\u2019empresa saludable del Centre, va realitzar una sessi\u00f3 formativa lligada a la dimensi\u00f3 espai BENestar, concretament un taller sobre Lemniscata, que va tenir lloc el 19 d&#8217;octubre i que es va impartir a l\u2019hospital de Martorell. Karen Corral va ser l&#8217;encarregada de dur a terme aquesta activitat, que tenia com a objectiu ajudar a prendre consci\u00e8ncia de la capacitat creadora de l&#8217;\u00e9sser hum\u00e0 i aprendre a aconseguir un desenvolupament de totes les seves dimensions des de l&#8217;equilibri dels nostres sistemes. A l&#8217;activitat hi van participar onze professionals que, despr\u00e9s d&#8217;una hora de teoria, van fer exercicis pr\u00e0ctics en qu\u00e8 van poder aplicar una t\u00e8cnica d&#8217;atenci\u00f3 centrada en el cos.<\/p>\n\n\n\n<figure class=\"wp-block-image alignright size-large is-resized\"><img loading=\"lazy\" decoding=\"async\" width=\"1024\" height=\"768\" src=\"https:\/\/hospitalsagratcormartorell.org\/entre-tots\/wp-content\/uploads\/2023\/10\/ccfc87f1-66e0-4bba-bd0d-066853470946-1024x768.jpeg\" alt=\"\" class=\"wp-image-7291\" style=\"aspect-ratio:1.3333333333333333;width:324px;height:auto\" srcset=\"https:\/\/fundaciohospitalariesmartorell.org\/entre-tots\/wp-content\/uploads\/2023\/10\/ccfc87f1-66e0-4bba-bd0d-066853470946-1024x768.jpeg 1024w, https:\/\/fundaciohospitalariesmartorell.org\/entre-tots\/wp-content\/uploads\/2023\/10\/ccfc87f1-66e0-4bba-bd0d-066853470946-300x225.jpeg 300w, https:\/\/fundaciohospitalariesmartorell.org\/entre-tots\/wp-content\/uploads\/2023\/10\/ccfc87f1-66e0-4bba-bd0d-066853470946-768x576.jpeg 768w, https:\/\/fundaciohospitalariesmartorell.org\/entre-tots\/wp-content\/uploads\/2023\/10\/ccfc87f1-66e0-4bba-bd0d-066853470946-1536x1152.jpeg 1536w, https:\/\/fundaciohospitalariesmartorell.org\/entre-tots\/wp-content\/uploads\/2023\/10\/ccfc87f1-66e0-4bba-bd0d-066853470946-1320x990.jpeg 1320w, https:\/\/fundaciohospitalariesmartorell.org\/entre-tots\/wp-content\/uploads\/2023\/10\/ccfc87f1-66e0-4bba-bd0d-066853470946.jpeg 2040w\" sizes=\"auto, (max-width: 1024px) 100vw, 1024px\" \/><\/figure>\n\n\n\n<p>Pr\u00e8viament, als equipaments comunitaris tamb\u00e9 s&#8217;havien realitzat diferents activitats centrades en la sensibilitzaci\u00f3 sobre la import\u00e0ncia de la salut mental. La primera, el 6 d&#8217;octubre, amb la celebraci\u00f3 del quart concurs literari \u201cLes Paraules Parlen per Tu\u201d, organitzat pel Servei de Salut Mental de l&#8217;Alt Pened\u00e8s, gestionat per l\u2019Hospital Sagrat Cor, i que va superar totes les expectatives amb un nou r\u00e8cord de participaci\u00f3. Podeu trobar m\u00e9s informaci\u00f3 sobre aquest esdeveniment <a href=\"https:\/\/hospitalsagratcormartorell.org\/es-consolida-el-iv-concurs-literari-en-salut-mental-les-paraules-parlen-per-tu-amb-un-nou-record-de-participacio\/\">aqu\u00ed<\/a>.<\/p>\n\n\n\n<p>Per commemorar el Dia Mundial de la Salut Mental, el 10 d&#8217;octubre, els serveis comunitaris del Bergued\u00e0 van fer diverses activitats amb un \u00e8xit notable de participaci\u00f3. Es va organitzar una marxa pels voltants de la serra de Noet durant el mat\u00ed; a la tarda va tenir lloc una xerrada a c\u00e0rrec del <em>coach<\/em> Pere Casas i es va inaugurar l&#8217;exposici\u00f3 \u201cA mi em cuida\u2026\u201d. Tamb\u00e9 podeu trobar m\u00e9s informaci\u00f3 de totes aquestes activitats <a href=\"mailto:https:\/\/hospitalsagratcormartorell.org\/exit-de-participacio-als-actes-del-dia-mundial-de-la-salut-mental-al-bergueda\/\">aqu\u00ed<\/a>.<\/p>\n\n\n\n<figure class=\"wp-block-gallery has-nested-images columns-default is-cropped wp-block-gallery-1 is-layout-flex wp-block-gallery-is-layout-flex\">\n<figure class=\"wp-block-image size-large\"><img loading=\"lazy\" decoding=\"async\" width=\"768\" height=\"1024\" data-id=\"7292\" src=\"https:\/\/hospitalsagratcormartorell.org\/entre-tots\/wp-content\/uploads\/2023\/10\/Foto-5-768x1024.png\" alt=\"\" class=\"wp-image-7292\" srcset=\"https:\/\/fundaciohospitalariesmartorell.org\/entre-tots\/wp-content\/uploads\/2023\/10\/Foto-5-768x1024.png 768w, https:\/\/fundaciohospitalariesmartorell.org\/entre-tots\/wp-content\/uploads\/2023\/10\/Foto-5-225x300.png 225w, https:\/\/fundaciohospitalariesmartorell.org\/entre-tots\/wp-content\/uploads\/2023\/10\/Foto-5-1152x1536.png 1152w, https:\/\/fundaciohospitalariesmartorell.org\/entre-tots\/wp-content\/uploads\/2023\/10\/Foto-5.png 1200w\" sizes=\"auto, (max-width: 768px) 100vw, 768px\" \/><\/figure>\n\n\n\n<figure class=\"wp-block-image size-large\"><img loading=\"lazy\" decoding=\"async\" width=\"328\" height=\"409\" data-id=\"7293\" src=\"https:\/\/hospitalsagratcormartorell.org\/entre-tots\/wp-content\/uploads\/2023\/10\/Captura-de-pantalla-2023-10-12-a-las-10.37.48.png\" alt=\"\" class=\"wp-image-7293\" srcset=\"https:\/\/fundaciohospitalariesmartorell.org\/entre-tots\/wp-content\/uploads\/2023\/10\/Captura-de-pantalla-2023-10-12-a-las-10.37.48.png 328w, https:\/\/fundaciohospitalariesmartorell.org\/entre-tots\/wp-content\/uploads\/2023\/10\/Captura-de-pantalla-2023-10-12-a-las-10.37.48-241x300.png 241w\" sizes=\"auto, (max-width: 328px) 100vw, 328px\" \/><\/figure>\n<\/figure>\n\n\n\n<p>Finalment, els serveis comunitaris del Garraf van participar en l&#8217;elaboraci\u00f3 i la lectura del manifest per la salut mental de Vilanova i la Geltr\u00fa, que va tenir lloc durant el mat\u00ed del 10 d&#8217;octubre. Va ser la primera vegada que es va participar en aquesta activitat, en la qual tamb\u00e9 van prendre part altres entitats de la Taula de Salut Mental del Garraf, aix\u00ed com diversos alumnes del col\u00b7legi Divina Provid\u00e8ncia. Per a m\u00e9s informaci\u00f3 sobre aquesta lectura, podeu accedir <a href=\"mailto:https:\/\/hospitalsagratcormartorell.org\/participem-en-lelaboracio-i-lectura-del-manifest-per-la-salut-mental-de-vilanova-i-la-geltru\/\">aqu\u00ed<\/a>.<\/p>\n","protected":false},"excerpt":{"rendered":"<p>El 10 d&#8217;octubre va tenir lloc el Dia Mundial de la Salut Mental. Tot i que tradicionalment ha estat un tema envoltat d&#8217;estigmes, cada any es fan passes significatives per enderrocar aquests murs i crear un ambient d&#8217;acceptaci\u00f3 i de suport, i aquesta celebraci\u00f3 \u00e9s d&#8217;aquells moments clau en qu\u00e8 el focus es col\u00b7loca plenament [&hellip;]<\/p>\n","protected":false},"author":2,"featured_media":7289,"comment_status":"closed","ping_status":"closed","sticky":false,"template":"","format":"standard","meta":{"footnotes":""},"categories":[27],"tags":[],"class_list":["post-7287","post","type-post","status-publish","format-standard","has-post-thumbnail","hentry","category-actualitat"],"blocksy_meta":{"styles_descriptor":{"styles":{"desktop":"","tablet":"","mobile":""},"google_fonts":[],"version":6}},"featured_image_urls_v2":{"full":["https:\/\/fundaciohospitalariesmartorell.org\/entre-tots\/wp-content\/uploads\/2023\/10\/Captura-de-pantalla-2023-10-28-a-les-20.36.33-scaled.jpg",2560,1127,false],"thumbnail":["https:\/\/fundaciohospitalariesmartorell.org\/entre-tots\/wp-content\/uploads\/2023\/10\/Captura-de-pantalla-2023-10-28-a-les-20.36.33-150x150.jpg",150,150,true],"medium":["https:\/\/fundaciohospitalariesmartorell.org\/entre-tots\/wp-content\/uploads\/2023\/10\/Captura-de-pantalla-2023-10-28-a-les-20.36.33-300x132.jpg",300,132,true],"medium_large":["https:\/\/fundaciohospitalariesmartorell.org\/entre-tots\/wp-content\/uploads\/2023\/10\/Captura-de-pantalla-2023-10-28-a-les-20.36.33-768x338.jpg",768,338,true],"large":["https:\/\/fundaciohospitalariesmartorell.org\/entre-tots\/wp-content\/uploads\/2023\/10\/Captura-de-pantalla-2023-10-28-a-les-20.36.33-1024x451.jpg",1024,451,true],"1536x1536":["https:\/\/fundaciohospitalariesmartorell.org\/entre-tots\/wp-content\/uploads\/2023\/10\/Captura-de-pantalla-2023-10-28-a-les-20.36.33-1536x676.jpg",1536,676,true],"2048x2048":["https:\/\/fundaciohospitalariesmartorell.org\/entre-tots\/wp-content\/uploads\/2023\/10\/Captura-de-pantalla-2023-10-28-a-les-20.36.33-2048x902.jpg",2048,902,true],"mailpoet_newsletter_max":["https:\/\/fundaciohospitalariesmartorell.org\/entre-tots\/wp-content\/uploads\/2023\/10\/Captura-de-pantalla-2023-10-28-a-les-20.36.33-1320x581.jpg",1320,581,true]},"post_excerpt_stackable_v2":"<p>El 10 d&#8217;octubre va tenir lloc el Dia Mundial de la Salut Mental. Tot i que tradicionalment ha estat un tema envoltat d&#8217;estigmes, cada any es fan passes significatives per enderrocar aquests murs i crear un ambient d&#8217;acceptaci\u00f3 i de suport, i aquesta celebraci\u00f3 \u00e9s d&#8217;aquells moments clau en qu\u00e8 el focus es col\u00b7loca plenament en la import\u00e0ncia de cuidar-nos la ment igual que ens cuidem el cos. Un any m\u00e9s, l&#8217;Hospital Sagrat Cor ha organitzat tot un seguit d&#8217;activitats per sensibilitzar la comunitat i proporcionar eines crucials a aquelles persones que busquen suport. Per exemple, la comissi\u00f3 del Cuida\u2019t&hellip;<\/p>\n","category_list_v2":"<a href=\"https:\/\/fundaciohospitalariesmartorell.org\/entre-tots\/category\/actualitat\/\" rel=\"category tag\">ACTUALITAT<\/a>","author_info_v2":{"name":"Sagrat Cor","url":"https:\/\/fundaciohospitalariesmartorell.org\/entre-tots\/author\/daniel\/"},"comments_num_v2":"0 comments","_links":{"self":[{"href":"https:\/\/fundaciohospitalariesmartorell.org\/entre-tots\/wp-json\/wp\/v2\/posts\/7287","targetHints":{"allow":["GET"]}}],"collection":[{"href":"https:\/\/fundaciohospitalariesmartorell.org\/entre-tots\/wp-json\/wp\/v2\/posts"}],"about":[{"href":"https:\/\/fundaciohospitalariesmartorell.org\/entre-tots\/wp-json\/wp\/v2\/types\/post"}],"author":[{"embeddable":true,"href":"https:\/\/fundaciohospitalariesmartorell.org\/entre-tots\/wp-json\/wp\/v2\/users\/2"}],"replies":[{"embeddable":true,"href":"https:\/\/fundaciohospitalariesmartorell.org\/entre-tots\/wp-json\/wp\/v2\/comments?post=7287"}],"version-history":[{"count":7,"href":"https:\/\/fundaciohospitalariesmartorell.org\/entre-tots\/wp-json\/wp\/v2\/posts\/7287\/revisions"}],"predecessor-version":[{"id":7402,"href":"https:\/\/fundaciohospitalariesmartorell.org\/entre-tots\/wp-json\/wp\/v2\/posts\/7287\/revisions\/7402"}],"wp:featuredmedia":[{"embeddable":true,"href":"https:\/\/fundaciohospitalariesmartorell.org\/entre-tots\/wp-json\/wp\/v2\/media\/7289"}],"wp:attachment":[{"href":"https:\/\/fundaciohospitalariesmartorell.org\/entre-tots\/wp-json\/wp\/v2\/media?parent=7287"}],"wp:term":[{"taxonomy":"category","embeddable":true,"href":"https:\/\/fundaciohospitalariesmartorell.org\/entre-tots\/wp-json\/wp\/v2\/categories?post=7287"},{"taxonomy":"post_tag","embeddable":true,"href":"https:\/\/fundaciohospitalariesmartorell.org\/entre-tots\/wp-json\/wp\/v2\/tags?post=7287"}],"curies":[{"name":"wp","href":"https:\/\/api.w.org\/{rel}","templated":true}]}}