{"id":7356,"date":"2023-10-30T14:45:08","date_gmt":"2023-10-30T12:45:08","guid":{"rendered":"https:\/\/hospitalsagratcormartorell.org\/entre-tots\/?p=7356"},"modified":"2023-10-30T14:45:09","modified_gmt":"2023-10-30T12:45:09","slug":"el-quart-concurs-literari-sobre-salut-mental-les-paraules-parlen-per-tu-obte-un-nou-record-de-participacio","status":"publish","type":"post","link":"https:\/\/fundaciohospitalariesmartorell.org\/entre-tots\/2023\/10\/el-quart-concurs-literari-sobre-salut-mental-les-paraules-parlen-per-tu-obte-un-nou-record-de-participacio\/","title":{"rendered":"El quart concurs literari sobre salut mental &#8216;Les Paraules Parlen per Tu&#8217; obt\u00e9 un nou r\u00e8cord de participaci\u00f3"},"content":{"rendered":"\n<p>Amb motiu del Dia Mundial de la Salut Mental 2023, el Servei de Salut Mental de l&#8217;Alt Pened\u00e8s, gestionat per l&#8217;Hospital Sagrat Cor de Germanes Hospital\u00e0ries, va celebrar el quart concurs literari en salut mental \u2018Les Paraules Parlen per Tu\u2019, que ha superat les expectatives assolint un nou r\u00e8cord de participaci\u00f3. Ho expliquen a <em>Diari M\u00e9s<\/em>.<\/p>\n\n\n\n<p><a href=\"https:\/\/www.diarimes.com\/noticies\/penedes\/2023\/10\/08\/es_consolida_quart_concurs_literari_salut_mental_les_paraules_parlen_per_amb_nou_record_participacio_145049_3058.html\">https:\/\/www.diarimes.com\/noticies\/penedes\/2023\/10\/08\/es_consolida_quart_concurs_literari_salut_mental_les_paraules_parlen_per_amb_nou_record_participacio_145049_3058.html<\/a><\/p>\n\n\n\n<figure class=\"wp-block-image size-full\"><img loading=\"lazy\" decoding=\"async\" width=\"938\" height=\"579\" src=\"https:\/\/hospitalsagratcormartorell.org\/entre-tots\/wp-content\/uploads\/2023\/10\/Captura-de-pantalla-2023-10-30-a-las-9.58.53.png\" alt=\"\" class=\"wp-image-7349\" srcset=\"https:\/\/fundaciohospitalariesmartorell.org\/entre-tots\/wp-content\/uploads\/2023\/10\/Captura-de-pantalla-2023-10-30-a-las-9.58.53.png 938w, https:\/\/fundaciohospitalariesmartorell.org\/entre-tots\/wp-content\/uploads\/2023\/10\/Captura-de-pantalla-2023-10-30-a-las-9.58.53-300x185.png 300w, https:\/\/fundaciohospitalariesmartorell.org\/entre-tots\/wp-content\/uploads\/2023\/10\/Captura-de-pantalla-2023-10-30-a-las-9.58.53-768x474.png 768w\" sizes=\"auto, (max-width: 938px) 100vw, 938px\" \/><\/figure>\n","protected":false},"excerpt":{"rendered":"<p>Amb motiu del Dia Mundial de la Salut Mental 2023, el Servei de Salut Mental de l&#8217;Alt Pened\u00e8s, gestionat per l&#8217;Hospital Sagrat Cor de Germanes Hospital\u00e0ries, va celebrar el quart concurs literari en salut mental \u2018Les Paraules Parlen per Tu\u2019, que ha superat les expectatives assolint un nou r\u00e8cord de participaci\u00f3. Ho expliquen a Diari [&hellip;]<\/p>\n","protected":false},"author":2,"featured_media":7350,"comment_status":"closed","ping_status":"closed","sticky":false,"template":"","format":"standard","meta":{"footnotes":""},"categories":[44],"tags":[],"class_list":["post-7356","post","type-post","status-publish","format-standard","has-post-thumbnail","hentry","category-entre-noticies"],"blocksy_meta":{"styles_descriptor":{"styles":{"desktop":"","tablet":"","mobile":""},"google_fonts":[],"version":6}},"featured_image_urls_v2":{"full":["https:\/\/fundaciohospitalariesmartorell.org\/entre-tots\/wp-content\/uploads\/2023\/10\/Captura-de-pantalla-2023-10-30-a-las-9.55.15.png",829,465,false],"thumbnail":["https:\/\/fundaciohospitalariesmartorell.org\/entre-tots\/wp-content\/uploads\/2023\/10\/Captura-de-pantalla-2023-10-30-a-las-9.55.15-150x150.png",150,150,true],"medium":["https:\/\/fundaciohospitalariesmartorell.org\/entre-tots\/wp-content\/uploads\/2023\/10\/Captura-de-pantalla-2023-10-30-a-las-9.55.15-300x168.png",300,168,true],"medium_large":["https:\/\/fundaciohospitalariesmartorell.org\/entre-tots\/wp-content\/uploads\/2023\/10\/Captura-de-pantalla-2023-10-30-a-las-9.55.15-768x431.png",768,431,true],"large":["https:\/\/fundaciohospitalariesmartorell.org\/entre-tots\/wp-content\/uploads\/2023\/10\/Captura-de-pantalla-2023-10-30-a-las-9.55.15.png",829,465,false],"1536x1536":["https:\/\/fundaciohospitalariesmartorell.org\/entre-tots\/wp-content\/uploads\/2023\/10\/Captura-de-pantalla-2023-10-30-a-las-9.55.15.png",829,465,false],"2048x2048":["https:\/\/fundaciohospitalariesmartorell.org\/entre-tots\/wp-content\/uploads\/2023\/10\/Captura-de-pantalla-2023-10-30-a-las-9.55.15.png",829,465,false],"mailpoet_newsletter_max":["https:\/\/fundaciohospitalariesmartorell.org\/entre-tots\/wp-content\/uploads\/2023\/10\/Captura-de-pantalla-2023-10-30-a-las-9.55.15.png",829,465,false]},"post_excerpt_stackable_v2":"<p>Amb motiu del Dia Mundial de la Salut Mental 2023, el Servei de Salut Mental de l&#8217;Alt Pened\u00e8s, gestionat per l&#8217;Hospital Sagrat Cor de Germanes Hospital\u00e0ries, va celebrar el quart concurs literari en salut mental \u2018Les Paraules Parlen per Tu\u2019, que ha superat les expectatives assolint un nou r\u00e8cord de participaci\u00f3. Ho expliquen a Diari M\u00e9s. https:\/\/www.diarimes.com\/noticies\/penedes\/2023\/10\/08\/es_consolida_quart_concurs_literari_salut_mental_les_paraules_parlen_per_amb_nou_record_participacio_145049_3058.html<\/p>\n","category_list_v2":"<a href=\"https:\/\/fundaciohospitalariesmartorell.org\/entre-tots\/category\/entre-noticies\/\" rel=\"category tag\">ENTRE NOT\u00cdCIES<\/a>","author_info_v2":{"name":"Sagrat Cor","url":"https:\/\/fundaciohospitalariesmartorell.org\/entre-tots\/author\/daniel\/"},"comments_num_v2":"0 comments","_links":{"self":[{"href":"https:\/\/fundaciohospitalariesmartorell.org\/entre-tots\/wp-json\/wp\/v2\/posts\/7356","targetHints":{"allow":["GET"]}}],"collection":[{"href":"https:\/\/fundaciohospitalariesmartorell.org\/entre-tots\/wp-json\/wp\/v2\/posts"}],"about":[{"href":"https:\/\/fundaciohospitalariesmartorell.org\/entre-tots\/wp-json\/wp\/v2\/types\/post"}],"author":[{"embeddable":true,"href":"https:\/\/fundaciohospitalariesmartorell.org\/entre-tots\/wp-json\/wp\/v2\/users\/2"}],"replies":[{"embeddable":true,"href":"https:\/\/fundaciohospitalariesmartorell.org\/entre-tots\/wp-json\/wp\/v2\/comments?post=7356"}],"version-history":[{"count":2,"href":"https:\/\/fundaciohospitalariesmartorell.org\/entre-tots\/wp-json\/wp\/v2\/posts\/7356\/revisions"}],"predecessor-version":[{"id":7358,"href":"https:\/\/fundaciohospitalariesmartorell.org\/entre-tots\/wp-json\/wp\/v2\/posts\/7356\/revisions\/7358"}],"wp:featuredmedia":[{"embeddable":true,"href":"https:\/\/fundaciohospitalariesmartorell.org\/entre-tots\/wp-json\/wp\/v2\/media\/7350"}],"wp:attachment":[{"href":"https:\/\/fundaciohospitalariesmartorell.org\/entre-tots\/wp-json\/wp\/v2\/media?parent=7356"}],"wp:term":[{"taxonomy":"category","embeddable":true,"href":"https:\/\/fundaciohospitalariesmartorell.org\/entre-tots\/wp-json\/wp\/v2\/categories?post=7356"},{"taxonomy":"post_tag","embeddable":true,"href":"https:\/\/fundaciohospitalariesmartorell.org\/entre-tots\/wp-json\/wp\/v2\/tags?post=7356"}],"curies":[{"name":"wp","href":"https:\/\/api.w.org\/{rel}","templated":true}]}}