{"id":7359,"date":"2023-10-30T14:48:19","date_gmt":"2023-10-30T12:48:19","guid":{"rendered":"https:\/\/hospitalsagratcormartorell.org\/entre-tots\/?p=7359"},"modified":"2023-12-28T16:57:57","modified_gmt":"2023-12-28T14:57:57","slug":"bergueda-donara-visibilitat-a-la-salut-mental-amb-un-programa-ple-dactivitats-sensibilitzadores","status":"publish","type":"post","link":"https:\/\/fundaciohospitalariesmartorell.org\/entre-tots\/2023\/10\/bergueda-donara-visibilitat-a-la-salut-mental-amb-un-programa-ple-dactivitats-sensibilitzadores\/","title":{"rendered":"Bergued\u00e0 donar\u00e0 visibilitat a la salut mental amb un programa ple d\u2019activitats sensibilitzadores"},"content":{"rendered":"\n<figure class=\"wp-block-image size-large\"><img loading=\"lazy\" decoding=\"async\" width=\"1024\" height=\"431\" src=\"https:\/\/hospitalsagratcormartorell.org\/entre-tots\/wp-content\/uploads\/2023\/10\/Captura-de-pantalla-2023-10-30-a-las-10.01.27-1024x431.png\" alt=\"\" class=\"wp-image-7347\" srcset=\"https:\/\/fundaciohospitalariesmartorell.org\/entre-tots\/wp-content\/uploads\/2023\/10\/Captura-de-pantalla-2023-10-30-a-las-10.01.27-1024x431.png 1024w, https:\/\/fundaciohospitalariesmartorell.org\/entre-tots\/wp-content\/uploads\/2023\/10\/Captura-de-pantalla-2023-10-30-a-las-10.01.27-300x126.png 300w, https:\/\/fundaciohospitalariesmartorell.org\/entre-tots\/wp-content\/uploads\/2023\/10\/Captura-de-pantalla-2023-10-30-a-las-10.01.27-768x323.png 768w, https:\/\/fundaciohospitalariesmartorell.org\/entre-tots\/wp-content\/uploads\/2023\/10\/Captura-de-pantalla-2023-10-30-a-las-10.01.27.png 1262w\" sizes=\"auto, (max-width: 1024px) 100vw, 1024px\" \/><\/figure>\n\n\n\n<p>El Bergued\u00e0 va tornar a fer pinya per commemorar el Dia Mundial de la Salut Mental sota el lema \u201cSalut mental, dret hum\u00e0 universal\u201d. L\u2019objectiu de totes les activitats organitzades \u00e9s combatre l\u2019estigmatitzaci\u00f3 a l\u2019entorn els problemes de la salut mental desmentint tota mena de prejudicis i apropant la realitat de la salut mental a la poblaci\u00f3. A <em>Aqu\u00ed Bergued\u00e0<\/em> ho expliquen.<\/p>\n\n\n\n<figure class=\"wp-block-embed is-type-wp-embed is-provider-aqu-bergued wp-block-embed-aqu-bergued\"><div class=\"wp-block-embed__wrapper\">\n<blockquote class=\"wp-embedded-content\" data-secret=\"FUEhO852B6\"><a href=\"https:\/\/www.aquibergueda.cat\/2023\/10\/03\/el-bergueda-donara-visibilitat-a-la-salut-mental-amb-un-programa-ple-dactivitats-sensibilitzadores\/\">El Bergued\u00e0 donar\u00e0 visibilitat a la salut mental amb un programa ple d&#8217;activitats sensibilitzadores<\/a><\/blockquote><iframe loading=\"lazy\" class=\"wp-embedded-content\" sandbox=\"allow-scripts\" security=\"restricted\" style=\"position: absolute; clip: rect(1px, 1px, 1px, 1px);\" title=\"&#8220;El Bergued\u00e0 donar\u00e0 visibilitat a la salut mental amb un programa ple d&#8217;activitats sensibilitzadores&#8221; &#8212; Aqu\u00ed Bergued\u00e0\" src=\"https:\/\/www.aquibergueda.cat\/2023\/10\/03\/el-bergueda-donara-visibilitat-a-la-salut-mental-amb-un-programa-ple-dactivitats-sensibilitzadores\/embed\/#?secret=FUEhO852B6\" data-secret=\"FUEhO852B6\" width=\"600\" height=\"338\" frameborder=\"0\" marginwidth=\"0\" marginheight=\"0\" scrolling=\"no\"><\/iframe>\n<\/div><\/figure>\n","protected":false},"excerpt":{"rendered":"<p>El Bergued\u00e0 va tornar a fer pinya per commemorar el Dia Mundial de la Salut Mental sota el lema \u201cSalut mental, dret hum\u00e0 universal\u201d. L\u2019objectiu de totes les activitats organitzades \u00e9s combatre l\u2019estigmatitzaci\u00f3 a l\u2019entorn els problemes de la salut mental desmentint tota mena de prejudicis i apropant la realitat de la salut mental a [&hellip;]<\/p>\n","protected":false},"author":2,"featured_media":0,"comment_status":"closed","ping_status":"closed","sticky":false,"template":"","format":"standard","meta":{"footnotes":""},"categories":[44],"tags":[],"class_list":["post-7359","post","type-post","status-publish","format-standard","hentry","category-entre-noticies"],"blocksy_meta":{"styles_descriptor":{"styles":{"desktop":"","tablet":"","mobile":""},"google_fonts":[],"version":6}},"featured_image_urls_v2":{"full":"","thumbnail":"","medium":"","medium_large":"","large":"","1536x1536":"","2048x2048":"","mailpoet_newsletter_max":""},"post_excerpt_stackable_v2":"<p>El Bergued\u00e0 va tornar a fer pinya per commemorar el Dia Mundial de la Salut Mental sota el lema \u201cSalut mental, dret hum\u00e0 universal\u201d. L\u2019objectiu de totes les activitats organitzades \u00e9s combatre l\u2019estigmatitzaci\u00f3 a l\u2019entorn els problemes de la salut mental desmentint tota mena de prejudicis i apropant la realitat de la salut mental a la poblaci\u00f3. A Aqu\u00ed Bergued\u00e0 ho expliquen. El Bergued\u00e0 donar\u00e0 visibilitat a la salut mental amb un programa ple d&#8217;activitats sensibilitzadores<\/p>\n","category_list_v2":"<a href=\"https:\/\/fundaciohospitalariesmartorell.org\/entre-tots\/category\/entre-noticies\/\" rel=\"category tag\">ENTRE NOT\u00cdCIES<\/a>","author_info_v2":{"name":"Sagrat Cor","url":"https:\/\/fundaciohospitalariesmartorell.org\/entre-tots\/author\/daniel\/"},"comments_num_v2":"0 comments","_links":{"self":[{"href":"https:\/\/fundaciohospitalariesmartorell.org\/entre-tots\/wp-json\/wp\/v2\/posts\/7359","targetHints":{"allow":["GET"]}}],"collection":[{"href":"https:\/\/fundaciohospitalariesmartorell.org\/entre-tots\/wp-json\/wp\/v2\/posts"}],"about":[{"href":"https:\/\/fundaciohospitalariesmartorell.org\/entre-tots\/wp-json\/wp\/v2\/types\/post"}],"author":[{"embeddable":true,"href":"https:\/\/fundaciohospitalariesmartorell.org\/entre-tots\/wp-json\/wp\/v2\/users\/2"}],"replies":[{"embeddable":true,"href":"https:\/\/fundaciohospitalariesmartorell.org\/entre-tots\/wp-json\/wp\/v2\/comments?post=7359"}],"version-history":[{"count":3,"href":"https:\/\/fundaciohospitalariesmartorell.org\/entre-tots\/wp-json\/wp\/v2\/posts\/7359\/revisions"}],"predecessor-version":[{"id":7830,"href":"https:\/\/fundaciohospitalariesmartorell.org\/entre-tots\/wp-json\/wp\/v2\/posts\/7359\/revisions\/7830"}],"wp:attachment":[{"href":"https:\/\/fundaciohospitalariesmartorell.org\/entre-tots\/wp-json\/wp\/v2\/media?parent=7359"}],"wp:term":[{"taxonomy":"category","embeddable":true,"href":"https:\/\/fundaciohospitalariesmartorell.org\/entre-tots\/wp-json\/wp\/v2\/categories?post=7359"},{"taxonomy":"post_tag","embeddable":true,"href":"https:\/\/fundaciohospitalariesmartorell.org\/entre-tots\/wp-json\/wp\/v2\/tags?post=7359"}],"curies":[{"name":"wp","href":"https:\/\/api.w.org\/{rel}","templated":true}]}}