{"id":7362,"date":"2023-10-30T14:56:22","date_gmt":"2023-10-30T12:56:22","guid":{"rendered":"https:\/\/hospitalsagratcormartorell.org\/entre-tots\/?p=7362"},"modified":"2023-12-28T16:56:46","modified_gmt":"2023-12-28T14:56:46","slug":"germanes-hospitalaries-llancen-una-nova-campanya-per-conscienciar-sobre-la-importancia-de-la-salut-mental","status":"publish","type":"post","link":"https:\/\/fundaciohospitalariesmartorell.org\/entre-tots\/2023\/10\/germanes-hospitalaries-llancen-una-nova-campanya-per-conscienciar-sobre-la-importancia-de-la-salut-mental\/","title":{"rendered":"Germanes Hospital\u00e0ries llancen una nova campanya per conscienciar sobre la import\u00e0ncia de la salut mental"},"content":{"rendered":"\n<figure class=\"wp-block-image size-large\"><img loading=\"lazy\" decoding=\"async\" width=\"1024\" height=\"536\" src=\"https:\/\/hospitalsagratcormartorell.org\/entre-tots\/wp-content\/uploads\/2023\/10\/Captura-de-pantalla-2023-10-30-a-las-10.02.52-1024x536.png\" alt=\"\" class=\"wp-image-7352\" srcset=\"https:\/\/fundaciohospitalariesmartorell.org\/entre-tots\/wp-content\/uploads\/2023\/10\/Captura-de-pantalla-2023-10-30-a-las-10.02.52-1024x536.png 1024w, https:\/\/fundaciohospitalariesmartorell.org\/entre-tots\/wp-content\/uploads\/2023\/10\/Captura-de-pantalla-2023-10-30-a-las-10.02.52-300x157.png 300w, https:\/\/fundaciohospitalariesmartorell.org\/entre-tots\/wp-content\/uploads\/2023\/10\/Captura-de-pantalla-2023-10-30-a-las-10.02.52-768x402.png 768w, https:\/\/fundaciohospitalariesmartorell.org\/entre-tots\/wp-content\/uploads\/2023\/10\/Captura-de-pantalla-2023-10-30-a-las-10.02.52.png 1079w\" sizes=\"auto, (max-width: 1024px) 100vw, 1024px\" \/><\/figure>\n\n\n\n<p>Al mitj\u00e0 <em>Religi\u00f3 Digital<\/em> van explicar la campanya de les Germanes Hospital\u00e0ries per conscienciar sobre la import\u00e0ncia de la salut mental: \u2018Tens una cita amb la salut mental\u2019. Entre les activitats d&#8217;aquesta campanya hi va haver una confer\u00e8ncia internacional a c\u00e0rrec de Roger Ballesc\u00e0, coordinador de l&#8217;\u00c0rea de Salut Mental Infantojuvenil de l&#8217;Hospital Sagrat Cor.<\/p>\n\n\n\n<p><a href=\"https:\/\/www.religiondigital.org\/vida-religiosa\/Hermanas-Hospitalarias-campana-concientizar-importancia_0_2604339564.html\">https:\/\/www.religiondigital.org\/vida-religiosa\/Hermanas-Hospitalarias-campana-concientizar-importancia_0_2604339564.html<\/a><\/p>\n","protected":false},"excerpt":{"rendered":"<p>Al mitj\u00e0 Religi\u00f3 Digital van explicar la campanya de les Germanes Hospital\u00e0ries per conscienciar sobre la import\u00e0ncia de la salut mental: \u2018Tens una cita amb la salut mental\u2019. Entre les activitats d&#8217;aquesta campanya hi va haver una confer\u00e8ncia internacional a c\u00e0rrec de Roger Ballesc\u00e0, coordinador de l&#8217;\u00c0rea de Salut Mental Infantojuvenil de l&#8217;Hospital Sagrat Cor. [&hellip;]<\/p>\n","protected":false},"author":2,"featured_media":0,"comment_status":"closed","ping_status":"closed","sticky":false,"template":"","format":"standard","meta":{"footnotes":""},"categories":[44],"tags":[],"class_list":["post-7362","post","type-post","status-publish","format-standard","hentry","category-entre-noticies"],"blocksy_meta":{"styles_descriptor":{"styles":{"desktop":"","tablet":"","mobile":""},"google_fonts":[],"version":6}},"featured_image_urls_v2":{"full":"","thumbnail":"","medium":"","medium_large":"","large":"","1536x1536":"","2048x2048":"","mailpoet_newsletter_max":""},"post_excerpt_stackable_v2":"<p>Al mitj\u00e0 Religi\u00f3 Digital van explicar la campanya de les Germanes Hospital\u00e0ries per conscienciar sobre la import\u00e0ncia de la salut mental: \u2018Tens una cita amb la salut mental\u2019. Entre les activitats d&#8217;aquesta campanya hi va haver una confer\u00e8ncia internacional a c\u00e0rrec de Roger Ballesc\u00e0, coordinador de l&#8217;\u00c0rea de Salut Mental Infantojuvenil de l&#8217;Hospital Sagrat Cor. https:\/\/www.religiondigital.org\/vida-religiosa\/Hermanas-Hospitalarias-campana-concientizar-importancia_0_2604339564.html<\/p>\n","category_list_v2":"<a href=\"https:\/\/fundaciohospitalariesmartorell.org\/entre-tots\/category\/entre-noticies\/\" rel=\"category tag\">ENTRE NOT\u00cdCIES<\/a>","author_info_v2":{"name":"Sagrat Cor","url":"https:\/\/fundaciohospitalariesmartorell.org\/entre-tots\/author\/daniel\/"},"comments_num_v2":"0 comments","_links":{"self":[{"href":"https:\/\/fundaciohospitalariesmartorell.org\/entre-tots\/wp-json\/wp\/v2\/posts\/7362","targetHints":{"allow":["GET"]}}],"collection":[{"href":"https:\/\/fundaciohospitalariesmartorell.org\/entre-tots\/wp-json\/wp\/v2\/posts"}],"about":[{"href":"https:\/\/fundaciohospitalariesmartorell.org\/entre-tots\/wp-json\/wp\/v2\/types\/post"}],"author":[{"embeddable":true,"href":"https:\/\/fundaciohospitalariesmartorell.org\/entre-tots\/wp-json\/wp\/v2\/users\/2"}],"replies":[{"embeddable":true,"href":"https:\/\/fundaciohospitalariesmartorell.org\/entre-tots\/wp-json\/wp\/v2\/comments?post=7362"}],"version-history":[{"count":2,"href":"https:\/\/fundaciohospitalariesmartorell.org\/entre-tots\/wp-json\/wp\/v2\/posts\/7362\/revisions"}],"predecessor-version":[{"id":7364,"href":"https:\/\/fundaciohospitalariesmartorell.org\/entre-tots\/wp-json\/wp\/v2\/posts\/7362\/revisions\/7364"}],"wp:attachment":[{"href":"https:\/\/fundaciohospitalariesmartorell.org\/entre-tots\/wp-json\/wp\/v2\/media?parent=7362"}],"wp:term":[{"taxonomy":"category","embeddable":true,"href":"https:\/\/fundaciohospitalariesmartorell.org\/entre-tots\/wp-json\/wp\/v2\/categories?post=7362"},{"taxonomy":"post_tag","embeddable":true,"href":"https:\/\/fundaciohospitalariesmartorell.org\/entre-tots\/wp-json\/wp\/v2\/tags?post=7362"}],"curies":[{"name":"wp","href":"https:\/\/api.w.org\/{rel}","templated":true}]}}