{"id":7366,"date":"2023-10-30T14:57:53","date_gmt":"2023-10-30T12:57:53","guid":{"rendered":"https:\/\/hospitalsagratcormartorell.org\/entre-tots\/?p=7366"},"modified":"2023-12-28T16:56:14","modified_gmt":"2023-12-28T14:56:14","slug":"el-doctor-manel-sanchez-a-la-bbc","status":"publish","type":"post","link":"https:\/\/fundaciohospitalariesmartorell.org\/entre-tots\/2023\/10\/el-doctor-manel-sanchez-a-la-bbc\/","title":{"rendered":"El doctor Manel S\u00e1nchez a la BBC"},"content":{"rendered":"\n<figure class=\"wp-block-image size-full\"><img loading=\"lazy\" decoding=\"async\" width=\"692\" height=\"594\" src=\"https:\/\/hospitalsagratcormartorell.org\/entre-tots\/wp-content\/uploads\/2023\/10\/Captura-de-pantalla-2023-10-30-a-las-10.05.13.png\" alt=\"\" class=\"wp-image-7348\" srcset=\"https:\/\/fundaciohospitalariesmartorell.org\/entre-tots\/wp-content\/uploads\/2023\/10\/Captura-de-pantalla-2023-10-30-a-las-10.05.13.png 692w, https:\/\/fundaciohospitalariesmartorell.org\/entre-tots\/wp-content\/uploads\/2023\/10\/Captura-de-pantalla-2023-10-30-a-las-10.05.13-300x258.png 300w\" sizes=\"auto, (max-width: 692px) 100vw, 692px\" \/><\/figure>\n\n\n\n<p>Des de l&#8217;Hospital Sagrat Cor ens fem ress\u00f2 de la not\u00edcia apareguda a la&nbsp;BBC on entrevisten en Manel S\u00e1nchez, el nostre subdirector m\u00e8dic i president de la Sociedad Espa\u00f1ola de Psicogeriatr\u00eda.&nbsp;<\/p>\n\n\n\n<p><a href=\"https:\/\/www.bbc.com\/mundo\/articles\/c1dkz8pgnmmo\">https:\/\/www.bbc.com\/mundo\/articles\/c1dkz8pgnmmo<\/a><\/p>\n","protected":false},"excerpt":{"rendered":"<p>Des de l&#8217;Hospital Sagrat Cor ens fem ress\u00f2 de la not\u00edcia apareguda a la&nbsp;BBC on entrevisten en Manel S\u00e1nchez, el nostre subdirector m\u00e8dic i president de la Sociedad Espa\u00f1ola de Psicogeriatr\u00eda.&nbsp; https:\/\/www.bbc.com\/mundo\/articles\/c1dkz8pgnmmo<\/p>\n","protected":false},"author":2,"featured_media":0,"comment_status":"closed","ping_status":"closed","sticky":false,"template":"","format":"standard","meta":{"footnotes":""},"categories":[44],"tags":[],"class_list":["post-7366","post","type-post","status-publish","format-standard","hentry","category-entre-noticies"],"blocksy_meta":{"styles_descriptor":{"styles":{"desktop":"","tablet":"","mobile":""},"google_fonts":[],"version":6}},"featured_image_urls_v2":{"full":"","thumbnail":"","medium":"","medium_large":"","large":"","1536x1536":"","2048x2048":"","mailpoet_newsletter_max":""},"post_excerpt_stackable_v2":"<p>Des de l&#8217;Hospital Sagrat Cor ens fem ress\u00f2 de la not\u00edcia apareguda a la&nbsp;BBC on entrevisten en Manel S\u00e1nchez, el nostre subdirector m\u00e8dic i president de la Sociedad Espa\u00f1ola de Psicogeriatr\u00eda.&nbsp; https:\/\/www.bbc.com\/mundo\/articles\/c1dkz8pgnmmo<\/p>\n","category_list_v2":"<a href=\"https:\/\/fundaciohospitalariesmartorell.org\/entre-tots\/category\/entre-noticies\/\" rel=\"category tag\">ENTRE NOT\u00cdCIES<\/a>","author_info_v2":{"name":"Sagrat Cor","url":"https:\/\/fundaciohospitalariesmartorell.org\/entre-tots\/author\/daniel\/"},"comments_num_v2":"0 comments","_links":{"self":[{"href":"https:\/\/fundaciohospitalariesmartorell.org\/entre-tots\/wp-json\/wp\/v2\/posts\/7366","targetHints":{"allow":["GET"]}}],"collection":[{"href":"https:\/\/fundaciohospitalariesmartorell.org\/entre-tots\/wp-json\/wp\/v2\/posts"}],"about":[{"href":"https:\/\/fundaciohospitalariesmartorell.org\/entre-tots\/wp-json\/wp\/v2\/types\/post"}],"author":[{"embeddable":true,"href":"https:\/\/fundaciohospitalariesmartorell.org\/entre-tots\/wp-json\/wp\/v2\/users\/2"}],"replies":[{"embeddable":true,"href":"https:\/\/fundaciohospitalariesmartorell.org\/entre-tots\/wp-json\/wp\/v2\/comments?post=7366"}],"version-history":[{"count":2,"href":"https:\/\/fundaciohospitalariesmartorell.org\/entre-tots\/wp-json\/wp\/v2\/posts\/7366\/revisions"}],"predecessor-version":[{"id":7368,"href":"https:\/\/fundaciohospitalariesmartorell.org\/entre-tots\/wp-json\/wp\/v2\/posts\/7366\/revisions\/7368"}],"wp:attachment":[{"href":"https:\/\/fundaciohospitalariesmartorell.org\/entre-tots\/wp-json\/wp\/v2\/media?parent=7366"}],"wp:term":[{"taxonomy":"category","embeddable":true,"href":"https:\/\/fundaciohospitalariesmartorell.org\/entre-tots\/wp-json\/wp\/v2\/categories?post=7366"},{"taxonomy":"post_tag","embeddable":true,"href":"https:\/\/fundaciohospitalariesmartorell.org\/entre-tots\/wp-json\/wp\/v2\/tags?post=7366"}],"curies":[{"name":"wp","href":"https:\/\/api.w.org\/{rel}","templated":true}]}}