{"id":7374,"date":"2023-10-28T20:29:50","date_gmt":"2023-10-28T18:29:50","guid":{"rendered":"https:\/\/hospitalsagratcormartorell.org\/entre-tots\/?p=7374"},"modified":"2023-10-31T11:20:08","modified_gmt":"2023-10-31T09:20:08","slug":"es-posa-en-marxa-la-unitat-funcional-de-recuperacio-i-projecte-de-vida","status":"publish","type":"post","link":"https:\/\/fundaciohospitalariesmartorell.org\/entre-tots\/2023\/10\/es-posa-en-marxa-la-unitat-funcional-de-recuperacio-i-projecte-de-vida\/","title":{"rendered":"Es posa en marxa la Unitat funcional de recuperaci\u00f3 i projecte de vida"},"content":{"rendered":"<figure class=\"wp-block-post-featured-image\"><img loading=\"lazy\" decoding=\"async\" width=\"2560\" height=\"1760\" src=\"https:\/\/fundaciohospitalariesmartorell.org\/entre-tots\/wp-content\/uploads\/2023\/10\/20231009_132143-scaled.jpg\" class=\"attachment-post-thumbnail size-post-thumbnail wp-post-image\" alt=\"\" style=\"object-fit:cover;\" srcset=\"https:\/\/fundaciohospitalariesmartorell.org\/entre-tots\/wp-content\/uploads\/2023\/10\/20231009_132143-scaled.jpg 2560w, https:\/\/fundaciohospitalariesmartorell.org\/entre-tots\/wp-content\/uploads\/2023\/10\/20231009_132143-300x206.jpg 300w, https:\/\/fundaciohospitalariesmartorell.org\/entre-tots\/wp-content\/uploads\/2023\/10\/20231009_132143-1024x704.jpg 1024w, https:\/\/fundaciohospitalariesmartorell.org\/entre-tots\/wp-content\/uploads\/2023\/10\/20231009_132143-768x528.jpg 768w, https:\/\/fundaciohospitalariesmartorell.org\/entre-tots\/wp-content\/uploads\/2023\/10\/20231009_132143-1536x1056.jpg 1536w, https:\/\/fundaciohospitalariesmartorell.org\/entre-tots\/wp-content\/uploads\/2023\/10\/20231009_132143-2048x1408.jpg 2048w, https:\/\/fundaciohospitalariesmartorell.org\/entre-tots\/wp-content\/uploads\/2023\/10\/20231009_132143-1320x907.jpg 1320w\" sizes=\"auto, (max-width: 2560px) 100vw, 2560px\" \/><\/figure>\n\n\n<p>En el marc del proc\u00e9s de reconversi\u00f3 de les unitats de llarga estada de salut mental impulsat pel Departament de Salut, l\u2019Hospital Sagrat Cor va posar en marxa, el mes de juny, la unitat funcional de recuperaci\u00f3 i projecte de vida, que forma part d\u2019una de les cinc experi\u00e8ncies pilot que s\u2019estan desenvolupant a Catalunya.<\/p>\n\n\n\n<p>Aquest proc\u00e9s implica un canvi de model basat en la potenciaci\u00f3 dels serveis comunitaris per tal d\u2019evitar els ingressos de llarga durada en cinc territoris pilots -un d\u2019ells l\u2019\u00e0rea d\u2019influ\u00e8ncia del CSMA de Martorell- on les persones afectades per un trastorn mental amb condici\u00f3 de complexitat rebin els suports necessaris per poder viure a la comunitat sense necessitat d\u2019ingressar en la llarga estada hospital\u00e0ria.<\/p>\n\n\n\n<p>Aix\u00ed, l\u2019objectiu d\u2019aquestes unitats funcionals de recuperaci\u00f3 i projecte de vida \u00e9s garantir l\u2019autonomia i el projecte de vida independent a la comunitat d\u2019aquest col\u00b7lectiu de pacients.<\/p>\n\n\n\n<h3 class=\"wp-block-heading\"><strong>Abordatge integral a trav\u00e9s de programes transversals i sempre respectant la voluntat del pacient<\/strong><\/h3>\n\n\n\n<p>Tota persona atesa a una unitat funcional comptar\u00e0 un seguit d\u2019intervencions simult\u00e0nies en els diferents programes que configuren la unitat funcional i que es basen en un refor\u00e7 del Pla de Serveis Individualitzats (PSI+), la creaci\u00f3 de l\u2019Espai \u00c0gora i un programa espec\u00edfic de recuperaci\u00f3 funcional d\u2019alta intensitat dels Serveis de Rehabilitaci\u00f3 Comunit\u00e0ria (SRC).<\/p>\n\n\n\n<p>El PSI+ consisteix en dur a terme un tractament assertiu comunitari, \u00e9s a dir,&nbsp; un acompanyament intensiu del pacient des de la comunitat, avaluant les seves necessitats, realitzant un pla de recuperaci\u00f3 individualitat, i proporcionant un tractament integral de salut mental en l\u2019entorn social i natural de les persones, centrat en les seves necessitats i ajustat en la intensitat de forma personalitzada. Aquest programa el duen a terme tres professionals de l\u2019Hospital Sagrat Cor -un educador social, una treballadora social i un infermer- els quals es reuneixen dues vegades per setmana per compartir casos. Aix\u00ed mateix, la unitat funcional de recuperaci\u00f3 i projecte de vida t\u00e9 com a consultor un psiquiatre que estar\u00e0 dedicat, especialment, al PSI+.<\/p>\n\n\n\n<p>\u201cEspai \u00c0gora\u201d s\u2019ent\u00e9n com un espai obert de baixa exig\u00e8ncia, adre\u00e7at a persones usu\u00e0ries sense vinculaci\u00f3 amb els serveis comunitaris i d\u2019utilitzaci\u00f3 flexible, el qual ha de permetre i garantir la possibilitat de treballar les activitats de la vida di\u00e0ria b\u00e0siques (higiene, vestir i alimentaci\u00f3) i instrumentals. L\u2019objectiu final d\u2019aquest espai \u00e9s possibilitar una adher\u00e8ncia i vinculaci\u00f3 progressiva de la persona usu\u00e0ria als serveis de salut mental, als d\u2019atenci\u00f3 prim\u00e0ria i a aquells recursos socials que siguin necessaris per facilitar la seva integraci\u00f3 a la comunitat.<\/p>\n\n\n\n<p>La previsi\u00f3 \u00e9s que l\u2019Espai \u00c0gora de la Unitat funcional liderada per l\u2019Hospital Sagrat Cor s\u2019ubiqui a l\u2019SRC de Martorell i que compti amb els elements necessaris perqu\u00e8 les persones usu\u00e0ries puguin des de prendre un caf\u00e8, fer algun \u00e0pat calent, fins a realitzar la seva higiene personal. A l\u2019espai hi treballaran quatre integradores socials (dues en torn de mat\u00ed i dues de tarda).<\/p>\n\n\n\n<p>El tercer element d\u2019aquestes unitats funcionals \u00e9s el Programa de recuperaci\u00f3 funcional d\u2019alta intensitat, on s\u2019ofereix una atenci\u00f3 individualitzada i un baix nivell d\u2019exig\u00e8ncia de les activitats, adaptades a nivell temporal i d\u2019intensitat a les capacitats de les persones participants, tenint en compte les dificultats que presenten a l\u2019hora de seguir els programes i activitats de l\u2019SRC.<\/p>\n\n\n\n<figure class=\"wp-block-image aligncenter size-full is-resized\"><img loading=\"lazy\" decoding=\"async\" width=\"489\" height=\"195\" src=\"https:\/\/hospitalsagratcormartorell.org\/entre-tots\/wp-content\/uploads\/2023\/10\/Captura-de-pantalla-2023-10-30-a-las-15.22.03.png\" alt=\"\" class=\"wp-image-7377\" style=\"aspect-ratio:2.5076923076923077;object-fit:cover;width:500px\" srcset=\"https:\/\/fundaciohospitalariesmartorell.org\/entre-tots\/wp-content\/uploads\/2023\/10\/Captura-de-pantalla-2023-10-30-a-las-15.22.03.png 489w, https:\/\/fundaciohospitalariesmartorell.org\/entre-tots\/wp-content\/uploads\/2023\/10\/Captura-de-pantalla-2023-10-30-a-las-15.22.03-300x120.png 300w\" sizes=\"auto, (max-width: 489px) 100vw, 489px\" \/><\/figure>\n\n\n\n<p>\u201c\u00c9s essencial que tinguem en compte que ens hem d\u2019ajustar de manera flexible a les intervencions assistencials que requereix la persona en cada moment, des d\u2019una perspectiva multidisciplin\u00e0ria i respectant sempre la seva voluntat, a fi de fomentar el seu proc\u00e9s de recuperaci\u00f3, la reinserci\u00f3 social i la millora de la qualitat de vida\u201d, afirma Carlos M\u00e1rquez, referent responsable de la nova unitat funcional de recuperaci\u00f3 i projecte de vida.<\/p>\n\n\n\n<p>Qualsevol dispositiu territorial, previ acord amb els referents del CSMA de la persona usu\u00e0ria, podr\u00e0 demanar la inclusi\u00f3 de la persona afectada a la unitat funcional. La previsi\u00f3 inicial \u00e9s que la unitat funcional atengui entre 10 i 15 pacients simult\u00e0niament i que el per\u00edode d\u2019intervenci\u00f3 tingui una temporalitat no superior a 2 anys.<\/p>\n\n\n\n<p>Els professionals de l\u2019Hospital Sagrat Cor que participen avui dia en aquest espai multidisciplinari que constitueix la unitat funcional de recuperaci\u00f3 i projecte de vida s\u00f3n el coordinador de la unitat, Carlos M\u00e1rquez (infermeria), Ismael Garc\u00eda (educaci\u00f3 social), Marta Escorig\u00fcela (treball social) i Estefania Cort\u00e9s (integraci\u00f3 social).<\/p>\n\n\n\n<figure class=\"wp-block-image size-large\"><img loading=\"lazy\" decoding=\"async\" width=\"1024\" height=\"780\" src=\"https:\/\/hospitalsagratcormartorell.org\/entre-tots\/wp-content\/uploads\/2023\/10\/WhatsApp-Image-2023-10-31-at-10.00.29-1024x780.jpeg\" alt=\"\" class=\"wp-image-7422\" srcset=\"https:\/\/fundaciohospitalariesmartorell.org\/entre-tots\/wp-content\/uploads\/2023\/10\/WhatsApp-Image-2023-10-31-at-10.00.29-1024x780.jpeg 1024w, https:\/\/fundaciohospitalariesmartorell.org\/entre-tots\/wp-content\/uploads\/2023\/10\/WhatsApp-Image-2023-10-31-at-10.00.29-300x229.jpeg 300w, https:\/\/fundaciohospitalariesmartorell.org\/entre-tots\/wp-content\/uploads\/2023\/10\/WhatsApp-Image-2023-10-31-at-10.00.29-768x585.jpeg 768w, https:\/\/fundaciohospitalariesmartorell.org\/entre-tots\/wp-content\/uploads\/2023\/10\/WhatsApp-Image-2023-10-31-at-10.00.29-1536x1170.jpeg 1536w, https:\/\/fundaciohospitalariesmartorell.org\/entre-tots\/wp-content\/uploads\/2023\/10\/WhatsApp-Image-2023-10-31-at-10.00.29-1320x1005.jpeg 1320w, https:\/\/fundaciohospitalariesmartorell.org\/entre-tots\/wp-content\/uploads\/2023\/10\/WhatsApp-Image-2023-10-31-at-10.00.29.jpeg 1670w\" sizes=\"auto, (max-width: 1024px) 100vw, 1024px\" \/><\/figure>\n","protected":false},"excerpt":{"rendered":"<p>En el marc del proc\u00e9s de reconversi\u00f3 de les unitats de llarga estada de salut mental impulsat pel Departament de Salut, l\u2019Hospital Sagrat Cor va posar en marxa, el mes de juny, la unitat funcional de recuperaci\u00f3 i projecte de vida, que forma part d\u2019una de les cinc experi\u00e8ncies pilot que s\u2019estan desenvolupant a Catalunya. [&hellip;]<\/p>\n","protected":false},"author":2,"featured_media":7376,"comment_status":"closed","ping_status":"closed","sticky":false,"template":"","format":"standard","meta":{"footnotes":""},"categories":[27],"tags":[],"class_list":["post-7374","post","type-post","status-publish","format-standard","has-post-thumbnail","hentry","category-actualitat"],"blocksy_meta":{"styles_descriptor":{"styles":{"desktop":"","tablet":"","mobile":""},"google_fonts":[],"version":6}},"featured_image_urls_v2":{"full":["https:\/\/fundaciohospitalariesmartorell.org\/entre-tots\/wp-content\/uploads\/2023\/10\/20231009_132143-scaled.jpg",2560,1760,false],"thumbnail":["https:\/\/fundaciohospitalariesmartorell.org\/entre-tots\/wp-content\/uploads\/2023\/10\/20231009_132143-150x150.jpg",150,150,true],"medium":["https:\/\/fundaciohospitalariesmartorell.org\/entre-tots\/wp-content\/uploads\/2023\/10\/20231009_132143-300x206.jpg",300,206,true],"medium_large":["https:\/\/fundaciohospitalariesmartorell.org\/entre-tots\/wp-content\/uploads\/2023\/10\/20231009_132143-768x528.jpg",768,528,true],"large":["https:\/\/fundaciohospitalariesmartorell.org\/entre-tots\/wp-content\/uploads\/2023\/10\/20231009_132143-1024x704.jpg",1024,704,true],"1536x1536":["https:\/\/fundaciohospitalariesmartorell.org\/entre-tots\/wp-content\/uploads\/2023\/10\/20231009_132143-1536x1056.jpg",1536,1056,true],"2048x2048":["https:\/\/fundaciohospitalariesmartorell.org\/entre-tots\/wp-content\/uploads\/2023\/10\/20231009_132143-2048x1408.jpg",2048,1408,true],"mailpoet_newsletter_max":["https:\/\/fundaciohospitalariesmartorell.org\/entre-tots\/wp-content\/uploads\/2023\/10\/20231009_132143-1320x907.jpg",1320,907,true]},"post_excerpt_stackable_v2":"<p>En el marc del proc\u00e9s de reconversi\u00f3 de les unitats de llarga estada de salut mental impulsat pel Departament de Salut, l\u2019Hospital Sagrat Cor va posar en marxa, el mes de juny, la unitat funcional de recuperaci\u00f3 i projecte de vida, que forma part d\u2019una de les cinc experi\u00e8ncies pilot que s\u2019estan desenvolupant a Catalunya. Aquest proc\u00e9s implica un canvi de model basat en la potenciaci\u00f3 dels serveis comunitaris per tal d\u2019evitar els ingressos de llarga durada en cinc territoris pilots -un d\u2019ells l\u2019\u00e0rea d\u2019influ\u00e8ncia del CSMA de Martorell- on les persones afectades per un trastorn mental amb condici\u00f3 de&hellip;<\/p>\n","category_list_v2":"<a href=\"https:\/\/fundaciohospitalariesmartorell.org\/entre-tots\/category\/actualitat\/\" rel=\"category tag\">ACTUALITAT<\/a>","author_info_v2":{"name":"Sagrat Cor","url":"https:\/\/fundaciohospitalariesmartorell.org\/entre-tots\/author\/daniel\/"},"comments_num_v2":"0 comments","_links":{"self":[{"href":"https:\/\/fundaciohospitalariesmartorell.org\/entre-tots\/wp-json\/wp\/v2\/posts\/7374","targetHints":{"allow":["GET"]}}],"collection":[{"href":"https:\/\/fundaciohospitalariesmartorell.org\/entre-tots\/wp-json\/wp\/v2\/posts"}],"about":[{"href":"https:\/\/fundaciohospitalariesmartorell.org\/entre-tots\/wp-json\/wp\/v2\/types\/post"}],"author":[{"embeddable":true,"href":"https:\/\/fundaciohospitalariesmartorell.org\/entre-tots\/wp-json\/wp\/v2\/users\/2"}],"replies":[{"embeddable":true,"href":"https:\/\/fundaciohospitalariesmartorell.org\/entre-tots\/wp-json\/wp\/v2\/comments?post=7374"}],"version-history":[{"count":6,"href":"https:\/\/fundaciohospitalariesmartorell.org\/entre-tots\/wp-json\/wp\/v2\/posts\/7374\/revisions"}],"predecessor-version":[{"id":7426,"href":"https:\/\/fundaciohospitalariesmartorell.org\/entre-tots\/wp-json\/wp\/v2\/posts\/7374\/revisions\/7426"}],"wp:featuredmedia":[{"embeddable":true,"href":"https:\/\/fundaciohospitalariesmartorell.org\/entre-tots\/wp-json\/wp\/v2\/media\/7376"}],"wp:attachment":[{"href":"https:\/\/fundaciohospitalariesmartorell.org\/entre-tots\/wp-json\/wp\/v2\/media?parent=7374"}],"wp:term":[{"taxonomy":"category","embeddable":true,"href":"https:\/\/fundaciohospitalariesmartorell.org\/entre-tots\/wp-json\/wp\/v2\/categories?post=7374"},{"taxonomy":"post_tag","embeddable":true,"href":"https:\/\/fundaciohospitalariesmartorell.org\/entre-tots\/wp-json\/wp\/v2\/tags?post=7374"}],"curies":[{"name":"wp","href":"https:\/\/api.w.org\/{rel}","templated":true}]}}